{"id":152221,"date":"2022-03-12T10:35:55","date_gmt":"2022-03-12T07:35:55","guid":{"rendered":"https:\/\/www.enerjigazetesi.ist\/?p=152221"},"modified":"2022-03-12T10:38:50","modified_gmt":"2022-03-12T07:38:50","slug":"kar-firtinasi-etkisini-gosterirken-enerji-nobeti-surduruluyor","status":"publish","type":"post","link":"https:\/\/www.enerjigazetesi.ist\/en\/kar-firtinasi-etkisini-gosterirken-enerji-nobeti-surduruluyor\/","title":{"rendered":"(Turkish) &#8217;Kar F\u0131rt\u0131nas\u0131&#8217; Marmara&#8217;da Etkisini G\u00f6sterirken Enerji N\u00f6beti S\u00fcrd\u00fcr\u00fcl\u00fcyor"},"content":{"rendered":"<p class=\"qtranxs-available-languages-message qtranxs-available-languages-message-en\">Sorry, this entry is only available in <a href=\"https:\/\/www.enerjigazetesi.ist\/tr\/wp-json\/wp\/v2\/posts\/152221\" class=\"qtranxs-available-language-link qtranxs-available-language-link-tr\" title=\"Turkish\">Turkish<\/a>. For the sake of viewer convenience, the content is shown below in the alternative language. You may click the link to switch the active language.<\/p><p><\/p>\n<h2>Marmara b\u00f6lgesinde etkisini hissettiren aybar f\u0131rt\u0131nas\u0131, Bursa\u2019da hayat\u0131 olumsuz etkiledi. Gece saatlerinde ba\u015flayan ve g\u00fcn i\u00e7inde devam eden kar f\u0131rt\u0131nas\u0131, 24 saat i\u00e7inde \u015fehri <img loading=\"lazy\" class=\"alignright wp-image-152223\" src=\"https:\/\/www.enerjigazetesi.ist\/wp-content\/uploads\/2022\/03\/kar-firtinasi-etkisini-gosterirken-enerji-nobeti-surduruluyor-2.jpg\" alt=\"\" width=\"320\" height=\"207\" srcset=\"https:\/\/www.enerjigazetesi.ist\/wp-content\/uploads\/2022\/03\/kar-firtinasi-etkisini-gosterirken-enerji-nobeti-surduruluyor-2.jpg 550w, https:\/\/www.enerjigazetesi.ist\/wp-content\/uploads\/2022\/03\/kar-firtinasi-etkisini-gosterirken-enerji-nobeti-surduruluyor-2-300x194.jpg 300w, https:\/\/www.enerjigazetesi.ist\/wp-content\/uploads\/2022\/03\/kar-firtinasi-etkisini-gosterirken-enerji-nobeti-surduruluyor-2-500x323.jpg 500w, https:\/\/www.enerjigazetesi.ist\/wp-content\/uploads\/2022\/03\/kar-firtinasi-etkisini-gosterirken-enerji-nobeti-surduruluyor-2-77x50.jpg 77w\" sizes=\"(max-width: 320px) 100vw, 320px\" \/>etkisi alt\u0131na ald\u0131. Hava s\u0131cakl\u0131\u011f\u0131n\u0131n eksilerde seyretmesi ve \u015fiddetli f\u0131rt\u0131na, sahada \u00e7al\u0131\u015fanlara da zor anlar ya\u015fatt\u0131.<\/h2>\n<p><strong>Meteoroloji Genel M\u00fcd\u00fcrl\u00fc\u011f\u00fc<\/strong> taraf\u0131ndan yap\u0131lan uyar\u0131yla <strong>acil durum tedbirlerini<\/strong> devreye sokan <strong>UEDA\u015e<\/strong>, <em>enerji s\u00fcreklili\u011fini korumak<\/em> i\u00e7in <strong>n\u00f6beti<\/strong> s\u00fcrd\u00fcr\u00fcyor.<\/p>\n<p><strong>7\/24<\/strong> esas\u0131yla sahada yerini alan<strong> UEDA\u015e ekipleri<\/strong>, gelen<strong> ihbarlara<\/strong> en k\u0131sa s\u00fcrede m\u00fcdahale ederek <strong>abonelere ma\u011fduriyet<\/strong> ya\u015fatm\u0131yor. Ayn\u0131 zamanda b\u00f6lgedeki <strong>elektrik \u015febekesi SCADA sistemi<\/strong> sayesinde online olarak <strong>kontrol<\/strong> ve<strong> kumanda<\/strong> ediliyor.<\/p>","protected":false},"excerpt":{"rendered":"<p>Sorry, this entry is only available in Turkish. For the sake of viewer convenience, the content is shown below in the alternative language. You may click the link to switch the active language. Marmara b\u00f6lgesinde etkisini hissettiren aybar f\u0131rt\u0131nas\u0131, Bursa\u2019da hayat\u0131 olumsuz etkiledi. Gece saatlerinde ba\u015flayan ve g\u00fcn i\u00e7inde devam eden kar f\u0131rt\u0131nas\u0131, 24 saat [&hellip;]<\/p>\n","protected":false},"author":1,"featured_media":152224,"comment_status":"open","ping_status":"open","sticky":false,"template":"","format":"standard","meta":[],"categories":[51,53],"tags":[101662,101661,1565,26353,3956,3736,90847,2227],"views":76,"_links":{"self":[{"href":"https:\/\/www.enerjigazetesi.ist\/en\/wp-json\/wp\/v2\/posts\/152221"}],"collection":[{"href":"https:\/\/www.enerjigazetesi.ist\/en\/wp-json\/wp\/v2\/posts"}],"about":[{"href":"https:\/\/www.enerjigazetesi.ist\/en\/wp-json\/wp\/v2\/types\/post"}],"author":[{"embeddable":true,"href":"https:\/\/www.enerjigazetesi.ist\/en\/wp-json\/wp\/v2\/users\/1"}],"replies":[{"embeddable":true,"href":"https:\/\/www.enerjigazetesi.ist\/en\/wp-json\/wp\/v2\/comments?post=152221"}],"version-history":[{"count":0,"href":"https:\/\/www.enerjigazetesi.ist\/en\/wp-json\/wp\/v2\/posts\/152221\/revisions"}],"wp:featuredmedia":[{"embeddable":true,"href":"https:\/\/www.enerjigazetesi.ist\/en\/wp-json\/wp\/v2\/media\/152224"}],"wp:attachment":[{"href":"https:\/\/www.enerjigazetesi.ist\/en\/wp-json\/wp\/v2\/media?parent=152221"}],"wp:term":[{"taxonomy":"category","embeddable":true,"href":"https:\/\/www.enerjigazetesi.ist\/en\/wp-json\/wp\/v2\/categories?post=152221"},{"taxonomy":"post_tag","embeddable":true,"href":"https:\/\/www.enerjigazetesi.ist\/en\/wp-json\/wp\/v2\/tags?post=152221"}],"curies":[{"name":"wp","href":"https:\/\/api.w.org\/{rel}","templated":true}]}}