{"id":152116,"date":"2022-03-10T13:40:11","date_gmt":"2022-03-10T10:40:11","guid":{"rendered":"https:\/\/www.enerjigazetesi.ist\/?p=152116"},"modified":"2022-03-10T13:40:11","modified_gmt":"2022-03-10T10:40:11","slug":"09-mart-carsamba-aksami-yapilacak-akaryakit-zammi-iptal-edildi","status":"publish","type":"post","link":"https:\/\/www.enerjigazetesi.ist\/en\/09-mart-carsamba-aksami-yapilacak-akaryakit-zammi-iptal-edildi\/","title":{"rendered":"(Turkish) 09 Mart \u00c7ar\u015famba Ak\u015fam\u0131 Yap\u0131lacak Akaryak\u0131t Zamm\u0131 \u0130ptal Edildi"},"content":{"rendered":"<p class=\"qtranxs-available-languages-message qtranxs-available-languages-message-en\">Sorry, this entry is only available in <a href=\"https:\/\/www.enerjigazetesi.ist\/tr\/wp-json\/wp\/v2\/posts\/152116\" class=\"qtranxs-available-language-link qtranxs-available-language-link-tr\" title=\"Turkish\">Turkish<\/a>. For the sake of viewer convenience, the content is shown below in the alternative language. You may click the link to switch the active language.<\/p><p><\/p>\n<h2><img loading=\"lazy\" class=\"alignright wp-image-152118\" src=\"https:\/\/www.enerjigazetesi.ist\/wp-content\/uploads\/2022\/03\/09-mart-carsamba-aksami-yapilacak-akaryakit-zammi-iptal-edildi.jpg\" alt=\"\" width=\"320\" height=\"222\" srcset=\"https:\/\/www.enerjigazetesi.ist\/wp-content\/uploads\/2022\/03\/09-mart-carsamba-aksami-yapilacak-akaryakit-zammi-iptal-edildi.jpg 571w, https:\/\/www.enerjigazetesi.ist\/wp-content\/uploads\/2022\/03\/09-mart-carsamba-aksami-yapilacak-akaryakit-zammi-iptal-edildi-300x208.jpg 300w, https:\/\/www.enerjigazetesi.ist\/wp-content\/uploads\/2022\/03\/09-mart-carsamba-aksami-yapilacak-akaryakit-zammi-iptal-edildi-500x347.jpg 500w, https:\/\/www.enerjigazetesi.ist\/wp-content\/uploads\/2022\/03\/09-mart-carsamba-aksami-yapilacak-akaryakit-zammi-iptal-edildi-72x50.jpg 72w\" sizes=\"(max-width: 320px) 100vw, 320px\" \/>Akaryak\u0131t sekt\u00f6r\u00fcnde 09 Mart \u00c7ar\u015famba ak\u015fam\u0131 devreye girece\u011fi belirtilen fiyat art\u0131\u015flar\u0131 iptal edildi.<\/h2>\n<p><strong>Petrol Sanayi Derne\u011fi (PETDER)<\/strong> yetkilileri yapt\u0131\u011f\u0131 a\u00e7\u0131klamada, <strong>T\u00dcPRA\u015e<\/strong> taraf\u0131ndan hesaplanarak sekt\u00f6re duyurulan <strong>zamlar<\/strong>\u0131n uluslararas\u0131 piyasalardaki \u00fcr\u00fcn fiyatlar\u0131n\u0131n <strong>h\u0131zl\u0131 \u015fekilde gerilemesi<\/strong> nedeni ile durduruldu\u011funu belirtti.<\/p>\n<p>B\u00f6ylece bu gece benzinin litre fiyat\u0131na <strong>79 kuru\u015f<\/strong>, motorinin litre fiyat\u0131na ise <strong>2 lira<\/strong> <strong>25 kuru\u015f<\/strong> olarak yans\u0131t\u0131lacak olan zamlar da iptal edildi.<\/p>","protected":false},"excerpt":{"rendered":"<p>Sorry, this entry is only available in Turkish. For the sake of viewer convenience, the content is shown below in the alternative language. You may click the link to switch the active language. Akaryak\u0131t sekt\u00f6r\u00fcnde 09 Mart \u00c7ar\u015famba ak\u015fam\u0131 devreye girece\u011fi belirtilen fiyat art\u0131\u015flar\u0131 iptal edildi. Petrol Sanayi Derne\u011fi (PETDER) yetkilileri yapt\u0131\u011f\u0131 a\u00e7\u0131klamada, T\u00dcPRA\u015e taraf\u0131ndan [&hellip;]<\/p>\n","protected":false},"author":1,"featured_media":152118,"comment_status":"open","ping_status":"open","sticky":false,"template":"","format":"standard","meta":[],"categories":[53,44],"tags":[101595,6777,19855,79,63640,1000],"views":223,"_links":{"self":[{"href":"https:\/\/www.enerjigazetesi.ist\/en\/wp-json\/wp\/v2\/posts\/152116"}],"collection":[{"href":"https:\/\/www.enerjigazetesi.ist\/en\/wp-json\/wp\/v2\/posts"}],"about":[{"href":"https:\/\/www.enerjigazetesi.ist\/en\/wp-json\/wp\/v2\/types\/post"}],"author":[{"embeddable":true,"href":"https:\/\/www.enerjigazetesi.ist\/en\/wp-json\/wp\/v2\/users\/1"}],"replies":[{"embeddable":true,"href":"https:\/\/www.enerjigazetesi.ist\/en\/wp-json\/wp\/v2\/comments?post=152116"}],"version-history":[{"count":0,"href":"https:\/\/www.enerjigazetesi.ist\/en\/wp-json\/wp\/v2\/posts\/152116\/revisions"}],"wp:featuredmedia":[{"embeddable":true,"href":"https:\/\/www.enerjigazetesi.ist\/en\/wp-json\/wp\/v2\/media\/152118"}],"wp:attachment":[{"href":"https:\/\/www.enerjigazetesi.ist\/en\/wp-json\/wp\/v2\/media?parent=152116"}],"wp:term":[{"taxonomy":"category","embeddable":true,"href":"https:\/\/www.enerjigazetesi.ist\/en\/wp-json\/wp\/v2\/categories?post=152116"},{"taxonomy":"post_tag","embeddable":true,"href":"https:\/\/www.enerjigazetesi.ist\/en\/wp-json\/wp\/v2\/tags?post=152116"}],"curies":[{"name":"wp","href":"https:\/\/api.w.org\/{rel}","templated":true}]}}