{"id":151843,"date":"2022-03-05T17:07:43","date_gmt":"2022-03-05T14:07:43","guid":{"rendered":"https:\/\/www.enerjigazetesi.ist\/?p=151843"},"modified":"2022-03-05T17:07:58","modified_gmt":"2022-03-05T14:07:58","slug":"dogalgaz-da-elektrik-uretim-amacli-tarifeye-yuzde-18-zam-yapildi","status":"publish","type":"post","link":"https:\/\/www.enerjigazetesi.ist\/en\/dogalgaz-da-elektrik-uretim-amacli-tarifeye-yuzde-18-zam-yapildi\/","title":{"rendered":"(Turkish) Do\u011falgaz&#8217;da Elektrik \u00dcretim Ama\u00e7l\u0131 Tarifeye %18 Zam Yap\u0131ld\u0131"},"content":{"rendered":"<p class=\"qtranxs-available-languages-message qtranxs-available-languages-message-en\">Sorry, this entry is only available in <a href=\"https:\/\/www.enerjigazetesi.ist\/tr\/wp-json\/wp\/v2\/posts\/151843\" class=\"qtranxs-available-language-link qtranxs-available-language-link-tr\" title=\"Turkish\">Turkish<\/a>. For the sake of viewer convenience, the content is shown below in the alternative language. You may click the link to switch the active language.<\/p><p><\/p>\n<h2 class=\"has-drop-cap\"><strong>Do\u011falgaz&#8217;da, mart ay\u0131nda mesken ve sanayi aboneleri i\u00e7in ge\u00e7erli tarife sabit kal\u0131rken elektrik \u00fcretim ama\u00e7l\u0131 tarifeye <img loading=\"lazy\" class=\"alignright wp-image-151845\" src=\"https:\/\/www.enerjigazetesi.ist\/wp-content\/uploads\/2022\/03\/dogalgaz-da-elektrik-uretim-amacli-tarifeye-yuzde-18-zam-yapildi.jpg\" alt=\"\" width=\"320\" height=\"242\" srcset=\"https:\/\/www.enerjigazetesi.ist\/wp-content\/uploads\/2022\/03\/dogalgaz-da-elektrik-uretim-amacli-tarifeye-yuzde-18-zam-yapildi.jpg 550w, https:\/\/www.enerjigazetesi.ist\/wp-content\/uploads\/2022\/03\/dogalgaz-da-elektrik-uretim-amacli-tarifeye-yuzde-18-zam-yapildi-300x227.jpg 300w, https:\/\/www.enerjigazetesi.ist\/wp-content\/uploads\/2022\/03\/dogalgaz-da-elektrik-uretim-amacli-tarifeye-yuzde-18-zam-yapildi-500x378.jpg 500w, https:\/\/www.enerjigazetesi.ist\/wp-content\/uploads\/2022\/03\/dogalgaz-da-elektrik-uretim-amacli-tarifeye-yuzde-18-zam-yapildi-66x50.jpg 66w\" sizes=\"(max-width: 320px) 100vw, 320px\" \/>% 18,3 zam yap\u0131ld\u0131.<\/strong><\/h2>\n<p class=\"has-drop-cap\"><strong>Boru Hatlar\u0131 ile Petrol Ta\u015f\u0131ma A.\u015e<\/strong>\u2019nin (BOTA\u015e) web sitesinde mart ay\u0131na ili\u015fkin<strong> tarife tablosu<\/strong> yay\u0131mlan\u0131rken bu kapsamda, <strong>BOTA\u015e<\/strong>\u2019\u0131n konut t\u00fcketicileri i\u00e7in <strong>gaz da\u011f\u0131t\u0131m \u015firketlerine<\/strong> martta uygulayaca\u011f\u0131<strong> sat\u0131\u015f fiyat\u0131<\/strong> sabit kalarak<strong> 1000 metrek\u00fcp<\/strong> do\u011fal gaz i\u00e7in <strong>1860 lira<\/strong> oldu. <strong>Sanayi aboneleri<\/strong>nin tarifesinde de <strong>1000 metrek\u00fcp<\/strong> gaz\u0131n fiyat\u0131 <strong>6.300 lira<\/strong> oldu.<\/p>\n<p><strong>Elektrik \u00fcretim ama\u00e7l\u0131 tarife<\/strong> ise<strong> % 18,3<\/strong> art\u0131\u015fla<strong> 1000 metrek\u00fcp<\/strong> do\u011fal gaz i\u00e7in <strong>7.450 liraya<\/strong> y\u00fckseldi.<\/p>","protected":false},"excerpt":{"rendered":"<p>Sorry, this entry is only available in Turkish. For the sake of viewer convenience, the content is shown below in the alternative language. You may click the link to switch the active language. Do\u011falgaz&#8217;da, mart ay\u0131nda mesken ve sanayi aboneleri i\u00e7in ge\u00e7erli tarife sabit kal\u0131rken elektrik \u00fcretim ama\u00e7l\u0131 tarifeye % 18,3 zam yap\u0131ld\u0131. Boru Hatlar\u0131 [&hellip;]<\/p>\n","protected":false},"author":1,"featured_media":151845,"comment_status":"open","ping_status":"open","sticky":false,"template":"","format":"standard","meta":[],"categories":[46,53],"tags":[12069,531,23219,23716,19,43927,101452,21611,8989],"views":268,"_links":{"self":[{"href":"https:\/\/www.enerjigazetesi.ist\/en\/wp-json\/wp\/v2\/posts\/151843"}],"collection":[{"href":"https:\/\/www.enerjigazetesi.ist\/en\/wp-json\/wp\/v2\/posts"}],"about":[{"href":"https:\/\/www.enerjigazetesi.ist\/en\/wp-json\/wp\/v2\/types\/post"}],"author":[{"embeddable":true,"href":"https:\/\/www.enerjigazetesi.ist\/en\/wp-json\/wp\/v2\/users\/1"}],"replies":[{"embeddable":true,"href":"https:\/\/www.enerjigazetesi.ist\/en\/wp-json\/wp\/v2\/comments?post=151843"}],"version-history":[{"count":0,"href":"https:\/\/www.enerjigazetesi.ist\/en\/wp-json\/wp\/v2\/posts\/151843\/revisions"}],"wp:featuredmedia":[{"embeddable":true,"href":"https:\/\/www.enerjigazetesi.ist\/en\/wp-json\/wp\/v2\/media\/151845"}],"wp:attachment":[{"href":"https:\/\/www.enerjigazetesi.ist\/en\/wp-json\/wp\/v2\/media?parent=151843"}],"wp:term":[{"taxonomy":"category","embeddable":true,"href":"https:\/\/www.enerjigazetesi.ist\/en\/wp-json\/wp\/v2\/categories?post=151843"},{"taxonomy":"post_tag","embeddable":true,"href":"https:\/\/www.enerjigazetesi.ist\/en\/wp-json\/wp\/v2\/tags?post=151843"}],"curies":[{"name":"wp","href":"https:\/\/api.w.org\/{rel}","templated":true}]}}