{"id":15174,"date":"2013-09-10T17:27:50","date_gmt":"2013-09-10T14:27:50","guid":{"rendered":"https:\/\/www.enerjigazetesi.ist\/?p=15174"},"modified":"2013-09-10T17:27:50","modified_gmt":"2013-09-10T14:27:50","slug":"bakan-yildiz-abde-en-ucuz-gazi-alan-ulke-degiliz-ama-en-ucuz-sataniyiz","status":"publish","type":"post","link":"https:\/\/www.enerjigazetesi.ist\/en\/bakan-yildiz-abde-en-ucuz-gazi-alan-ulke-degiliz-ama-en-ucuz-sataniyiz\/","title":{"rendered":"(Turkish) Bakan Y\u0131ld\u0131z: \u2018AB\u2019de En Ucuz Gaz\u0131 Alan \u00dclke De\u011filiz Ama En Ucuz Satan\u0131y\u0131z\u2019"},"content":{"rendered":"<p class=\"qtranxs-available-languages-message qtranxs-available-languages-message-en\">Sorry, this entry is only available in <a href=\"https:\/\/www.enerjigazetesi.ist\/tr\/wp-json\/wp\/v2\/posts\/15174\" class=\"qtranxs-available-language-link qtranxs-available-language-link-tr\" title=\"Turkish\">Turkish<\/a>. For the sake of viewer convenience, the content is shown below in the alternative language. You may click the link to switch the active language.<\/p><p><strong>Enerji Bakan\u0131, \u2018AB\u2019de en ucuz gaz\u0131 alan \u00fclke de\u011filiz ama en ucuz satan\u0131y\u0131z\u2019 dedi. Enerji ve Tabii Kaynaklar Bakan\u0131 Taner Y\u0131ld\u0131z, do\u011falgaza zam yap\u0131l\u0131p yap\u0131lmayaca\u011f\u0131n\u0131n \u015fu an i\u00e7in belli olmad\u0131\u011f\u0131n\u0131 s\u00f6yledi.<\/strong><\/p>\n<p>Di\u011fer bakanlarla g\u00f6r\u00fc\u015f\u00fcld\u00fckten sonra durumun netle\u015fece\u011fini aktaran Y\u0131ld\u0131z, \u201c\u015eimdiden benim bir \u015fey s\u00f6ylemem do\u011fru de\u011fil. Bunu hem hazine ile hem maliye ile beraber g\u00f6r\u00fc\u015f\u00fcp o \u015fekli ile belirliyoruz. O da \u015fu maliyetlerimizin artt\u0131\u011f\u0131 muhakkak biz do\u011falgaz fiyat\u0131n\u0131 28 tane Avrupa Birli\u011fi \u00fcyesi aras\u0131nda en ucuz alan \u00fclke de\u011filiz ama en ucuz satan \u00fclkeyiz.\u201d dedi.<\/p>\n<p>Bakan Y\u0131ld\u0131z, HaberT\u00fcrk televizyonunda kat\u0131ld\u0131\u011f\u0131 programda enerji politikalar\u0131 ve g\u00fcndeme ili\u015fkin de\u011ferlendirmelerde bulundu. Do\u011falgaza zam yap\u0131l\u0131p yap\u0131lmayaca\u011f\u0131 ile ilgili bir soru \u00fczerine fiyatlar\u0131; vatanda\u015f\u0131n, sanayicinin, t\u00fcccar\u0131n lehine dengelemeye ve balans etmeye \u00e7al\u0131\u015ft\u0131klar\u0131n\u0131 vurgulayan Y\u0131ld\u0131z, \u201cKendi i\u00e7imizde o maliyetleri eritmeye \u00e7al\u0131\u015f\u0131yoruz.\u201d ifadesini kulland\u0131. Enerjide yerli ve yenilenebilir enerji kaynaklar\u0131n\u0131n dengelenmesi ve balans edilmesine \u00e7al\u0131\u015ft\u0131klar\u0131n\u0131 aktaran Y\u0131ld\u0131z, \u015f\u00f6yle devam etti: \u201cBak\u0131n, ham petrol\u00fcn varili 115 dolarlar civar\u0131nda. 102-103 dolarlarla ba\u015flad\u0131k nereden bakarsan\u0131z bak\u0131n y\u00fczde 10 d\u00f6viz fiyatlar\u0131nda da benzer hatta daha y\u00fcksek bir art\u0131\u015f oldu.<\/p>\n<p>Biz d\u00f6viz fiyat\u0131yla d\u00f6viz al\u0131p TL ile satan bir yap\u0131day\u0131z. Yani her d\u00f6vizin fiyat\u0131n\u0131 y\u00fckseltmi\u015f olmas\u0131 bizi a\u00e7\u0131k pozisyona daha \u00e7ok sokuyor ve bunun T\u00fcrkiye\u2019ye bir y\u0131ll\u0131k maliyeti bu haliyle devam etse maliyeti 3 milyar dolar civar\u0131ndad\u0131r. Bu ciddi<a href=\"https:\/\/www.enerjigazetesi.ist\/wp-content\/uploads\/2013\/09\/bakan-yildiz-abde-en-ucuz-gazi-alan-ulke-degiliz-ama-en-ucuz-sataniyiz.jpg\"><img loading=\"lazy\" class=\"alignright size-medium wp-image-15175\" title=\"bakan-yildiz-abde-en-ucuz-gazi-alan-ulke-degiliz-ama-en-ucuz-sataniyiz\" src=\"https:\/\/www.enerjigazetesi.ist\/wp-content\/uploads\/2013\/09\/bakan-yildiz-abde-en-ucuz-gazi-alan-ulke-degiliz-ama-en-ucuz-sataniyiz-300x206.jpg\" alt=\"\" width=\"300\" height=\"206\" srcset=\"https:\/\/www.enerjigazetesi.ist\/wp-content\/uploads\/2013\/09\/bakan-yildiz-abde-en-ucuz-gazi-alan-ulke-degiliz-ama-en-ucuz-sataniyiz-300x206.jpg 300w, https:\/\/www.enerjigazetesi.ist\/wp-content\/uploads\/2013\/09\/bakan-yildiz-abde-en-ucuz-gazi-alan-ulke-degiliz-ama-en-ucuz-sataniyiz-72x50.jpg 72w, https:\/\/www.enerjigazetesi.ist\/wp-content\/uploads\/2013\/09\/bakan-yildiz-abde-en-ucuz-gazi-alan-ulke-degiliz-ama-en-ucuz-sataniyiz.jpg 496w\" sizes=\"(max-width: 300px) 100vw, 300px\" \/><\/a> bir rakam, b\u00fcy\u00fck bir rakam. Bunlar\u0131 biz vatanda\u015f\u0131m\u0131z\u0131n lehine, sanayicimizin lehine, t\u00fcccar\u0131m\u0131z\u0131n lehine dengelemeye ve balans etmeye \u00e7al\u0131\u015f\u0131yoruz, kendi i\u00e7imizde o maliyetleri eritmeye \u00e7al\u0131\u015f\u0131yoruz. Ben bu b\u00f6lgesel istikrars\u0131zl\u0131\u011f\u0131n s\u00fcrd\u00fcr\u00fclebilir oldu\u011fu kanaatinde de\u011filim. O y\u00fczdende bu fiyatlar\u0131n s\u00fcrd\u00fcr\u00fclebilir olmad\u0131\u011f\u0131na inan\u0131yorum. Yani \u00f6nemli ve temel bir gerek\u00e7em var.\u201d<\/p>\n<h2>\u201cH\u00fcrm\u00fcz Bo\u011faz\u0131 endi\u015fesi maliyetlerimizi art\u0131r\u0131r\u201d<\/h2>\n<p>Bakan Y\u0131ld\u0131z, M\u0131s\u0131r ve Suriye\u2019de ya\u015fananlar\u0131n maliyetlere etkisiyle ilgili olarak da \u015funlar\u0131 s\u00f6yledi: \u201cB\u00f6lgemizdeki olaylar\u0131n bizim maliyetlerimizle alakal\u0131 olumsuz yans\u0131malar\u0131 muhakkakt\u0131r. Yani hi\u00e7 bir \u015fey olmam\u0131\u015f gibi davranamay\u0131z. \u00c7\u00fcnk\u00fc b\u00f6lgede \u00e7ok \u00f6nemli \u015feyler oluyor. Biliyorsunuz H\u00fcrm\u00fcz bo\u011faz\u0131 ile alakal\u0131 gerekse S\u00fcvey\u015f kanal\u0131 ile alakal\u0131 d\u00fcnya petrol ticaretinin \u00f6nemli bir kesimi burada d\u00f6n\u00fcyor. Yani Suriye\u2019ye kom\u015fu bu b\u00f6lgede bulunan d\u00fcnyan\u0131n en b\u00fcy\u00fck petrol ve do\u011falgaz \u00fcreticisi \u00fclkeler; \u0130ran, Irak, Suudi Arabistan\u2019\u0131 katarsak d\u00fcnyan\u0131n petrol \u00fcretiminin neredeyse yar\u0131s\u0131na kar\u015f\u0131l\u0131k gelen petrol \u00fcretimi bu b\u00f6lgede yap\u0131l\u0131yor.<\/p>\n<p>Bunlar\u0131n ticaretlerinin kesintiye u\u011frayacak olmas\u0131 endi\u015fesi tabi ki maliyetleri artt\u0131r\u0131r. M\u0131s\u0131r\u2019daki 3 Temmuz\u2019daki darbenin T\u00fcrkiye\u2019ye 1 ayl\u0131k faturas\u0131 300 milyon dolar civar\u0131nda.\u201d Bununla birlikte M\u0131s\u0131r\u2019\u0131n ve Suriye\u2019nin ne petrol \u00fcretimi ne de t\u00fcketiminde \u00e7ok dominant, \u00e7ok y\u00fcksek bir etkisi olmad\u0131\u011f\u0131na de\u011finen Y\u0131ld\u0131z, \u015fu de\u011ferlendirmelerde bulundu: \u201cBuna ra\u011fmen fiyatlar\u0131 y\u00fczde 10\u2032lar civar\u0131nda tahrik etti ve y\u00fckseltti. Bu bizim i\u00e7in olumsuz bir durumdur. FED\u2019in (Amerika Merkez Bankas\u0131) yapt\u0131\u011f\u0131 a\u00e7\u0131klamalar d\u00f6viz fiyatlar\u0131nda olumsuz bir sinerji olu\u015fturdu. \u015eu anda dolar 2,04\u2032ler civar\u0131nda. Biz bir 1,87\u2032ler, 1,88\u2032ler civar\u0131ndaki maliyetlerimizle bu i\u015fe ba\u015flad\u0131k.<\/p>\n<p>Yani \u015fu an son y\u00fcr\u00fctt\u00fc\u011f\u00fcm\u00fcz b\u00fct\u00fcn bu Eyl\u00fcl ay\u0131 maliyetlerine bu rakamlarla ba\u015flad\u0131k. Aradaki fark kadar\u2026 103 dolarl\u0131k ham petrol\u00fcn 113, 115 dolarlara \u00e7\u0131kmas\u0131, d\u00f6viz fiyatlar\u0131n\u0131n bu dedi\u011fim rakamlara ula\u015fmas\u0131 her birisi bizi olumsuz etkileyen unsurlard\u0131r. Bunu gerek kamu, gerekse \u00f6zel sekt\u00f6r olarak gerek vatanda\u015f\u0131m\u0131z, gerekse sanayicimiz olarak hep beraber \u00f6d\u00fcyoruz. O y\u00fczden Say\u0131n Ba\u015fbakan\u0131m\u0131z y\u00fcksek sesle bunu s\u00f6yl\u00fcyor. Biz orada hi\u00e7 bir \u015fey olmam\u0131\u015f gibi nas\u0131l davran\u0131r\u0131z? B\u0131rak\u0131n ekonomiyi \u00f6nce insani gerek\u00e7elerle onlar bizim karde\u015flerimiz ve orada bir yang\u0131n var, o a\u00e7\u0131dan bunlar\u0131n olumsuz tesirlerini hep beraber g\u00f6rmek durumunday\u0131z ne yaz\u0131k ki.\u201d<\/p>\n<p>Kaynak: <a href=\"http:\/\/enerjienstitusu.com\/2013\/09\/10\/bakan-yildiz-abde-en-ucuz-gazi-alan-ulke-degiliz-ama-en-ucuz-sataniyiz\/\" target=\"_blank\">Enerji Enstit\u00fcs\u00fc<\/a><\/p>","protected":false},"excerpt":{"rendered":"<p>Sorry, this entry is only available in Turkish. For the sake of viewer convenience, the content is shown below in the alternative language. You may click the link to switch the active language.Enerji Bakan\u0131, \u2018AB\u2019de en ucuz gaz\u0131 alan \u00fclke de\u011filiz ama en ucuz satan\u0131y\u0131z\u2019 dedi. Enerji ve Tabii Kaynaklar Bakan\u0131 Taner Y\u0131ld\u0131z, do\u011falgaza zam [&hellip;]<\/p>\n","protected":false},"author":1,"featured_media":15175,"comment_status":"open","ping_status":"open","sticky":false,"template":"","format":"standard","meta":[],"categories":[46,53],"tags":[710,92,226,656,8479,8478,63,67,1009,1614,165,667],"views":728,"_links":{"self":[{"href":"https:\/\/www.enerjigazetesi.ist\/en\/wp-json\/wp\/v2\/posts\/15174"}],"collection":[{"href":"https:\/\/www.enerjigazetesi.ist\/en\/wp-json\/wp\/v2\/posts"}],"about":[{"href":"https:\/\/www.enerjigazetesi.ist\/en\/wp-json\/wp\/v2\/types\/post"}],"author":[{"embeddable":true,"href":"https:\/\/www.enerjigazetesi.ist\/en\/wp-json\/wp\/v2\/users\/1"}],"replies":[{"embeddable":true,"href":"https:\/\/www.enerjigazetesi.ist\/en\/wp-json\/wp\/v2\/comments?post=15174"}],"version-history":[{"count":2,"href":"https:\/\/www.enerjigazetesi.ist\/en\/wp-json\/wp\/v2\/posts\/15174\/revisions"}],"predecessor-version":[{"id":15177,"href":"https:\/\/www.enerjigazetesi.ist\/en\/wp-json\/wp\/v2\/posts\/15174\/revisions\/15177"}],"wp:featuredmedia":[{"embeddable":true,"href":"https:\/\/www.enerjigazetesi.ist\/en\/wp-json\/wp\/v2\/media\/15175"}],"wp:attachment":[{"href":"https:\/\/www.enerjigazetesi.ist\/en\/wp-json\/wp\/v2\/media?parent=15174"}],"wp:term":[{"taxonomy":"category","embeddable":true,"href":"https:\/\/www.enerjigazetesi.ist\/en\/wp-json\/wp\/v2\/categories?post=15174"},{"taxonomy":"post_tag","embeddable":true,"href":"https:\/\/www.enerjigazetesi.ist\/en\/wp-json\/wp\/v2\/tags?post=15174"}],"curies":[{"name":"wp","href":"https:\/\/api.w.org\/{rel}","templated":true}]}}