{"id":151704,"date":"2022-03-02T13:22:33","date_gmt":"2022-03-02T10:22:33","guid":{"rendered":"https:\/\/www.enerjigazetesi.ist\/?p=151704"},"modified":"2022-03-02T13:44:00","modified_gmt":"2022-03-02T10:44:00","slug":"rengimizbelliolsun-kampanyasi-turkiyeyi-farkindalik-hareketine-cagiriyor","status":"publish","type":"post","link":"https:\/\/www.enerjigazetesi.ist\/en\/rengimizbelliolsun-kampanyasi-turkiyeyi-farkindalik-hareketine-cagiriyor\/","title":{"rendered":"(Turkish) #rengimizbelliolsun Kampanyas\u0131 ile T\u00fcrkiye\u2019de Fark\u0131ndal\u0131k Hareketi!"},"content":{"rendered":"<p class=\"qtranxs-available-languages-message qtranxs-available-languages-message-en\">Sorry, this entry is only available in <a href=\"https:\/\/www.enerjigazetesi.ist\/tr\/wp-json\/wp\/v2\/posts\/151704\" class=\"qtranxs-available-language-link qtranxs-available-language-link-tr\" title=\"Turkish\">Turkish<\/a>. For the sake of viewer convenience, the content is shown below in the alternative language. You may click the link to switch the active language.<\/p><p><\/p>\n<h2><strong>Down sendromuna dair toplumsal fark\u0131ndal\u0131\u011f\u0131 art\u0131rmak ve Down sendromlu bireylerin toplum i\u00e7indeki yerini g\u00fc\u00e7lendirmek i\u00e7in \u00e7al\u0131\u015fan T\u00fcrkiye Down Sendromu Derne\u011fi (Down T\u00fcrkiye), t\u00fcm d\u00fcnyada kutlanan 21 Mart D\u00fcnya Down Sendromu G\u00fcn\u00fc \u00f6zelinde bu y\u0131l 4&#8217;\u00fcnc\u00fcs\u00fcn\u00fc ger\u00e7ekle\u015ftirece\u011fi <\/strong><em><strong>#rengimizbelliolsun<\/strong><\/em><strong> kampanyas\u0131yla t\u00fcm T\u00fcrkiye\u2019yi fark\u0131ndal\u0131k hareketine davet ediyor. Sanat, i\u015f ve cemiyet d\u00fcnyas\u0131n\u0131n \u00f6nemli isimlerinin destekledi\u011fi <\/strong><em><strong>#rengimizbelliolsun<\/strong><\/em><strong> kampanyas\u0131nda, Down sendromlu bireylerin toplumun vazge\u00e7ilmez birer par\u00e7as\u0131 oldu\u011fu renklerle vurgulan\u0131yor. D\u00fcnyay\u0131 rengarenk bir yer haline getirmek i\u00e7in farkl\u0131 renkte \u00e7oraplar\u0131 ellerinize giyip, arkada\u015flar\u0131n\u0131za <\/strong><em><strong>#rengimizbelliolsun\u00a0<\/strong><\/em><strong>hashtagi ile meydan okuyarak siz de bu destek zincirinin bir halkas\u0131 olabilirsiniz.<\/strong><\/h2>\n<p><strong>Down T\u00fcrkiye<\/strong>\u2019nin, <strong>Down sendromlu<\/strong> bireylerde <strong>3<\/strong> adet olan <strong>21. kromozoma<\/strong> atfen t\u00fcm d\u00fcnyada <img loading=\"lazy\" class=\"alignright wp-image-151707\" src=\"https:\/\/www.enerjigazetesi.ist\/wp-content\/uploads\/2022\/03\/rengimizbelliolsun-kampanyasi-turkiyeyi-farkindalik-hareketine-cagiriyor-2.jpg\" alt=\"\" width=\"320\" height=\"214\" srcset=\"https:\/\/www.enerjigazetesi.ist\/wp-content\/uploads\/2022\/03\/rengimizbelliolsun-kampanyasi-turkiyeyi-farkindalik-hareketine-cagiriyor-2.jpg 550w, https:\/\/www.enerjigazetesi.ist\/wp-content\/uploads\/2022\/03\/rengimizbelliolsun-kampanyasi-turkiyeyi-farkindalik-hareketine-cagiriyor-2-300x200.jpg 300w, https:\/\/www.enerjigazetesi.ist\/wp-content\/uploads\/2022\/03\/rengimizbelliolsun-kampanyasi-turkiyeyi-farkindalik-hareketine-cagiriyor-2-500x334.jpg 500w, https:\/\/www.enerjigazetesi.ist\/wp-content\/uploads\/2022\/03\/rengimizbelliolsun-kampanyasi-turkiyeyi-farkindalik-hareketine-cagiriyor-2-75x50.jpg 75w, https:\/\/www.enerjigazetesi.ist\/wp-content\/uploads\/2022\/03\/rengimizbelliolsun-kampanyasi-turkiyeyi-farkindalik-hareketine-cagiriyor-2-450x300.jpg 450w\" sizes=\"(max-width: 320px) 100vw, 320px\" \/><strong>21 Mart\u2019ta<\/strong> kutlanan D\u00fcnya Down Sendromu G\u00fcn\u00fc \u00f6zelinde, d\u00f6rt y\u0131l \u00f6nce ba\u015flatt\u0131\u011f\u0131 <em>#rengimizbelliolsun<\/em> kampanyas\u0131na 2022 y\u0131l\u0131nda da devam edecek. Ge\u00e7ti\u011fimiz y\u0131llarda d\u00fczenlenen kampanyayla milyonlarca ki\u015finin Down sendromuna dair fark\u0131ndal\u0131klar\u0131n\u0131 art\u0131rd\u0131klar\u0131n\u0131 kaydeden <strong>T\u00fcrkiye Down Sendromu Derne\u011fi Y\u00f6netim Kurulu Ba\u015fkan\u0131 G\u00fcn Bilgin<\/strong>,<strong>\u00a0<\/strong><em>\u201cHer y\u0131l etkisini ve \u00e7er\u00e7evesini b\u00fcy\u00fctt\u00fc\u011f\u00fcm\u00fcz, sanat, i\u015f ve cemiyet d\u00fcnyas\u0131n\u0131n \u00f6nemli isimlerini de dahil etti\u011fimiz #rengimizbelliolsun kampanyas\u0131yla Down sendromuna ve Down sendromlu bireylere olan fark\u0131ndal\u0131\u011f\u0131 art\u0131r\u0131yoruz\u201d<\/em> dedi.<\/p>\n<h3><strong>Sanat ve i\u015f d\u00fcnyas\u0131n\u0131n \u00f6nemli isimlerinin destekleriyle fark\u0131ndal\u0131k art\u0131r\u0131lacak<\/strong><\/h3>\n<p>Ge\u00e7en y\u0131l sosyal medyadaki kampanyaya destek veren \u00fcnl\u00fc isimlerin katk\u0131lar\u0131yla milyonlarca ki\u015finin fark\u0131ndal\u0131k hareketine kat\u0131ld\u0131\u011f\u0131n\u0131 belirten\u00a0<strong>Bilgin,<\/strong>\u00a0<em>\u201cKampanyam\u0131zla olu\u015fan fark\u0131ndal\u0131kla Down sendromlu bireyler toplumun i\u00e7erisinde daha aktif yer almaya ba\u015flad\u0131. <strong>21 Mart<\/strong> sadece Down sendromlu <strong>bebekleri, \u00e7ocuklar\u0131<\/strong> ve<strong> yeti\u015fkinleri<\/strong> de\u011fil; kendi \u00f6n yarg\u0131lar\u0131m\u0131z\u0131 da g\u00f6rmemizi ve bu kavray\u0131\u015fla\u00a0<strong>daha kapsay\u0131c\u0131 olabilece\u011fimizi fark etmemizi<\/strong> sa\u011flayacak bir g\u00fcn.\u00a0Bu y\u0131l yine T\u00fcrkiye\u2019nin <strong>i\u015f, sanat<\/strong> ve<strong> cemiyet<\/strong> d\u00fcnyas\u0131n\u0131n \u00f6nemli isimlerinin de verece\u011fi desteklerle Down sendromu fark\u0131ndal\u0131\u011f\u0131n\u0131 art\u0131raca\u011f\u0131z. Hedefimiz t\u00fcm \u00fclkenin bir a\u011f\u0131zdan #rengimizbelliolsun demesini ve Down sendromlu insanlar\u0131n toplumun i\u00e7erisinde daha aktif yer almas\u0131n\u0131 sa\u011flamak\u201d<\/em> \u015feklinde konu\u015ftu.<\/p>\n<h3><strong>\u201cRenkli \u00e7oraplar ve T\u00fcrkiye\u2019nin renkli y\u00fczleriyle \u00fclke genelinde bir challenge zinciri olu\u015fturaca\u011f\u0131z\u201d<\/strong><\/h3>\n<p><em>\u201cDown sendromlu bireylerin toplumda, i\u015f hayat\u0131nda ve ya\u015fam\u0131n her alan\u0131nda var olmas\u0131 i\u00e7in toplumun da bu sendromun ne oldu\u011funu bilmesi, <strong>Down sendromlu bireylerin<\/strong> d\u00fcnyadaki renkler gibi hayat\u0131n vazge\u00e7ilmez bir par\u00e7as\u0131 oldu\u011funu anlamas\u0131 gerek\u201d\u00a0diyen <strong>T\u00fcrkiye Down Sendromu Derne\u011fi Genel Sekreteri Fulya Ekmen,<\/strong> \u201c<strong>#rengimizbelliolsun kampanyam\u0131zla<\/strong> istedi\u011fimiz etkiyi yaratmak i\u00e7in herkesin fark\u0131ndal\u0131k hareketine kat\u0131lmas\u0131n\u0131 istiyoruz. Kampanyam\u0131za kat\u0131lanlardan, <strong>d\u00fcnyay\u0131 rengarenk<\/strong> bir yer haline getirmek i\u00e7in <strong>farkl\u0131 renkte \u00e7oraplar\u0131n\u0131 ellerine giyerek<\/strong> arkada\u015flar\u0131na meydan okumas\u0131n\u0131 bekliyoruz. Renkli \u00e7oraplar ve T\u00fcrkiye\u2019nin renkli y\u00fczleriyle \u00fclke genelinde bir<strong> challenge zinciri<\/strong> olu\u015fturaca\u011f\u0131z. Bu zincirle de Down sendromuna kar\u015f\u0131 olan t\u00fcm \u00f6n yarg\u0131lar\u0131 y\u0131k\u0131p, Down sendromuna sahip olan bireylerin de e\u011fitim, i\u015f, sanat ve hayat\u0131n her alan\u0131nda tek ba\u015flar\u0131na yer alabilece\u011fini vurgulayaca\u011f\u0131z. T\u00fcm halk\u0131m\u0131zdan, sanat ve cemiyet hayat\u0131n\u0131n \u00f6nemli isimlerinden de #<strong>rengimizbelliolsun<\/strong>\u00a0kampanyam\u0131za destek vermelerini bekliyoruz. Fark\u0131ndal\u0131k i\u00e7in bizim rengimiz belli ya sizin?\u201d<\/em> \u015feklinde konu\u015ftu.<\/p>","protected":false},"excerpt":{"rendered":"<p>Sorry, this entry is only available in Turkish. For the sake of viewer convenience, the content is shown below in the alternative language. You may click the link to switch the active language. Down sendromuna dair toplumsal fark\u0131ndal\u0131\u011f\u0131 art\u0131rmak ve Down sendromlu bireylerin toplum i\u00e7indeki yerini g\u00fc\u00e7lendirmek i\u00e7in \u00e7al\u0131\u015fan T\u00fcrkiye Down Sendromu Derne\u011fi (Down T\u00fcrkiye), [&hellip;]<\/p>\n","protected":false},"author":1,"featured_media":151710,"comment_status":"open","ping_status":"open","sticky":false,"template":"","format":"standard","meta":[],"categories":[53],"tags":[101377,101379,101381,101378,101380],"views":93,"_links":{"self":[{"href":"https:\/\/www.enerjigazetesi.ist\/en\/wp-json\/wp\/v2\/posts\/151704"}],"collection":[{"href":"https:\/\/www.enerjigazetesi.ist\/en\/wp-json\/wp\/v2\/posts"}],"about":[{"href":"https:\/\/www.enerjigazetesi.ist\/en\/wp-json\/wp\/v2\/types\/post"}],"author":[{"embeddable":true,"href":"https:\/\/www.enerjigazetesi.ist\/en\/wp-json\/wp\/v2\/users\/1"}],"replies":[{"embeddable":true,"href":"https:\/\/www.enerjigazetesi.ist\/en\/wp-json\/wp\/v2\/comments?post=151704"}],"version-history":[{"count":0,"href":"https:\/\/www.enerjigazetesi.ist\/en\/wp-json\/wp\/v2\/posts\/151704\/revisions"}],"wp:featuredmedia":[{"embeddable":true,"href":"https:\/\/www.enerjigazetesi.ist\/en\/wp-json\/wp\/v2\/media\/151710"}],"wp:attachment":[{"href":"https:\/\/www.enerjigazetesi.ist\/en\/wp-json\/wp\/v2\/media?parent=151704"}],"wp:term":[{"taxonomy":"category","embeddable":true,"href":"https:\/\/www.enerjigazetesi.ist\/en\/wp-json\/wp\/v2\/categories?post=151704"},{"taxonomy":"post_tag","embeddable":true,"href":"https:\/\/www.enerjigazetesi.ist\/en\/wp-json\/wp\/v2\/tags?post=151704"}],"curies":[{"name":"wp","href":"https:\/\/api.w.org\/{rel}","templated":true}]}}