{"id":151663,"date":"2022-03-01T20:22:08","date_gmt":"2022-03-01T17:22:08","guid":{"rendered":"https:\/\/www.enerjigazetesi.ist\/?p=151663"},"modified":"2022-03-01T20:24:10","modified_gmt":"2022-03-01T17:24:10","slug":"elektrikte-yeni-tarife-duzenlemesi-resmi-gazete-de-yayinlandi","status":"publish","type":"post","link":"https:\/\/www.enerjigazetesi.ist\/en\/elektrikte-yeni-tarife-duzenlemesi-resmi-gazete-de-yayinlandi\/","title":{"rendered":"(Turkish) Elektrikte Yeni Tarife D\u00fczenlemesi Resmi Gazete&#8217;de Yay\u0131mland\u0131"},"content":{"rendered":"<p class=\"qtranxs-available-languages-message qtranxs-available-languages-message-en\">Sorry, this entry is only available in <a href=\"https:\/\/www.enerjigazetesi.ist\/tr\/wp-json\/wp\/v2\/posts\/151663\" class=\"qtranxs-available-language-link qtranxs-available-language-link-tr\" title=\"Turkish\">Turkish<\/a>. For the sake of viewer convenience, the content is shown below in the alternative language. You may click the link to switch the active language.<\/p><p><\/p>\n<h2><strong>Meskenler ile tar\u0131msal sulamada kullan\u0131lan elektrikte katma de\u011fer vergisinin (KDV) % 18\u2019den % 8\u2019e indirilmesi ile d\u00fc\u015f\u00fck t\u00fcketim s\u0131n\u0131r\u0131n\u0131n g\u00fcnl\u00fck 8 kWh, ayl\u0131k olarak da 240 kWh\u2019ye y\u00fckseltilmesine ili\u015fkin d\u00fczenlemeler Resmi Gazete\u2019nin 01 Mart 2022 tarihli say\u0131s\u0131nda yay\u0131mland\u0131.<\/strong><\/h2>\n<h3><strong>Meskenler ile tar\u0131msal sulamada kullan\u0131lan elektrikte KDV % 18\u2019den % 8\u2019e indirildi<\/strong><\/h3>\n<p><em>\u201cMal ve Hizmetlere Uygulanacak Katma De\u011fer Vergisi Oranlar\u0131n\u0131n Tespitine \u0130li\u015fkin Kararda De\u011fi\u015fiklik Yap\u0131lmas\u0131na Dair Karar\u201d<\/em> da <strong>Resmi Gazete\u2019de<\/strong> yay\u0131mlanarak y\u00fcr\u00fcrl\u00fc\u011fe girdi. Buna g\u00f6re, meskenler ile<strong> tar\u0131msal sulamada<\/strong> kullan\u0131lan elektri\u011fin <strong>KDV<\/strong>\u2019si <strong>% 18<\/strong>\u2019den<strong> % 8<\/strong>\u2019e d\u00fc\u015f\u00fcr\u00fcld\u00fc.<\/p>\n<h3><strong>EPDK\u2019dan tarife d\u00fczenlemeleri ile ilgili a\u00e7\u0131klama<\/strong><\/h3>\n<h3><strong><img loading=\"lazy\" class=\"alignright wp-image-151666\" src=\"https:\/\/www.enerjigazetesi.ist\/wp-content\/uploads\/2022\/03\/elektrikte-yeni-tarife-duzenlemesi-basladi.jpg\" alt=\"\" width=\"320\" height=\"183\" srcset=\"https:\/\/www.enerjigazetesi.ist\/wp-content\/uploads\/2022\/03\/elektrikte-yeni-tarife-duzenlemesi-basladi.jpg 547w, https:\/\/www.enerjigazetesi.ist\/wp-content\/uploads\/2022\/03\/elektrikte-yeni-tarife-duzenlemesi-basladi-300x172.jpg 300w, https:\/\/www.enerjigazetesi.ist\/wp-content\/uploads\/2022\/03\/elektrikte-yeni-tarife-duzenlemesi-basladi-500x286.jpg 500w, https:\/\/www.enerjigazetesi.ist\/wp-content\/uploads\/2022\/03\/elektrikte-yeni-tarife-duzenlemesi-basladi-80x46.jpg 80w\" sizes=\"(max-width: 320px) 100vw, 320px\" \/><\/strong><\/h3>\n<p><strong>EPDK\u2019<\/strong>den yap\u0131lan yaz\u0131l\u0131 a\u00e7\u0131klamada, elektrik fiyatlar\u0131ndaki tarife d\u00fczenlemesinin <strong>1 Mart 2022<\/strong> itibariyle ge\u00e7erli olaca\u011f\u0131 belirtilerek, <em>\u201c1 Mart 2022 tarihinden itibaren ge\u00e7erli olmak \u00fczere mesken aboneleri i\u00e7in d\u00fc\u015f\u00fck kademe limiti <strong>g\u00fcnl\u00fck 8 Kilowatt (ayl\u0131k 240 Kilowatt)<\/strong> olarak belirlenmi\u015ftir. Bu oran mesken abonelerinin <strong>y\u00fczde 81<\/strong>\u2019ini yani yakla\u015f\u0131k<strong> 32 milyon aboneyi<\/strong> kapsamaktad\u0131r. Yap\u0131lan <strong>y\u00fczde 10<\/strong>\u2019luk <strong>KDV indirimi<\/strong> ile birlikte mesken abonelerinin g\u00fcnl\u00fck<strong> 8 Kilowatt<\/strong>\u2019a kadar olan t\u00fcketim miktarlar\u0131 i\u00e7in nihai fiyat<strong> 1,26 TL\/Kilowatt<\/strong>, g\u00fcnl\u00fck t\u00fcketimlerinin <strong>8 Kilowatt\u0131n \u00fcst\u00fcndeki<\/strong> k\u0131sm\u0131 i\u00e7in ise <strong>1,89 TL\/Kilowatt<\/strong> olarak uygulanacakt\u0131r. D\u00fc\u015f\u00fck kademenin kapsad\u0131\u011f\u0131 t\u00fcketim miktar\u0131n\u0131n art\u0131r\u0131lmas\u0131 ile birlikte <strong>mesken abonelerinin<\/strong> nihai faturas\u0131na<strong> yans\u0131yan indirim<\/strong> oran\u0131<strong> % 14<\/strong> seviyesine ula\u015fabilmektedir. Bir \u00f6rnek ile a\u00e7\u0131klama gerekirse <strong>30 g\u00fcnl\u00fck<\/strong> fatura d\u00f6neminde <strong>240 Kilowatt<\/strong> t\u00fcketimi olan bir mesken abonesi, \u015eubat ay\u0131nda<strong> 350 TL<\/strong> elektrik faturas\u0131 \u00f6demi\u015fken ayn\u0131 t\u00fcketim miktar\u0131 i\u00e7in <strong>Mart<\/strong> ay\u0131nda <strong>302 TL <\/strong>fatura \u00f6deyecektir\u201d<\/em> ifadeleri kaydedildi.<\/p>\n<h3><strong>Elektrikte mesken abone grubunun kapsam\u0131 geni\u015fletildi<\/strong><\/h3>\n<p>Buna g\u00f6re, mesken olarak kullan\u0131lan <strong>m\u00fcstakil binalar, apartmanlar<\/strong> ve <strong>apartmanlar<\/strong> i\u00e7indeki <strong>ba\u011f\u0131ms\u0131z b\u00f6l\u00fcmler, konut kooperatifleri<\/strong> ve<strong> konut siteleri<\/strong> ile bu yerlerin ayr\u0131 <strong>saya\u00e7 ile \u00f6l\u00e7\u00fcmleri<\/strong> yap\u0131lan<strong> kalorifer, asans\u00f6r, hidrofor, merdiven otomati\u011fi, kap\u0131c\u0131 dairesi<\/strong> ve benzeri <strong>ortak kullan\u0131m yerleri, ibadethaneler<\/strong> ile <strong>m\u00fc\u015ftemilat\u0131<\/strong> niteli\u011findeki <strong>lojman<\/strong> ve <strong>benzeri yerleri,<\/strong> <strong>\u0130\u00e7i\u015fleri Bakanl\u0131\u011f\u0131 Afet ve Acil Durum Y\u00f6netimi Ba\u015fkanl\u0131\u011f\u0131 (AFAD)<\/strong> taraf\u0131ndan kurulan ge\u00e7ici bar\u0131nma merkezleri, iktisadi i\u015fletmeleri hari\u00e7 olmak \u00fczere <strong>dernek<\/strong> ve<strong> vak\u0131f merkezleri<\/strong> ile bunlar\u0131n <strong>\u015fubeleri, cemevleri, k\u00f6ylerde i\u00e7me suyu temini<\/strong> ve <strong>da\u011f\u0131t\u0131m\u0131 amac\u0131<\/strong> kullan\u0131lan tesisler <strong>mesken abone grubu<\/strong> kapsam\u0131na al\u0131nd\u0131.<\/p>\n<p>&#8211; Mal ve Hizmetlere Uygulanacak Katma De\u011fer Vergisi Oranlar\u0131n\u0131n Tespitine \u0130li\u015fkin Kararda De\u011fi\u015fiklik Yap\u0131lmas\u0131na Dair Karar (Karar Say\u0131s\u0131: 5249) \u0130\u00e7in <strong><a href=\"https:\/\/www.resmigazete.gov.tr\/eskiler\/2022\/03\/20220301-12.pdf\" target=\"_blank\" rel=\"noopener\">T\u0131klay\u0131n&gt;&gt;&gt;<\/a><\/strong><\/p>\n<p>&#8211; Enerji Piyasas\u0131 D\u00fczenleme Kurulunun 24\/02\/2022 Tarihli ve 10817 Say\u0131l\u0131 Karar\u0131 i\u00e7in <strong><a href=\"https:\/\/www.resmigazete.gov.tr\/eskiler\/2022\/03\/20220301-3.pdf\" target=\"_blank\" rel=\"noopener\">T\u0131klay\u0131n&gt;&gt;&gt;<\/a><\/strong><\/p>\n<p>&#8211; Enerji Piyasas\u0131 D\u00fczenleme Kurulunun 28\/02\/2022 Tarihli ve 10818, 10819, 10820 Say\u0131l\u0131 Kararlar\u0131 i\u00e7in <strong><a href=\"https:\/\/www.resmigazete.gov.tr\/eskiler\/2022\/03\/20220301-10.pdf\" target=\"_blank\" rel=\"noopener\">T\u0131klay\u0131n&gt;&gt;&gt;<\/a><\/strong><\/p>","protected":false},"excerpt":{"rendered":"<p>Sorry, this entry is only available in Turkish. For the sake of viewer convenience, the content is shown below in the alternative language. You may click the link to switch the active language. Meskenler ile tar\u0131msal sulamada kullan\u0131lan elektrikte katma de\u011fer vergisinin (KDV) % 18\u2019den % 8\u2019e indirilmesi ile d\u00fc\u015f\u00fck t\u00fcketim s\u0131n\u0131r\u0131n\u0131n g\u00fcnl\u00fck 8 kWh, [&hellip;]<\/p>\n","protected":false},"author":1,"featured_media":151666,"comment_status":"open","ping_status":"open","sticky":false,"template":"","format":"standard","meta":[],"categories":[51,53],"tags":[343,26353,750,101359,1388,101358,13289],"views":132,"_links":{"self":[{"href":"https:\/\/www.enerjigazetesi.ist\/en\/wp-json\/wp\/v2\/posts\/151663"}],"collection":[{"href":"https:\/\/www.enerjigazetesi.ist\/en\/wp-json\/wp\/v2\/posts"}],"about":[{"href":"https:\/\/www.enerjigazetesi.ist\/en\/wp-json\/wp\/v2\/types\/post"}],"author":[{"embeddable":true,"href":"https:\/\/www.enerjigazetesi.ist\/en\/wp-json\/wp\/v2\/users\/1"}],"replies":[{"embeddable":true,"href":"https:\/\/www.enerjigazetesi.ist\/en\/wp-json\/wp\/v2\/comments?post=151663"}],"version-history":[{"count":0,"href":"https:\/\/www.enerjigazetesi.ist\/en\/wp-json\/wp\/v2\/posts\/151663\/revisions"}],"wp:featuredmedia":[{"embeddable":true,"href":"https:\/\/www.enerjigazetesi.ist\/en\/wp-json\/wp\/v2\/media\/151666"}],"wp:attachment":[{"href":"https:\/\/www.enerjigazetesi.ist\/en\/wp-json\/wp\/v2\/media?parent=151663"}],"wp:term":[{"taxonomy":"category","embeddable":true,"href":"https:\/\/www.enerjigazetesi.ist\/en\/wp-json\/wp\/v2\/categories?post=151663"},{"taxonomy":"post_tag","embeddable":true,"href":"https:\/\/www.enerjigazetesi.ist\/en\/wp-json\/wp\/v2\/tags?post=151663"}],"curies":[{"name":"wp","href":"https:\/\/api.w.org\/{rel}","templated":true}]}}