{"id":151655,"date":"2022-03-01T19:50:44","date_gmt":"2022-03-01T16:50:44","guid":{"rendered":"https:\/\/www.enerjigazetesi.ist\/?p=151655"},"modified":"2022-03-01T19:58:53","modified_gmt":"2022-03-01T16:58:53","slug":"enerji-nin-yogun-gundemi-icci-2022de-belirlenecek","status":"publish","type":"post","link":"https:\/\/www.enerjigazetesi.ist\/en\/enerji-nin-yogun-gundemi-icci-2022de-belirlenecek\/","title":{"rendered":"(Turkish) Uluslararas\u0131 Enerji Sekt\u00f6r\u00fc T\u00fcm Payda\u015flar\u0131yla 16-18 Mart&#8217;ta ICCI 2022&#8217;de!"},"content":{"rendered":"<p class=\"qtranxs-available-languages-message qtranxs-available-languages-message-en\">Sorry, this entry is only available in <a href=\"https:\/\/www.enerjigazetesi.ist\/tr\/wp-json\/wp\/v2\/posts\/151655\" class=\"qtranxs-available-language-link qtranxs-available-language-link-tr\" title=\"Turkish\">Turkish<\/a>. For the sake of viewer convenience, the content is shown below in the alternative language. You may click the link to switch the active language.<\/p><p><\/p>\n<h2><strong>T\u00fcrkiye\u2019nin ve yak\u0131n co\u011frafyan\u0131n en b\u00fcy\u00fck uluslararas\u0131 enerji fuar\u0131 ICCI \u2013 Uluslararas\u0131 Enerji ve \u00c7evre Fuar ve Konferans\u0131, 16-18 Mart 2022 tarihleri aras\u0131nda \u0130stanbul Fuar Merkezi\u2019nde enerjinin devlerini bir araya getirecek. T.C Enerji ve Tabii Kaynaklar Bakanl\u0131\u011f\u0131 ve EPDK\u2019n\u0131n deste\u011fi ile Sekt\u00f6rel Fuarc\u0131l\u0131k ve Kojent\u00fcrk Derne\u011fi taraf\u0131ndan 26.s\u0131 d\u00fczenlenecek fuarda e\u015f zamanl\u0131 olarak ICCI 2022 Konferanslar\u0131 yer alacak. \u00a0ICCI 2022, uluslararas\u0131 yeni yat\u0131r\u0131m ve i\u015f birliklerinin ger\u00e7ekle\u015ftirilece\u011fi \u00f6nemli bir platform olman\u0131n yan\u0131 s\u0131ra, i\u00e7eri\u011finde yer alan bir\u00e7ok etkinlik ile de enerji sekt\u00f6r\u00fcn\u00fcn g\u00fcndemine damga vuracak\u2026<\/strong><\/h2>\n<p>Ana temas\u0131 <strong>\u0130klim De\u011fi\u015fikli\u011fine Duyarl\u0131, S\u00fcrd\u00fcr\u00fclebilir, Verimli Enerji D\u00f6n\u00fc\u015f\u00fcm\u00fc<\/strong> olarak belirlenen <strong>ICCI 2022 Konferanslar\u0131<\/strong>\u2019nda 3 g\u00fcn boyunca 4 salonda 40\u2019a yak\u0131n oturum ger\u00e7ekle\u015ftirilecek. ICCI 2022\u2019ye \u0130talya, Almanya, Danimarka, Finlandiya, \u0130srail, Azerbaycan, \u0130ran, Fas ve Angola\u2019n\u0131n \u00e7e\u015fitli bakanl\u0131klar\u0131, dernekleri ve organizasyonlar\u0131ndan \u00fcst d\u00fczey konuklar kat\u0131lacak.<\/p>\n<h3><strong>ENERJ\u0130DE D\u0130J\u0130TAL\u0130ZASYON VE DO\u011eALGAZDA ARZ G\u00dcVENL\u0130\u011e\u0130 \u00d6NE \u00c7IKIYOR<\/strong><\/h3>\n<h3><strong><img loading=\"lazy\" class=\"alignright wp-image-151657\" src=\"https:\/\/www.enerjigazetesi.ist\/wp-content\/uploads\/2022\/03\/enerji-nin-yogun-gundemi-icci-2022de-belirlenecek-2.jpg\" alt=\"\" width=\"320\" height=\"240\" srcset=\"https:\/\/www.enerjigazetesi.ist\/wp-content\/uploads\/2022\/03\/enerji-nin-yogun-gundemi-icci-2022de-belirlenecek-2.jpg 550w, https:\/\/www.enerjigazetesi.ist\/wp-content\/uploads\/2022\/03\/enerji-nin-yogun-gundemi-icci-2022de-belirlenecek-2-300x225.jpg 300w, https:\/\/www.enerjigazetesi.ist\/wp-content\/uploads\/2022\/03\/enerji-nin-yogun-gundemi-icci-2022de-belirlenecek-2-500x375.jpg 500w, https:\/\/www.enerjigazetesi.ist\/wp-content\/uploads\/2022\/03\/enerji-nin-yogun-gundemi-icci-2022de-belirlenecek-2-67x50.jpg 67w\" sizes=\"(max-width: 320px) 100vw, 320px\" \/><\/strong><\/h3>\n<p>ICCI 2022 konferanslar\u0131, 16 Mart\u2019ta <strong>Elektrik ve Do\u011falgazda Arz G\u00fcvenli\u011fi<\/strong> oturumuyla ba\u015fl\u0131yor. Bu konuyu ge\u00e7en y\u0131l ger\u00e7ekle\u015fen COP26 zirvesiyle birlikte d\u00fcnya g\u00fcndeminde \u00f6nemli bir yer sahibi olan <strong>\u0130klim De\u011fi\u015fikli\u011fi\u2019ne Kar\u015f\u0131 K\u00fcresel \u00c7abalar<\/strong> takip ediyor. Bu paneller haricinde <strong>2050\u2019ye Do\u011fru Enerji Ge\u00e7i\u015f S\u00fcrecinde T\u00fcrkiye\u2019nin Yerli Teknoloji Stratejileri,<\/strong> <strong>Yat\u0131r\u0131mc\u0131lar Oturumu<\/strong>, <strong>Varl\u0131k Y\u00f6netimi ve Optimizasyon<\/strong>, <strong>Enerji\u2019de Dijitalizasyon, M\u00dcS\u0130AD \u201cEnerjide Ak\u0131ll\u0131 \u00dcretim ve T\u00fcketim\u201d, DE\u0130K <\/strong>\u00a0\u201c<strong>K\u00fcresel Pazarlarda Enerji Alan\u0131nda Oyuncu Olmak: Yurtd\u0131\u015f\u0131nda Enerji \u0130\u015f Birlikleri\u201d<\/strong> oturumlar\u0131 ger\u00e7ekle\u015fecek.<\/p>\n<p>Fuar\u0131n ikinci g\u00fcn\u00fc 17 Mart\u2019ta <strong>AB\u2019nin Ye\u015fil Mutabakat\u0131 ve S\u0131n\u0131rda Karbon Vergisi <\/strong>tart\u0131\u015f\u0131lacak. 2015 y\u0131l\u0131nda imzalanan Paris \u0130klim Anla\u015fmas\u0131\u2019ndan sonra Avrupa Komisyonu taraf\u0131ndan 2020\u2019de son halini alan mutabakat, <strong>2050\u2019ye<\/strong> kadar AB\u2019yi <strong>karbon n\u00f6tr yapmay\u0131<\/strong> hedefliyor. T\u00fcrkiye\u2019nin AB ile olan ticaret hacmi d\u00fc\u015f\u00fcn\u00fcld\u00fc\u011f\u00fcnde b\u00fcy\u00fck \u00f6nem ta\u015f\u0131yan s\u00fcre\u00e7 ayn\u0131 zamanda son y\u0131llarda gerileyen <strong>AB-T\u00fcrkiye ili\u015fkilerini<\/strong> yeni bir boyuta ta\u015f\u0131mak i\u00e7in \u00f6nemli bir ad\u0131m niteli\u011fi ta\u015f\u0131yor.<\/p>\n<h3><strong>T\u00dcRK\u0130YE YILLIK 3.4 M\u0130LYON TON YE\u015e\u0130L H\u0130DROJEN POTANS\u0130YEL\u0130NE SAH\u0130P<\/strong><\/h3>\n<p><strong>ICCI Konferanslar\u0131<\/strong>&#8216;n\u0131n <strong>2&#8217;inci g\u00fcn\u00fc<\/strong> olan <strong>17 Mart<\/strong>\u2019ta ger\u00e7ekle\u015fecek<strong> T\u00fcrkiye\u2019de \u201cYE\u015e\u0130L H\u0130DROJEN\u201d <\/strong>oturumu olduk\u00e7a \u00f6nem ta\u015f\u0131yor. Bir\u00e7ok \u00fclkenin belirledi\u011fi <strong>karbonsuzla\u015fma hedefleri<\/strong> g\u00f6z \u00f6n\u00fcnde al\u0131nd\u0131\u011f\u0131nda \u00f6nemli bir enerji \u00fcretim kayna\u011f\u0131 olarak \u00f6ne \u00e7\u0131kan hidrojen, T\u00fcrkiye\u2019de hat\u0131r\u0131 say\u0131l\u0131r bir potansiyele sahip. <strong>SHURA Enerji D\u00f6n\u00fc\u015f\u00fcm\u00fc Merkezi<\/strong>, T\u00fcrkiye\u2019nin 2050\u2019de y\u0131ll\u0131k <strong>3,4 milyon ton<\/strong> <em>ye\u015fil hidrojen \u00fcretme potansiyeline<\/em> sahip oldu\u011funu \u00f6ng\u00f6r\u00fcyor. <strong>17 Mart<\/strong> oturumlar\u0131nda ayr\u0131ca sera gazlar\u0131 \u00fcretimini azaltmaya y\u00f6nelik <strong>Dekarbonizasyon<\/strong> s\u00fcreci g\u00f6zden ge\u00e7irilecek, <strong>Hidrojen \u00dcretim Teknolojileri <\/strong>ve<strong> Biyo Kaynaklardan Enerji \u00dcretimi<\/strong>\u2019nin detaylar\u0131 incelenecek.<\/p>\n<p>Fuar\u0131n son g\u00fcn\u00fcnde ziyaret\u00e7iler<strong> Enerjisini \u00dcreten Kentler, B\u00f6lgesel Enerji, Seralar<\/strong> oturumunda <strong>Cogen Europe <\/strong>ve<strong> Danimarka Enerji Ajans\u0131\u2019ndan<\/strong> uzmanlar\u0131 dinleme f\u0131rsat\u0131 bulacaklar. Ayn\u0131 g\u00fcn i\u00e7erisinde karbon ayak izimizi azaltmak i\u00e7in <strong>Yenilenebilir Enerjide T\u00fcrkiye\u2019nin Yol Haritas\u0131<\/strong> \u00e7izilecek. 18 Mart\u2019ta \u00f6ne \u00e7\u0131kan di\u011fer ba\u015fl\u0131klar aras\u0131nda <strong>Siber G\u00fcvenlik, Uzaktan \u0130zleme Sistemleri<\/strong>, <strong>Hidrojen Ekonomisi, <\/strong>Israilli <strong>Smart Energy Association<\/strong> ve Alman Enerji Ajans\u0131 &#8211; <strong>DENA<\/strong>\u2019n\u0131n oturumlar\u0131 da yer alacak.<\/p>\n<p>ICCI 2022\u2019de Enerji ve Tabi Kaynaklar Bakanl\u0131\u011f\u0131\u2019na ba\u011fl\u0131; <em>E\u00dcA\u015e, TEDA\u015e, TE\u0130A\u015e, TEMSAN ve BOTA\u015e gibi kamu kurumlar\u0131 ile EPDK ve ETKB gibi yasa koyucular, sanayi odalar\u0131 ve organize sanayi b\u00f6lgeleri, sekt\u00f6r\u00fcn \u00f6nde gelen <strong>21 derne\u011fi<\/strong> (B\u0130YODER, B\u0130YOGAZDER, DE\u0130K, Digit4Turkey, D\u00dcRED, ELDER, EMSAD, ENS\u0130A, EP\u0130DER, ETMD, EYODER, GAZB\u0130R, JESDER, KBKB, JED, M\u00dcS\u0130AD, SHURA, TTMD, T\u00dcB\u0130TAK, T\u00dcREB, T\u00dcS\u0130AD)<\/em> ve fuara kat\u0131lan firmalar yer al\u0131yor.<\/p>\n<p><strong>Konferans program\u0131na dair detayl\u0131 bilgi i\u00e7in: <\/strong><a href=\"http:\/\/www.icci.com.tr\" target=\"_blank\" rel=\"noopener\"><strong>www.icci.com.tr<\/strong><\/a><strong> adresini, online kay\u0131t i\u00e7in ise: <a href=\"https:\/\/onlinebilet.tgexpo.com\/tr\/icci\" target=\"_blank\" rel=\"noopener\">https:\/\/onlinebilet.tgexpo.com\/tr\/icci<\/a> linkini ziyaret edebilirsiniz.<\/strong><\/p>\n<p style=\"text-align: center;\"><img loading=\"lazy\" class=\"aligncenter size-full wp-image-151659\" src=\"https:\/\/www.enerjigazetesi.ist\/wp-content\/uploads\/2022\/03\/enerji-nin-yogun-gundemi-icci-2022de-belirlenecek-1.jpg\" alt=\"\" width=\"550\" height=\"524\" srcset=\"https:\/\/www.enerjigazetesi.ist\/wp-content\/uploads\/2022\/03\/enerji-nin-yogun-gundemi-icci-2022de-belirlenecek-1.jpg 550w, https:\/\/www.enerjigazetesi.ist\/wp-content\/uploads\/2022\/03\/enerji-nin-yogun-gundemi-icci-2022de-belirlenecek-1-300x286.jpg 300w, https:\/\/www.enerjigazetesi.ist\/wp-content\/uploads\/2022\/03\/enerji-nin-yogun-gundemi-icci-2022de-belirlenecek-1-420x400.jpg 420w, https:\/\/www.enerjigazetesi.ist\/wp-content\/uploads\/2022\/03\/enerji-nin-yogun-gundemi-icci-2022de-belirlenecek-1-52x50.jpg 52w, https:\/\/www.enerjigazetesi.ist\/wp-content\/uploads\/2022\/03\/enerji-nin-yogun-gundemi-icci-2022de-belirlenecek-1-500x476.jpg 500w\" sizes=\"(max-width: 550px) 100vw, 550px\" \/><\/p>\n<p><\/p>","protected":false},"excerpt":{"rendered":"<p>Sorry, this entry is only available in Turkish. For the sake of viewer convenience, the content is shown below in the alternative language. You may click the link to switch the active language. T\u00fcrkiye\u2019nin ve yak\u0131n co\u011frafyan\u0131n en b\u00fcy\u00fck uluslararas\u0131 enerji fuar\u0131 ICCI \u2013 Uluslararas\u0131 Enerji ve \u00c7evre Fuar ve Konferans\u0131, 16-18 Mart 2022 tarihleri [&hellip;]<\/p>\n","protected":false},"author":1,"featured_media":151657,"comment_status":"open","ping_status":"open","sticky":false,"template":"","format":"standard","meta":[],"categories":[46,51,53,52],"tags":[101356,33545,101354,101357,101353,101355,3671,37672,22125],"views":269,"_links":{"self":[{"href":"https:\/\/www.enerjigazetesi.ist\/en\/wp-json\/wp\/v2\/posts\/151655"}],"collection":[{"href":"https:\/\/www.enerjigazetesi.ist\/en\/wp-json\/wp\/v2\/posts"}],"about":[{"href":"https:\/\/www.enerjigazetesi.ist\/en\/wp-json\/wp\/v2\/types\/post"}],"author":[{"embeddable":true,"href":"https:\/\/www.enerjigazetesi.ist\/en\/wp-json\/wp\/v2\/users\/1"}],"replies":[{"embeddable":true,"href":"https:\/\/www.enerjigazetesi.ist\/en\/wp-json\/wp\/v2\/comments?post=151655"}],"version-history":[{"count":0,"href":"https:\/\/www.enerjigazetesi.ist\/en\/wp-json\/wp\/v2\/posts\/151655\/revisions"}],"wp:featuredmedia":[{"embeddable":true,"href":"https:\/\/www.enerjigazetesi.ist\/en\/wp-json\/wp\/v2\/media\/151657"}],"wp:attachment":[{"href":"https:\/\/www.enerjigazetesi.ist\/en\/wp-json\/wp\/v2\/media?parent=151655"}],"wp:term":[{"taxonomy":"category","embeddable":true,"href":"https:\/\/www.enerjigazetesi.ist\/en\/wp-json\/wp\/v2\/categories?post=151655"},{"taxonomy":"post_tag","embeddable":true,"href":"https:\/\/www.enerjigazetesi.ist\/en\/wp-json\/wp\/v2\/tags?post=151655"}],"curies":[{"name":"wp","href":"https:\/\/api.w.org\/{rel}","templated":true}]}}