{"id":151556,"date":"2022-02-28T11:03:40","date_gmt":"2022-02-28T08:03:40","guid":{"rendered":"https:\/\/www.enerjigazetesi.ist\/?p=151556"},"modified":"2022-02-28T11:10:44","modified_gmt":"2022-02-28T08:10:44","slug":"azerbaycan-daki-otizmli-cocuklarin-egitimi-icin-uluslararasi-is-birligi","status":"publish","type":"post","link":"https:\/\/www.enerjigazetesi.ist\/en\/azerbaycan-daki-otizmli-cocuklarin-egitimi-icin-uluslararasi-is-birligi\/","title":{"rendered":"(Turkish) Azerbaycan\u2019daki Otizmli \u00c7ocuklar\u0131n E\u011fitimi \u0130\u00e7in Uluslararas\u0131 \u0130\u015f Birli\u011fi"},"content":{"rendered":"<p class=\"qtranxs-available-languages-message qtranxs-available-languages-message-en\">Sorry, this entry is only available in <a href=\"https:\/\/www.enerjigazetesi.ist\/tr\/wp-json\/wp\/v2\/posts\/151556\" class=\"qtranxs-available-language-link qtranxs-available-language-link-tr\" title=\"Turkish\">Turkish<\/a>. For the sake of viewer convenience, the content is shown below in the alternative language. You may click the link to switch the active language.<\/p><p><\/p>\n<h2><strong>SOCAR T\u00fcrkiye, Tohum Otizm Vakf\u0131 ve Birge ve Sa\u011flam \u0130ctimai Birliyi, otizmli \u00e7ocuklar\u0131n e\u011fitimi i\u00e7in kapsaml\u0131 bir i\u015f birli\u011fine imza att\u0131.<\/strong><\/h2>\n<p><strong>2003 y\u0131l\u0131ndan bu yana otizmli \u00e7ocuklara erken tan\u0131 konulmas\u0131<\/strong>, erken ve yo\u011fun \u00f6zel e\u011fitim ile \u00e7ocuklar\u0131n ba\u011f\u0131ms\u0131z bireyler olarak topluma kat\u0131lmalar\u0131na \u00f6nc\u00fcl\u00fck eden <strong>Tohum Otizm Vakf\u0131,<\/strong> <img loading=\"lazy\" class=\"alignright wp-image-151570\" src=\"https:\/\/www.enerjigazetesi.ist\/wp-content\/uploads\/2022\/02\/azerbaycan-daki-otizmli-cocuklarin-egitimi-icin-uluslararasi-is-birligi.jpg\" alt=\"\" width=\"320\" height=\"214\" srcset=\"https:\/\/www.enerjigazetesi.ist\/wp-content\/uploads\/2022\/02\/azerbaycan-daki-otizmli-cocuklarin-egitimi-icin-uluslararasi-is-birligi.jpg 550w, https:\/\/www.enerjigazetesi.ist\/wp-content\/uploads\/2022\/02\/azerbaycan-daki-otizmli-cocuklarin-egitimi-icin-uluslararasi-is-birligi-300x200.jpg 300w, https:\/\/www.enerjigazetesi.ist\/wp-content\/uploads\/2022\/02\/azerbaycan-daki-otizmli-cocuklarin-egitimi-icin-uluslararasi-is-birligi-500x334.jpg 500w, https:\/\/www.enerjigazetesi.ist\/wp-content\/uploads\/2022\/02\/azerbaycan-daki-otizmli-cocuklarin-egitimi-icin-uluslararasi-is-birligi-75x50.jpg 75w, https:\/\/www.enerjigazetesi.ist\/wp-content\/uploads\/2022\/02\/azerbaycan-daki-otizmli-cocuklarin-egitimi-icin-uluslararasi-is-birligi-450x300.jpg 450w\" sizes=\"(max-width: 320px) 100vw, 320px\" \/>d\u00fcnyada kabul g\u00f6ren ve etkilili\u011fi bilimsel ara\u015ft\u0131rmalarla desteklenen Uygulamal\u0131 <strong>Davran\u0131\u015f Analizi \u2019ne dayal\u0131 e\u011fitim modelini<\/strong> uluslararas\u0131 alanda da yaymaya devam ediyor.<strong> Azerbaycan\u2019da otizmli bireyler<\/strong> i\u00e7in hizmet veren Birge ve Sa\u011flam \u0130\u00e7tima\u0131 Birliyi ile yap\u0131lan i\u015f birli\u011fiyle <strong>Tohum Otizm Vakf\u0131, SOCAR T\u00fcrkiye\u2019nin<\/strong> deste\u011fi ile bilimsel know-how\u2019\u0131n\u0131 aktararak e\u011fitim program\u0131na destek olacak.<\/p>\n<p><strong>SOCAR T\u00fcrkiye\u2019nin<\/strong> sponsorlu\u011funda ger\u00e7ekle\u015fen i\u015f birli\u011fi ile<strong> Tohum Otizm Vakf\u0131, Birge ve Sa\u011flam \u0130ctimai Birliyi\u2019ne Azerbaycan\u2019daki<\/strong> otizmli \u00e7ocuklara bilime dayal\u0131 nitelikli e\u011fitim vermesi i\u00e7in e\u011fitim direkt\u00f6r\u00fc, \u00fclke \u00e7a\u011f vak\u0131f personeli ve e\u011fitim direkt\u00f6rlerine y\u00f6nelik kapasite g\u00fc\u00e7lendirme e\u011fitimleri ile s\u00fcrekli e\u011fitim birimi alanlar\u0131nda yo\u011fun destek verecek.<\/p>\n<h3><strong>2017\u2019den bu yana Azerbaycan\u2019a destek veriyoruz<\/strong><\/h3>\n<p><strong>Otizmli bireylere destek vermek ve ihtiya\u00e7lar\u0131 olan nitelikli e\u011fitime ula\u015fmalar\u0131 i\u00e7in<\/strong> iki \u00fclke aras\u0131nda \u00e7ok \u00f6nemli bir bilgi ve deneyim transferi yapacak projeyi desteklemekten memnuniyet duydu\u011funu belirten <strong>SOCAR T\u00fcrkiye \u0130leti\u015fim ve Kamu \u0130li\u015fkileri Ba\u015fkan\u0131 Mikayil Yusifov<\/strong>, \u015f\u00f6yle dedi: \u201c<strong>\u00c7ok \u00f6zel bir ama\u00e7 i\u00e7in bu k\u0131ymetli i\u015f birli\u011fine destek olmaktan b\u00fcy\u00fck mutluluk duyuyoruz<\/strong>. SOCAR T\u00fcrkiye olarak<strong> Azerbaycan\u2019da otizmli \u00e7ocuklar\u0131n e\u011fitimine katk\u0131 sa\u011flamak amac\u0131yla<\/strong> uzun y\u0131llard\u0131r Tohum Otizm Vakf\u0131 i\u015f birli\u011fiyle Azerbaycan\u2019daki Birge Sa\u011flam \u0130\u00e7timai Birli\u011fi\u2019ne destek oluyoruz. Tohum Otizm Vakf\u0131 ve Birge ve Sa\u011flam \u0130\u00e7tima\u0131 Birliyi ile devam edecek bu anlaml\u0131 i\u015f birli\u011fimizle, otizm alan\u0131nda b\u00fcy\u00fck katk\u0131lar\u0131 olan iki kurumun birlikteli\u011finden kuvvet do\u011faca\u011f\u0131na ve bu \u00f6zel \u00e7ocuklar\u0131n hak ettikleri hayata kavu\u015fmas\u0131nda \u00f6nemli rol oynayacaklar\u0131na inan\u0131yorum\u201d<\/p>\n<p>\u0130\u015f birli\u011finden memnuniyetini dile getiren<strong> Tohum Otizm Vakf\u0131 Ba\u015fkan Yard\u0131mc\u0131s\u0131 Aylin Sezgin<\/strong> \u015funlar\u0131 s\u00f6yledi: \u2018\u2019Azerbaycan\u2019da <strong>otizmli \u00e7ocuklar\u0131n e\u011fitimine y\u00f6nelik faaliyetler<\/strong> y\u00fcr\u00fcten bir sivil toplum kurulu\u015fu olan Birge ve Sa\u011flam \u0130\u00e7timai Birli\u011fi ile yapt\u0131\u011f\u0131m\u0131z i\u015f birli\u011fi kapsam\u0131nda 2017\u2019den bu yana <strong>otizmli \u00e7ocuklar<\/strong> i\u00e7in uygun ve etkili m\u00fcdahaleler geli\u015ftirilmesine y\u00f6nelik; yerinde uzmanl\u0131k e\u011fitimi ile deste\u011fimizi s\u00fcrd\u00fcr\u00fcyoruz. <strong>Uygulamal\u0131 e\u011fitim ve de\u011ferlendirme<\/strong>, yeti\u015ftirilen ki\u015finin kurumunda geli\u015ftirdi\u011fi hizmetler i\u00e7in<strong> s\u00fcper vizyon verme<\/strong> gibi alanlarda \u00e7al\u0131\u015fma y\u00fcr\u00fctt\u00fc\u011f\u00fcm\u00fcz Birge ve Sa\u011flam \u0130\u00e7tima\u0131 Birliyi ile bir\u00e7ok ba\u015far\u0131l\u0131 bir s\u00fcrece imza att\u0131k. SOCAR T\u00fcrkiye\u2019nin k\u0131ymetli sponsorluk deste\u011finin \u00e7al\u0131\u015fmalar\u0131m\u0131z\u0131 daha ileriye ta\u015f\u0131yaca\u011f\u0131z. Bu i\u015f birli\u011finde eme\u011fi ge\u00e7en herkese ve destek\u00e7imiz<strong> SOCAR T\u00fcrkiye\u2019ye \u015fahs\u0131m ve Tohum Otizm Vakf\u0131 ad\u0131na te\u015fekk\u00fcr ediyorum.\u2019\u2019<\/strong><\/p>\n<p><strong>Birge ve Sa<\/strong><strong>\u011f<\/strong><strong>lam \u0130ctimai Birliyi Kurucusu Ayten Eynelova<\/strong> \u201cOtizmli bireylere destek vermek i\u00e7in yan\u0131m\u0131za<strong> Tohum Otizm Vakf\u0131\u2019n\u0131<\/strong> almam\u0131z bizim i\u00e7in \u00e7ok de\u011ferli. Bu sinerji ile daha ba\u015far\u0131l\u0131 i\u015flere imza ataca\u011f\u0131m\u0131za inan\u0131yoruz.<strong> Tohum Otizm Vakf\u0131\u2019ndan<\/strong> \u00f6\u011frenece\u011fimiz \u00e7ok \u015fey ve hayata ge\u00e7irece\u011fimiz \u00e7ok proje var. Bu i\u015f birli\u011finin hayata ge\u00e7mesinde b\u00fcy\u00fck katk\u0131 sa\u011flayan<strong> SOCAR T\u00fcrkiye<\/strong> sayesinde birlikte olu\u015fturaca\u011f\u0131m\u0131z g\u00fc\u00e7le yapacaklar\u0131m\u0131z i\u00e7in sab\u0131rs\u0131zlan\u0131yoruz. Ger\u00e7ekle\u015ftirece\u011fimiz bilgi ve sistem transferleri ile <strong>Birge ve Sa\u011flam \u0130ctimai Birliyi<\/strong> olarak <strong>Azerbaycanl\u0131 otizmli \u00e7ocuklar\u0131<\/strong> hayata haz\u0131rlayaca\u011f\u0131z.\u201d dedi.<\/p>","protected":false},"excerpt":{"rendered":"<p>Sorry, this entry is only available in Turkish. For the sake of viewer convenience, the content is shown below in the alternative language. You may click the link to switch the active language. SOCAR T\u00fcrkiye, Tohum Otizm Vakf\u0131 ve Birge ve Sa\u011flam \u0130ctimai Birliyi, otizmli \u00e7ocuklar\u0131n e\u011fitimi i\u00e7in kapsaml\u0131 bir i\u015f birli\u011fine imza att\u0131. 2003 [&hellip;]<\/p>\n","protected":false},"author":19,"featured_media":151571,"comment_status":"open","ping_status":"open","sticky":false,"template":"","format":"standard","meta":[],"categories":[46,53,44],"tags":[101309,2677,56506,28565,1567,51310,81641],"views":227,"_links":{"self":[{"href":"https:\/\/www.enerjigazetesi.ist\/en\/wp-json\/wp\/v2\/posts\/151556"}],"collection":[{"href":"https:\/\/www.enerjigazetesi.ist\/en\/wp-json\/wp\/v2\/posts"}],"about":[{"href":"https:\/\/www.enerjigazetesi.ist\/en\/wp-json\/wp\/v2\/types\/post"}],"author":[{"embeddable":true,"href":"https:\/\/www.enerjigazetesi.ist\/en\/wp-json\/wp\/v2\/users\/19"}],"replies":[{"embeddable":true,"href":"https:\/\/www.enerjigazetesi.ist\/en\/wp-json\/wp\/v2\/comments?post=151556"}],"version-history":[{"count":0,"href":"https:\/\/www.enerjigazetesi.ist\/en\/wp-json\/wp\/v2\/posts\/151556\/revisions"}],"wp:featuredmedia":[{"embeddable":true,"href":"https:\/\/www.enerjigazetesi.ist\/en\/wp-json\/wp\/v2\/media\/151571"}],"wp:attachment":[{"href":"https:\/\/www.enerjigazetesi.ist\/en\/wp-json\/wp\/v2\/media?parent=151556"}],"wp:term":[{"taxonomy":"category","embeddable":true,"href":"https:\/\/www.enerjigazetesi.ist\/en\/wp-json\/wp\/v2\/categories?post=151556"},{"taxonomy":"post_tag","embeddable":true,"href":"https:\/\/www.enerjigazetesi.ist\/en\/wp-json\/wp\/v2\/tags?post=151556"}],"curies":[{"name":"wp","href":"https:\/\/api.w.org\/{rel}","templated":true}]}}