{"id":15152,"date":"2013-09-10T09:21:09","date_gmt":"2013-09-10T06:21:09","guid":{"rendered":"https:\/\/www.enerjigazetesi.ist\/?p=15152"},"modified":"2013-09-10T09:21:09","modified_gmt":"2013-09-10T06:21:09","slug":"dogalgaz-kanununa-koklu-degisiklikler-geliyor","status":"publish","type":"post","link":"https:\/\/www.enerjigazetesi.ist\/en\/dogalgaz-kanununa-koklu-degisiklikler-geliyor\/","title":{"rendered":"(Turkish) Do\u011falgaz Kanununa K\u00f6kl\u00fc De\u011fi\u015fiklikler Geliyor!"},"content":{"rendered":"<p class=\"qtranxs-available-languages-message qtranxs-available-languages-message-en\">Sorry, this entry is only available in <a href=\"https:\/\/www.enerjigazetesi.ist\/tr\/wp-json\/wp\/v2\/posts\/15152\" class=\"qtranxs-available-language-link qtranxs-available-language-link-tr\" title=\"Turkish\">Turkish<\/a>. For the sake of viewer convenience, the content is shown below in the alternative language. You may click the link to switch the active language.<\/p><p><strong>Enerji ve Tabii Kaynaklar Bakanl\u0131\u011f\u0131n\u0131n haz\u0131rl\u0131klar\u0131n\u0131 tamamlad\u0131\u011f\u0131 Do\u011falgaz Kanunu\u2019nda de\u011fi\u015fiklik yap\u0131lmas\u0131na ili\u015fkin d\u00fczenleme, Bakanlar Kurulunun onay\u0131 i\u00e7in Ba\u015fbakanl\u0131\u011fa g\u00f6nderildi.<\/strong><\/p>\n<p>Bakanlar Kurulunda gelecek hafta ele al\u0131nmas\u0131 beklenen d\u00fczenlemede, do\u011fal gaz piyasas\u0131nda son kaynak tedarik\u00e7isi, organize do\u011fal gaz toptan sat\u0131\u015f piyasalar\u0131, uluslararas\u0131 enterkoneksiyon, lisans sahibi \u015firketlerde yaz\u0131l\u0131 s\u00f6zle\u015fme zorunlulu\u011fu, dengeleme ve uzla\u015ft\u0131rma piyasas\u0131, LNG terminal i\u015fletmecili\u011fi, serbest t\u00fcketici, yapt\u0131r\u0131mlar, tarife, arz g\u00fcvenli\u011fi, depolama y\u00fck\u00fcml\u00fcl\u00fc\u011f\u00fc, BOTA\u015e\u2019\u0131n faaliyet ayr\u0131\u015ft\u0131rmas\u0131 ile \u00fc\u00e7e b\u00f6l\u00fcnmesi, BOTA\u015e\u2019\u0131n al\u0131m ve sat\u0131m kontratlar\u0131, \u0130GDA\u015e\u2019\u0131n \u00f6zelle\u015ftirme modeli, LNG yat\u0131r\u0131mlar\u0131n\u0131n te\u015fvik edilmesi gibi bir\u00e7ok konu yer al\u0131yor.<\/p>\n<p>T\u00fcrkiye\u2019nin do\u011fal gaz depolama kapasitesinin yetersiz olmas\u0131 nedeniyle mevsimsel olarak ortaya \u00e7\u0131kan arz-talep uyumsuzlu\u011funu gidermek i\u00e7in LNG terminal i\u015fletmecili\u011finin d\u00fczenlendi\u011fi \u00e7al\u0131\u015fmada, bu i\u015fletmecilik te\u015fvik edilerek tarifeleri serbest b\u0131rak\u0131l\u0131yor.<\/p>\n<p>D\u00fczenlemede ayr\u0131ca \u0130GDA\u015e\u2019\u0131n \u00f6zelle\u015ftirilmesi talebi konusunda \u0130stanbul B\u00fcy\u00fck\u015fehir Belediyesi, \u00f6zelle\u015ftirme ko<a href=\"https:\/\/www.enerjigazetesi.ist\/wp-content\/uploads\/2013\/08\/bartin-39da-dogalgaz-aboneligi-basladi.jpg\"><img loading=\"lazy\" class=\"alignright size-medium wp-image-14238\" title=\"dogalgaz-kanununa-koklu-degisiklikler-geliyor\/\" src=\"https:\/\/www.enerjigazetesi.ist\/wp-content\/uploads\/2013\/08\/bartin-39da-dogalgaz-aboneligi-basladi-300x207.jpg\" alt=\"\" width=\"300\" height=\"207\" srcset=\"https:\/\/www.enerjigazetesi.ist\/wp-content\/uploads\/2013\/08\/bartin-39da-dogalgaz-aboneligi-basladi-300x207.jpg 300w, https:\/\/www.enerjigazetesi.ist\/wp-content\/uploads\/2013\/08\/bartin-39da-dogalgaz-aboneligi-basladi-72x50.jpg 72w, https:\/\/www.enerjigazetesi.ist\/wp-content\/uploads\/2013\/08\/bartin-39da-dogalgaz-aboneligi-basladi.jpg 419w\" sizes=\"(max-width: 300px) 100vw, 300px\" \/><\/a>nusunda ise \u00d6zelle\u015ftirme \u0130daresi Ba\u015fkanl\u0131\u011f\u0131 (\u00d6\u0130B) yetkilendiriliyor. Ayr\u0131ca 10 y\u0131ll\u0131k s\u00fcre i\u00e7in \u0130GDA\u015e\u2019a ABD dolar\u0131 cinsinden yeni tarife d\u00fczenleniyor.<\/p>\n<h2>\u201c(BOTA\u015e) \u015eeffaf bir hesap ayr\u0131\u015ft\u0131rmas\u0131 yeterli\u201d<\/h2>\n<p>Konuya ili\u015fkin bilgi veren Enerji Yat\u0131r\u0131m Uzman\u0131 Cengiz G\u00fcne\u015f, piyasa d\u00fczenlemelerinin fiili durumlar\u0131 kavramas\u0131 ve fiili durumlar\u0131n gerisinde kalmamas\u0131n\u0131n esas oldu\u011funu vurgulad\u0131. D\u00fczenlemelerin do\u011fal gaz piyasas\u0131n\u0131n rekabet\u00e7i bir \u015fekilde i\u015flemesi a\u00e7\u0131s\u0131ndan \u00f6nemli oldu\u011funun alt\u0131n\u0131 \u00e7izen G\u00fcne\u015f, s\u00f6zlerini \u015f\u00f6yle s\u00fcrd\u00fcrd\u00fc:<\/p>\n<p>\u201cPiyasaya y\u00f6nelik olarak BOTA\u015e pay\u0131n\u0131n s\u0131n\u0131rland\u0131r\u0131lmas\u0131, dengeleme piyasas\u0131n\u0131n a\u00e7\u0131lmas\u0131 ve bu piyasa i\u015flemlerine paralel olarak t\u00fcrev \u00fcr\u00fcnlerin g\u00fcndeme gelmesi, piyasan\u0131n ihtiya\u00e7 duydu\u011fu konular, \u00f6zellikle ithal edilen gaz\u0131n yar\u0131s\u0131ndan fazlas\u0131n\u0131n elektrik \u00fcretiminde kullan\u0131lmas\u0131 nedeniyle elektrik piyasas\u0131 ve gaz piyasas\u0131n\u0131n risklerin y\u00f6netilmesi a\u00e7\u0131s\u0131ndan birbirini tamamlay\u0131c\u0131 d\u00fczenlemeler i\u00e7ermesi beklenir. Bu a\u00e7\u0131dan gaz piyasas\u0131n\u0131n EP\u0130A\u015e\u2019a eklemlenmesi \u00f6nemli. \u00c7\u00fcnk\u00fc gaz piyasas\u0131 \u00e7al\u0131\u015fmadan elektrik piyasas\u0131n\u0131n \u00e7al\u0131\u015fmas\u0131 zor.\u201d<\/p>\n<p>D\u00fczenlemede, BOTA\u015e taraf\u0131ndan devredilecek do\u011fal gaz al\u0131m veya sat\u0131m s\u00f6zle\u015fmeleri i\u00e7in kontrat veya miktar devrine imkan tan\u0131yan ihaleler yapma yetkisinin korundu\u011funa dikkat \u00e7eken G\u00fcne\u015f, \u201cBOTA\u015e\u2019\u0131n \u00fc\u00e7e ayr\u0131lmas\u0131na ili\u015fkin d\u00fczenlemede ise dikkatli olunmas\u0131 gerekir. BOTA\u015e uluslararas\u0131 bir \u015firkettir ve mali a\u00e7\u0131dan g\u00fc\u00e7lendirilmesi gerekir, bize g\u00f6re \u015feffaf bir hesap ayr\u0131\u015ft\u0131rmas\u0131 yeterlidir. Fiili durumda 2012 y\u0131l\u0131 verilerine g\u00f6re, gaz piyasas\u0131nda y\u00fczde 75 kamu a\u011f\u0131rl\u0131\u011f\u0131 bulunuyor\u201d diye konu\u015ftu.<\/p>\n<p>G\u00fcne\u015f, \u00d6\u0130B\u2019nin \u0130GDA\u015e\u2019\u0131n \u00f6zelle\u015ftirme ihalesinin \u201cAnadolu ve Rumeli\u201d olarak ayr\u0131 ayr\u0131 ger\u00e7ekle\u015ftirilmesine de karar verebilece\u011fini ifade etti.<\/p>\n<p>Kaynak: <a href=\"http:\/\/enerjienstitusu.com\/2013\/09\/09\/dogalgaz-kanununa-koklu-degisiklikler-geliyor\/\" target=\"_blank\">Enerji Enstit\u00fcs\u00fc<\/a><\/p>","protected":false},"excerpt":{"rendered":"<p>Sorry, this entry is only available in Turkish. For the sake of viewer convenience, the content is shown below in the alternative language. You may click the link to switch the active language.Enerji ve Tabii Kaynaklar Bakanl\u0131\u011f\u0131n\u0131n haz\u0131rl\u0131klar\u0131n\u0131 tamamlad\u0131\u011f\u0131 Do\u011falgaz Kanunu\u2019nda de\u011fi\u015fiklik yap\u0131lmas\u0131na ili\u015fkin d\u00fczenleme, Bakanlar Kurulunun onay\u0131 i\u00e7in Ba\u015fbakanl\u0131\u011fa g\u00f6nderildi. Bakanlar Kurulunda gelecek hafta [&hellip;]<\/p>\n","protected":false},"author":1,"featured_media":14238,"comment_status":"open","ping_status":"open","sticky":false,"template":"","format":"standard","meta":[],"categories":[46,53],"tags":[1364,8452,8451,8447,8450,92,226,8446,2092,63,67,1009,165,8453,8448,8454,4907,8449,1452],"views":564,"_links":{"self":[{"href":"https:\/\/www.enerjigazetesi.ist\/en\/wp-json\/wp\/v2\/posts\/15152"}],"collection":[{"href":"https:\/\/www.enerjigazetesi.ist\/en\/wp-json\/wp\/v2\/posts"}],"about":[{"href":"https:\/\/www.enerjigazetesi.ist\/en\/wp-json\/wp\/v2\/types\/post"}],"author":[{"embeddable":true,"href":"https:\/\/www.enerjigazetesi.ist\/en\/wp-json\/wp\/v2\/users\/1"}],"replies":[{"embeddable":true,"href":"https:\/\/www.enerjigazetesi.ist\/en\/wp-json\/wp\/v2\/comments?post=15152"}],"version-history":[{"count":2,"href":"https:\/\/www.enerjigazetesi.ist\/en\/wp-json\/wp\/v2\/posts\/15152\/revisions"}],"predecessor-version":[{"id":15154,"href":"https:\/\/www.enerjigazetesi.ist\/en\/wp-json\/wp\/v2\/posts\/15152\/revisions\/15154"}],"wp:featuredmedia":[{"embeddable":true,"href":"https:\/\/www.enerjigazetesi.ist\/en\/wp-json\/wp\/v2\/media\/14238"}],"wp:attachment":[{"href":"https:\/\/www.enerjigazetesi.ist\/en\/wp-json\/wp\/v2\/media?parent=15152"}],"wp:term":[{"taxonomy":"category","embeddable":true,"href":"https:\/\/www.enerjigazetesi.ist\/en\/wp-json\/wp\/v2\/categories?post=15152"},{"taxonomy":"post_tag","embeddable":true,"href":"https:\/\/www.enerjigazetesi.ist\/en\/wp-json\/wp\/v2\/tags?post=15152"}],"curies":[{"name":"wp","href":"https:\/\/api.w.org\/{rel}","templated":true}]}}