{"id":151508,"date":"2022-02-26T14:25:53","date_gmt":"2022-02-26T11:25:53","guid":{"rendered":"https:\/\/www.enerjigazetesi.ist\/?p=151508"},"modified":"2022-02-26T14:30:09","modified_gmt":"2022-02-26T11:30:09","slug":"eko-iklim-zirvesi-fuari-iklim-degisikliginin-ekonomiye-etkisini-duyuracak","status":"publish","type":"post","link":"https:\/\/www.enerjigazetesi.ist\/en\/eko-iklim-zirvesi-fuari-iklim-degisikliginin-ekonomiye-etkisini-duyuracak\/","title":{"rendered":"(Turkish) &#8217;EKO \u0130KL\u0130M Zirvesi ve Fuar\u0131&#8217; 30-31 Mart&#8217;ta Ankara&#8217;da D\u00fczenleniyor&#8230;"},"content":{"rendered":"<p class=\"qtranxs-available-languages-message qtranxs-available-languages-message-en\">Sorry, this entry is only available in <a href=\"https:\/\/www.enerjigazetesi.ist\/tr\/wp-json\/wp\/v2\/posts\/151508\" class=\"qtranxs-available-language-link qtranxs-available-language-link-tr\" title=\"Turkish\">Turkish<\/a>. For the sake of viewer convenience, the content is shown below in the alternative language. You may click the link to switch the active language.<\/p><p><\/p>\n<h2>\u0130klim de\u011fi\u015fikli\u011fi, gelece\u011fimizi tehdit eden ve k\u00fcresel ekonomiyi temelden etkileyen en \u00f6nemli ekolojik sorundur. Bu soruna dikkat \u00e7ekmek ve fark\u0131ndal\u0131k yaratmak amac\u0131yla amac\u0131yla Ankara Ticaret Odas\u0131 \u00f6nc\u00fcl\u00fc\u011f\u00fcnde <strong>30-31 Mart 2022<\/strong>\u00a0tarihleri aras\u0131nda <strong>\u201cEKO\u00a0\u0130KL\u0130M: Ekonomi ve \u0130klim De\u011fi\u015fikli\u011fi Zirvesi \/ Fuar\u0131\u201d<\/strong> <strong>ATO Congresium\u2019da<\/strong> ger\u00e7ekle\u015fecek. T\u00fcrkiye ve D\u00fcnya&#8217;da bir ilke imza atmaya haz\u0131rlanan Ankara, d\u00fcnyan\u0131n ilk ekonomi ve iklim de\u011fi\u015fikli\u011fi fuar\u0131na ev sahipli\u011fi yapacak<strong>. <\/strong><\/h2>\n<h3><strong>Ortak paydada tek bir ama\u00e7: \u0130klim de\u011fi\u015fikli\u011fi<\/strong><\/h3>\n<p><strong>\u201c\u0130klim De\u011fi\u015fikli\u011fi\u201d<\/strong> ve<strong> \u201cYe\u015fil D\u00f6n\u00fc\u015f\u00fcm\u201d<\/strong> ana temas\u0131yla k\u00fcresel d\u00fczenlemelere h\u0131zl\u0131 ve en do\u011fru \u015fekilde haz\u0131rlanmak amac\u0131yla <strong>Ankara Ticaret Odas\u0131<\/strong> \u00f6nc\u00fcl\u00fc\u011f\u00fcnde ger\u00e7ekle\u015fecek Zirve;<em> T\u00fcrkiye Odalar ve Borsalar Birli\u011fi, Birle\u015fmi\u015f Milletler Kalk\u0131nma Program\u0131, T\u00fcrkiye Belediyeler Birli\u011fi, Ankara B\u00fcy\u00fck\u015fehir Belediyesi, Ankara Ticaret Borsas\u0131, Organize Sanayi B\u00f6lgeleri, KOB\u0130\u2019ler, ye\u015fil finansman <img loading=\"lazy\" class=\"alignright wp-image-151511\" src=\"https:\/\/www.enerjigazetesi.ist\/wp-content\/uploads\/2022\/02\/eko-iklim-zirvesi-fuari-iklim-degisikliginin-ekonomiye-etkisini-duyuracak.jpg\" alt=\"\" width=\"320\" height=\"176\" srcset=\"https:\/\/www.enerjigazetesi.ist\/wp-content\/uploads\/2022\/02\/eko-iklim-zirvesi-fuari-iklim-degisikliginin-ekonomiye-etkisini-duyuracak.jpg 550w, https:\/\/www.enerjigazetesi.ist\/wp-content\/uploads\/2022\/02\/eko-iklim-zirvesi-fuari-iklim-degisikliginin-ekonomiye-etkisini-duyuracak-300x165.jpg 300w, https:\/\/www.enerjigazetesi.ist\/wp-content\/uploads\/2022\/02\/eko-iklim-zirvesi-fuari-iklim-degisikliginin-ekonomiye-etkisini-duyuracak-500x275.jpg 500w, https:\/\/www.enerjigazetesi.ist\/wp-content\/uploads\/2022\/02\/eko-iklim-zirvesi-fuari-iklim-degisikliginin-ekonomiye-etkisini-duyuracak-80x44.jpg 80w\" sizes=\"(max-width: 320px) 100vw, 320px\" \/>projeleriyle bankalar, \u00fcniversiteler ve pek \u00e7ok kurumun deste\u011fiyle<\/em> ger\u00e7ekle\u015fecek.<\/p>\n<h3><strong>Logonun anlatt\u0131klar\u0131\u2026<\/strong><\/h3>\n<p><strong>\u0130klimin<\/strong> ve <strong>do\u011fan\u0131n<\/strong> ye\u015fil, ekonominin lacivertle simgelendi\u011fi logoda, d\u00fcnyay\u0131 sevgi kurtaracak \u00f6nermesi bir bitki formu ile hayat buluyor. Bu formun yayd\u0131\u011f\u0131 d\u00fc\u011f\u00fcm ise bir <strong>parmak izi<\/strong> ile D\u00fcnya\u2019y\u0131 simgeleyerek yeni, biricik fikirlerin tart\u0131\u015f\u0131laca\u011f\u0131n\u0131 ifade ediyor. Etraf\u0131n\u0131 \u00e7evreleyen <strong>Hitit G\u00fcne\u015f Kursu<\/strong>\u2019nu belirten simge ise mekansal ba\u011f\u0131, <strong>Ankara\u2019y\u0131<\/strong> ifade ederek bir konu\u015fma balonu ile g\u00f6steriliyor.<\/p>\n<p><strong>Karbon n\u00f6tr<\/strong> olarak ger\u00e7ekle\u015fecek Zirve\u2019ye; devlet ba\u015fkanlar\u0131, kamu kurumlar\u0131 temsilcileri,\u00a0 yirmiyi a\u015fk\u0131n uluslararas\u0131 kurum ve kurulu\u015f, <strong>30&#8217;u a\u015fk\u0131n<\/strong> \u00fcniversiteden akademisyen, iyi \u00f6rnek uygulamalar\u0131yla <em>belediyeler, organize sanayi b\u00f6lgeleri, teknokentler ve sekt\u00f6r temsilcileri<\/em> kat\u0131l\u0131m sa\u011flayacak. <strong>G\u00fcndem, ekonomi, k\u00fclt\u00fcr, sanat, e\u011fitim, magazin <\/strong>ve<strong> medya<\/strong> alanlar\u0131nda \u00e7e\u015fitli ve zirvenin iklimine uygun etkinlikler yap\u0131lacak.<\/p>\n<h3><strong>G\u00f6n\u00fcll\u00fc <\/strong><strong>\u0130klim El\u00e7ileri ile s\u00fcrd\u00fcr\u00fclebilir gelece\u011fe<\/strong><\/h3>\n<p><strong>30-31 Mart 2021<\/strong> tarihleri aras\u0131nda yap\u0131lacak tarihi etkinli\u011fin en \u00f6nemli g\u00fc\u00e7 merkezlerinden biri <strong>\u201cG\u00f6n\u00fcll\u00fc \u0130klim El\u00e7ileri\u201d<\/strong> olacakt\u0131r. Yeni nesillerin ya\u015famak istedi\u011fi gelece\u011fi kurmak \u00fczere atacaklar\u0131 her ad\u0131m, \u00fclkemizin ve d\u00fcnyan\u0131n \u00f6nde gelen \u00e7evrecileri taraf\u0131ndan dikkatle takip edilecektir.<\/p>\n<h3><strong>\u0130klim de\u011fi\u015fikli\u011fine dikkat \u00e7ekmek i\u00e7in farkl\u0131 etkinlikler bir arada olacak\u2026<\/strong><\/h3>\n<p><strong>25.000<\/strong>\u2019in \u00fczerinde ziyaret\u00e7i beklenen Zirve\u2019de; <strong>4.000 m\u00b2<\/strong>\u2019lik alanda, <strong>\u201cEkonomi ve \u0130klim De\u011fi\u015fikli\u011fi\u201d<\/strong> temal\u0131 <strong>Fuar ve \u0130klim M\u00fczesi<\/strong> kurulacak; ulusal ve uluslararas\u0131 <strong>150<\/strong> konu\u015fmac\u0131n\u0131n yer ald\u0131\u011f\u0131 yirmiden fazla oturum yap\u0131lacak, <strong>B2B g\u00f6r\u00fc\u015fmeleri, sertifikal\u0131 e\u011fitim programlar\u0131, e\u011fitimler, workshoplar<\/strong> ger\u00e7ekle\u015ftirilecek; konserler, dinletiler ile mini g\u00f6steriler sahnelenecektir.<\/p>\n<p><strong>Avrupa Birli\u011fi Ye\u015fil Mutabakat\u0131<\/strong> ve <strong>Paris \u0130klim Anla\u015fmas\u0131<\/strong> gere\u011fince T\u00fcrkiye, 2050 y\u0131l\u0131na kadar 60 milyar avro <strong>\u201cKarbon Vergisi\u201d<\/strong> y\u00fck\u00fc ile kar\u015f\u0131 kar\u015f\u0131yad\u0131r. Bu devasa kayna\u011f\u0131 \u00fclke ekonomisine kazand\u0131rmak i\u00e7in yap\u0131lacak ilk i\u015f, <strong>k\u00fcresel \u0131s\u0131nma kaynakl\u0131 iklim de\u011fi\u015fikli\u011fi<\/strong> konusunda i\u015fletmelerimizde ve toplum genelinde fark\u0131ndal\u0131k olu\u015fturmakt\u0131r. <strong>\u201cEKO \u0130KL\u0130M: Ekonomi ve \u0130klim De\u011fi\u015fikli\u011fi Zirvesi \/ Fuar\u0131<\/strong>\u201d <strong>iklim de\u011fi\u015fikli\u011fi ile m\u00fccadele<\/strong> ve <strong>ekonomiye etkisinin<\/strong> en aza indirilmesi i\u00e7in ortak ak\u0131l olu\u015fturmaya y\u00f6nelik olarak at\u0131lacak ilk ve en g\u00fc\u00e7l\u00fc ad\u0131m olacakt\u0131r. Zirve&#8217;de <strong>iklim deg\u0306is\u0327iklig\u0306i ile mu\u0308cadele<\/strong> konusunda halk\u0131 bilinc\u0327lendirmenin yan\u0131 s\u0131ra; gerek dog\u0306am\u0131z\u0131n, gerek is\u0327letmelerimizin, gerekse milli ekonomimizin geleceg\u0306i ac\u0327\u0131s\u0131ndan birc\u0327ok <em>fikir al\u0131s\u0327veris\u0327i yap\u0131lacak, konus\u0327malar du\u0308zenlenecek, eg\u0306itimler verilecek ve c\u0327o\u0308zu\u0308m o\u0308nerileri<\/em> sunulacakt\u0131r.<\/p>\n<h3><strong>Siz de \u201cG\u00f6n\u00fcll\u00fc \u0130klim El\u00e7isi\u201d olabilirsiniz<\/strong><\/h3>\n<p>Bu ilham verici bulu\u015fmaya yap\u0131lacak her katk\u0131 ve kat\u0131l\u0131m\u0131n, iklim dostlar\u0131n\u0131n g\u00fcc\u00fcne g\u00fc\u00e7, vizyonuna vizyon kataca\u011f\u0131n\u0131n fark\u0131nday\u0131z. \u0130\u00e7inde ye\u015fil enerjiyi bar\u0131nd\u0131ran, iklim de\u011fi\u015fikli\u011finin t\u00fcm boyutlar\u0131yla ekonomiye etkilerinin ele al\u0131naca\u011f\u0131 <em><strong>EKO \u0130KL\u0130M: Ekonomi ve \u0130klim De\u011fi\u015fikli\u011fi Zirvesi \/ Fuar\u0131\u2019n\u0131n G\u00f6n\u00fcll\u00fc \u0130klim El\u00e7ileri <\/strong>olarak sesi ve etkisi olmaya haz\u0131r m\u0131s\u0131n\u0131z?<\/em><\/p>\n<p><strong>Detayl\u0131 Bilgi \u0130\u00e7in:<\/strong> <a href=\"https:\/\/ekoiklim.com\/\" target=\"_blank\" rel=\"noopener\">https:\/\/ekoiklim.com\/<\/a> adresini ziyaret edebilirsiniz.<\/p>\n<p><center><iframe loading=\"lazy\" title=\"YouTube video player\" src=\"https:\/\/www.youtube.com\/embed\/Ni7wqZ-3Q3c\" width=\"560\" height=\"315\" frameborder=\"0\" allowfullscreen=\"allowfullscreen\"><\/iframe><\/center><\/p>","protected":false},"excerpt":{"rendered":"<p>Sorry, this entry is only available in Turkish. For the sake of viewer convenience, the content is shown below in the alternative language. You may click the link to switch the active language. \u0130klim de\u011fi\u015fikli\u011fi, gelece\u011fimizi tehdit eden ve k\u00fcresel ekonomiyi temelden etkileyen en \u00f6nemli ekolojik sorundur. Bu soruna dikkat \u00e7ekmek ve fark\u0131ndal\u0131k yaratmak amac\u0131yla [&hellip;]<\/p>\n","protected":false},"author":1,"featured_media":151511,"comment_status":"open","ping_status":"open","sticky":false,"template":"","format":"standard","meta":[],"categories":[51,53,52],"tags":[7500,3952,101276,101273,101279,101277,101275,101278,1999,101274,1247,4033,1296],"views":403,"_links":{"self":[{"href":"https:\/\/www.enerjigazetesi.ist\/en\/wp-json\/wp\/v2\/posts\/151508"}],"collection":[{"href":"https:\/\/www.enerjigazetesi.ist\/en\/wp-json\/wp\/v2\/posts"}],"about":[{"href":"https:\/\/www.enerjigazetesi.ist\/en\/wp-json\/wp\/v2\/types\/post"}],"author":[{"embeddable":true,"href":"https:\/\/www.enerjigazetesi.ist\/en\/wp-json\/wp\/v2\/users\/1"}],"replies":[{"embeddable":true,"href":"https:\/\/www.enerjigazetesi.ist\/en\/wp-json\/wp\/v2\/comments?post=151508"}],"version-history":[{"count":0,"href":"https:\/\/www.enerjigazetesi.ist\/en\/wp-json\/wp\/v2\/posts\/151508\/revisions"}],"wp:featuredmedia":[{"embeddable":true,"href":"https:\/\/www.enerjigazetesi.ist\/en\/wp-json\/wp\/v2\/media\/151511"}],"wp:attachment":[{"href":"https:\/\/www.enerjigazetesi.ist\/en\/wp-json\/wp\/v2\/media?parent=151508"}],"wp:term":[{"taxonomy":"category","embeddable":true,"href":"https:\/\/www.enerjigazetesi.ist\/en\/wp-json\/wp\/v2\/categories?post=151508"},{"taxonomy":"post_tag","embeddable":true,"href":"https:\/\/www.enerjigazetesi.ist\/en\/wp-json\/wp\/v2\/tags?post=151508"}],"curies":[{"name":"wp","href":"https:\/\/api.w.org\/{rel}","templated":true}]}}