{"id":151301,"date":"2022-02-22T15:08:11","date_gmt":"2022-02-22T12:08:11","guid":{"rendered":"https:\/\/www.enerjigazetesi.ist\/?p=151301"},"modified":"2022-02-22T15:09:52","modified_gmt":"2022-02-22T12:09:52","slug":"sedas-ile-tes-is-arasinda-toplu-is-sozlesmesi-gorusmelerine-baslandi","status":"publish","type":"post","link":"https:\/\/www.enerjigazetesi.ist\/en\/sedas-ile-tes-is-arasinda-toplu-is-sozlesmesi-gorusmelerine-baslandi\/","title":{"rendered":"(Turkish) SEDA\u015e ile TES-\u0130\u015e Aras\u0131nda Toplu \u0130\u015f S\u00f6zle\u015fmesi G\u00f6r\u00fc\u015fmelerine Ba\u015fland\u0131"},"content":{"rendered":"<p class=\"qtranxs-available-languages-message qtranxs-available-languages-message-en\">Sorry, this entry is only available in <a href=\"https:\/\/www.enerjigazetesi.ist\/tr\/wp-json\/wp\/v2\/posts\/151301\" class=\"qtranxs-available-language-link qtranxs-available-language-link-tr\" title=\"Turkish\">Turkish<\/a>. For the sake of viewer convenience, the content is shown below in the alternative language. You may click the link to switch the active language.<\/p><p><\/p>\n<h2><strong>SEDA\u015e \u00e7al\u0131\u015fanlar\u0131n\u0131 yak\u0131ndan ilgilendiren TES-\u0130\u015e ile y\u00fcr\u00fct\u00fclecek toplu i\u015f s\u00f6zle\u015fmesi g\u00f6r\u00fc\u015fmeleri ba\u015flad\u0131. SEDA\u015e\u2019\u0131n teknik e\u011fitim merkezindeki toplant\u0131ya SEDA\u015e ve TES-\u0130\u015e \u00fcst d\u00fczey y\u00f6neticileri kat\u0131ld\u0131. 29 maddenin g\u00f6r\u00fc\u015f\u00fcld\u00fc\u011f\u00fc toplant\u0131 kar\u015f\u0131l\u0131kl\u0131 iyi dilek mesajlar\u0131yla ger\u00e7ekle\u015ftirildi.<\/strong><\/h2>\n<p><strong>Sakarya Elektrik Da\u011f\u0131t\u0131m A.\u015e (SEDA\u015e)<\/strong> ile<strong> T\u00fcrkiye Enerji, Su ve Gaz \u0130\u015f\u00e7ileri Sendikas\u0131 (TES-\u0130\u015e)<\/strong> aras\u0131ndaki<strong> toplu i\u015f s\u00f6zle\u015fmesi g\u00f6r\u00fc\u015fmeleri<\/strong>nin ilki ger\u00e7ekle\u015fti. SEDA\u015e\u2019\u0131n teknik e\u011fitim merkezindeki a\u00e7\u0131l\u0131\u015f toplant\u0131s\u0131na <em>SEDA\u015e Y\u00f6netim Kurulu ve \u0130cra Ba\u015fkan\u0131 Dr. Necmi Odyakmaz, Y\u00f6netim Kurulu ve \u0130cra Ba\u015fkan Yard\u0131mc\u0131s\u0131 Jiri Holub, \u0130nsan Kaynaklar\u0131 ve Kurumsal Yetkinlikler <img loading=\"lazy\" class=\"alignright wp-image-151304\" src=\"https:\/\/www.enerjigazetesi.ist\/wp-content\/uploads\/2022\/02\/sedas-ile-tes-is-arasinda-toplu-is-sozlesmesi-gorusmelerine-baslandi-1.jpg\" alt=\"\" width=\"320\" height=\"214\" srcset=\"https:\/\/www.enerjigazetesi.ist\/wp-content\/uploads\/2022\/02\/sedas-ile-tes-is-arasinda-toplu-is-sozlesmesi-gorusmelerine-baslandi-1.jpg 550w, https:\/\/www.enerjigazetesi.ist\/wp-content\/uploads\/2022\/02\/sedas-ile-tes-is-arasinda-toplu-is-sozlesmesi-gorusmelerine-baslandi-1-300x200.jpg 300w, https:\/\/www.enerjigazetesi.ist\/wp-content\/uploads\/2022\/02\/sedas-ile-tes-is-arasinda-toplu-is-sozlesmesi-gorusmelerine-baslandi-1-500x334.jpg 500w, https:\/\/www.enerjigazetesi.ist\/wp-content\/uploads\/2022\/02\/sedas-ile-tes-is-arasinda-toplu-is-sozlesmesi-gorusmelerine-baslandi-1-75x50.jpg 75w, https:\/\/www.enerjigazetesi.ist\/wp-content\/uploads\/2022\/02\/sedas-ile-tes-is-arasinda-toplu-is-sozlesmesi-gorusmelerine-baslandi-1-450x300.jpg 450w\" sizes=\"(max-width: 320px) 100vw, 320px\" \/>Direkt\u00f6r\u00fc Sinem Yorulmaz, Reg\u00fclasyon ve Uyum Direkt\u00f6r\u00fc Mustafa Y\u0131lmaz, Da\u011f\u0131t\u0131m Operasyonlar\u0131 Direkt\u00f6r\u00fc Burhan Ak, Enerji \u015eebeke Y\u00f6netimi Direkt\u00f6r\u00fc Erol Sancak, Finans Direkt\u00f6r Vekili ve Hazine M\u00fcd\u00fcr\u00fc \u00d6zcan Y\u00fcksel ve toplu i\u015f s\u00f6zle\u015fmesi m\u00fczakerelerinde g\u00f6rev yapacak di\u011fer SEDA\u015e y\u00f6neticileri<\/em> kat\u0131ld\u0131.<\/p>\n<p>TES-\u0130\u015e\u2019ten ise Genel Ba\u015fkan Ersin Akma, Genel Ba\u015fkan Yard\u0131mc\u0131s\u0131 Sedat \u00c7okol, Adapazar\u0131 \u015eube Ba\u015fkan\u0131 \u0130rfan Kabalo\u011flu ve TES-\u0130\u015e Adapazar\u0131 \u015eube Y\u00f6netim Kurulu \u00fcyeleri kat\u0131ld\u0131. Yap\u0131lan ilk g\u00f6r\u00fc\u015fmede <strong>29 madde <\/strong>\u00fczerinde <strong>anla\u015fma<\/strong> sa\u011fland\u0131.<\/p>\n<h3><strong>\u201cT\u00fcm \u00e7al\u0131\u015fanlar\u0131m\u0131z\u0131n yan\u0131nda olmaya devam edece\u011fiz\u201d<\/strong><\/h3>\n<p>Toplant\u0131n\u0131n a\u00e7\u0131l\u0131\u015f konu\u015fmas\u0131n\u0131 yapan SEDA\u015e Y\u00f6netim Kurulu ve \u0130cra Ba\u015fkan\u0131 Dr. Necmi Odyakmaz, SEDA\u015el\u0131lar\u0131n \u00e7al\u0131\u015fan haklar\u0131n\u0131n korunmas\u0131na \u00f6ncelik verdiklerini dile getirdi. Odyakmaz, TES-\u0130\u015e ile ba\u015flayan g\u00f6r\u00fc\u015fmelerde kar\u015f\u0131l\u0131kl\u0131 anlay\u0131\u015f ve i\u015f birli\u011finin egemen olaca\u011f\u0131na inand\u0131\u011f\u0131n\u0131 s\u00f6yleyerek <em>\u201c\u015eirketimizde g\u00f6rev yapan <strong>mavi yaka<\/strong> <strong>1.342 arkada\u015f\u0131m\u0131z\u0131<\/strong> ilgilendiren s\u00fcrecin ilk g\u00fcn\u00fcndeyiz. \u00d6nceki toplu i\u015f s\u00f6zle\u015fmesi g\u00f6r\u00fc\u015fmelerinde t\u00fcm \u00e7abam\u0131z\u0131 ortaya koymu\u015ftuk. Bu y\u0131l da elimizden geleni yapacak, \u00e7aba g\u00f6stermeye devam edece\u011fiz. Sayg\u0131, sevgi ve i\u015f birli\u011fiyle herkesin i\u00e7ine sinecek \u015fekilde imzalar\u0131m\u0131z\u0131 ataca\u011f\u0131z. \u0130\u00e7inde bulundu\u011fumuz s\u00fcre\u00e7te, \u00f6zellikle enerji sekt\u00f6r\u00fcnde gerek uluslararas\u0131 gerekse mikro d\u00fczeyde zor bir d\u00f6nemden ge\u00e7iyor olsak da her zaman oldu\u011fu gibi t\u00fcm \u00e7al\u0131\u015fanlar\u0131m\u0131z\u0131n yan\u0131nda olmaya devam edece\u011fiz. \u00d6zellikle pandemi d\u00f6neminde \u00e7ok s\u0131k\u0131nt\u0131l\u0131 g\u00fcnler ya\u015fad\u0131k, ancak el ele vererek g\u00fczel sonu\u00e7lara ula\u015ft\u0131k. T\u00fcm SEDA\u015el\u0131lara bu vesileyle tekrar te\u015fekk\u00fcr ediyorum\u201d<\/em> dedi.<\/p>\n<h3><strong>\u201cSEDA\u015el\u0131lara kar\u015f\u0131 sorumluluklar\u0131m\u0131z\u0131 yerine getirmeyi s\u00fcrd\u00fcrece\u011fiz\u201d<\/strong><\/h3>\n<p>SEDA\u015e \u0130nsan Kaynaklar\u0131 ve Kurumsal Yetkinlikler Direkt\u00f6r\u00fc Sinem Yorulmaz ise pandemi s\u00fcrecinde istihdam seviyesini korumay\u0131 ilk planda tuttuklar\u0131n\u0131 kaydederek <em>\u201cKo\u015fullar nas\u0131l olursa olsun, bizim en de\u011ferli varl\u0131\u011f\u0131m\u0131z olan SEDA\u015e&#8217;l\u0131lara kar\u015f\u0131 sorumluluklar\u0131m\u0131z\u0131 yerine getirmeyi s\u00fcrd\u00fcrece\u011fiz. Pandeminin en zorlu d\u00f6nemlerinde bile \u00e7al\u0131\u015fanlar\u0131m\u0131z\u0131n her konuda yanlar\u0131nda olmay\u0131 birinci planda tuttuk ve \u00e7ok h\u0131zl\u0131 aksiyonlar ald\u0131k. \u00a0\u0130stihdam\u0131m\u0131z\u0131 koruma s\u00f6z\u00fcm\u00fcz\u00fc tutarken, norm kadromuzu 103 ki\u015fi daha art\u0131rd\u0131k. \u00d6nceki <strong>toplu i\u015f s\u00f6zle\u015fmesi g\u00f6r\u00fc\u015fmeleri<\/strong>mizden bu yanaysa <strong>300 yeni arkada\u015f\u0131m\u0131z<\/strong> daha aram\u0131za kat\u0131ld\u0131\u201d dedi.<\/em><\/p>\n<p><em>SEDA\u015e \u00e7al\u0131\u015fanlar\u0131n\u0131n i\u015f sa\u011fl\u0131\u011f\u0131 ve g\u00fcvenli\u011fine \u00f6nem verdiklerini dile getiren Yorulmaz, s\u00f6zlerini \u015fu \u015fekilde tamamlad\u0131; \u201c<strong>\u0130\u015f sa\u011fl\u0131\u011f\u0131 ve g\u00fcvenli\u011fi<\/strong> i\u00e7in b\u00fcy\u00fck bir b\u00fct\u00e7e ay\u0131rd\u0131k. Gerek <strong>Teknik Akademi<\/strong> gerekse online e\u011fitim deste\u011fi ile \u00e7al\u0131\u015fanlar\u0131m\u0131z\u0131n i\u015f sa\u011fl\u0131\u011f\u0131 ve g\u00fcvenli\u011fi konusundaki fark\u0131ndal\u0131\u011f\u0131n\u0131 g\u00fcn be g\u00fcn art\u0131rmaya devam ediyoruz. \u00c7al\u0131\u015fan haklar\u0131n\u0131n s\u00fcrd\u00fcr\u00fclebilirli\u011fi en temel prensiplerimiz aras\u0131nda yer al\u0131yor. Bu konuda \u00e7al\u0131\u015fanlar\u0131m\u0131za kar\u015f\u0131 g\u00f6revimizi ba\u015far\u0131yla yerine getirdi\u011fimize inan\u0131yorum. Bu s\u00f6zle\u015fme \u00e7al\u0131\u015fanlar\u0131m\u0131z\u0131n aileleriyle beraber <strong>5 bin ki\u015finin<\/strong> ya\u015fam\u0131na dokunacak. Hizmet s\u00fcrd\u00fcr\u00fclebilirli\u011fimizi korumak i\u00e7in g\u00f6r\u00fc\u015fmeleri kar\u015f\u0131l\u0131kl\u0131 sayg\u0131 ve anlay\u0131\u015f\u0131yla en g\u00fczel \u015fekilde sonu\u00e7land\u0131rmay\u0131 diliyorum\u201d<\/em> dedi.<\/p>","protected":false},"excerpt":{"rendered":"<p>Sorry, this entry is only available in Turkish. For the sake of viewer convenience, the content is shown below in the alternative language. You may click the link to switch the active language. SEDA\u015e \u00e7al\u0131\u015fanlar\u0131n\u0131 yak\u0131ndan ilgilendiren TES-\u0130\u015e ile y\u00fcr\u00fct\u00fclecek toplu i\u015f s\u00f6zle\u015fmesi g\u00f6r\u00fc\u015fmeleri ba\u015flad\u0131. SEDA\u015e\u2019\u0131n teknik e\u011fitim merkezindeki toplant\u0131ya SEDA\u015e ve TES-\u0130\u015e \u00fcst d\u00fczey [&hellip;]<\/p>\n","protected":false},"author":1,"featured_media":151305,"comment_status":"open","ping_status":"open","sticky":false,"template":"","format":"standard","meta":[],"categories":[51,53],"tags":[26353,101158,51618,38119,101157],"views":150,"_links":{"self":[{"href":"https:\/\/www.enerjigazetesi.ist\/en\/wp-json\/wp\/v2\/posts\/151301"}],"collection":[{"href":"https:\/\/www.enerjigazetesi.ist\/en\/wp-json\/wp\/v2\/posts"}],"about":[{"href":"https:\/\/www.enerjigazetesi.ist\/en\/wp-json\/wp\/v2\/types\/post"}],"author":[{"embeddable":true,"href":"https:\/\/www.enerjigazetesi.ist\/en\/wp-json\/wp\/v2\/users\/1"}],"replies":[{"embeddable":true,"href":"https:\/\/www.enerjigazetesi.ist\/en\/wp-json\/wp\/v2\/comments?post=151301"}],"version-history":[{"count":0,"href":"https:\/\/www.enerjigazetesi.ist\/en\/wp-json\/wp\/v2\/posts\/151301\/revisions"}],"wp:featuredmedia":[{"embeddable":true,"href":"https:\/\/www.enerjigazetesi.ist\/en\/wp-json\/wp\/v2\/media\/151305"}],"wp:attachment":[{"href":"https:\/\/www.enerjigazetesi.ist\/en\/wp-json\/wp\/v2\/media?parent=151301"}],"wp:term":[{"taxonomy":"category","embeddable":true,"href":"https:\/\/www.enerjigazetesi.ist\/en\/wp-json\/wp\/v2\/categories?post=151301"},{"taxonomy":"post_tag","embeddable":true,"href":"https:\/\/www.enerjigazetesi.ist\/en\/wp-json\/wp\/v2\/tags?post=151301"}],"curies":[{"name":"wp","href":"https:\/\/api.w.org\/{rel}","templated":true}]}}