{"id":151222,"date":"2022-02-21T13:14:12","date_gmt":"2022-02-21T10:14:12","guid":{"rendered":"https:\/\/www.enerjigazetesi.ist\/?p=151222"},"modified":"2022-02-21T13:15:17","modified_gmt":"2022-02-21T10:15:17","slug":"escevder-den-cevre-sehircilik-ve-iklim-degisikligi-il-mudurune-ziyaret","status":"publish","type":"post","link":"https:\/\/www.enerjigazetesi.ist\/en\/escevder-den-cevre-sehircilik-ve-iklim-degisikligi-il-mudurune-ziyaret\/","title":{"rendered":"(Turkish) &#8217;ES\u00c7EVDER&#8217; \u00c7evre \u015eehircilik ve \u0130klim De\u011fi\u015fikli\u011fi \u0130l M\u00fcd\u00fcr\u00fc&#8217;n\u00fc Ziyaret Etti"},"content":{"rendered":"<p class=\"qtranxs-available-languages-message qtranxs-available-languages-message-en\">Sorry, this entry is only available in <a href=\"https:\/\/www.enerjigazetesi.ist\/tr\/wp-json\/wp\/v2\/posts\/151222\" class=\"qtranxs-available-language-link qtranxs-available-language-link-tr\" title=\"Turkish\">Turkish<\/a>. For the sake of viewer convenience, the content is shown below in the alternative language. You may click the link to switch the active language.<\/p><p><\/p>\n<h2><strong>Eski\u015fehir \u00c7evre Koruma ve Geli\u015ftirme Derne\u011fi ( ES\u00c7EVDER ) yeni Ola\u011fan genel kurulu se\u00e7imi sonras\u0131 yeni y\u00f6netim kurulu \u00fcyeleri ilk ziyaretlerini Eski\u015fehir Valisi Say\u0131n Erol AYYILDIZ, Odunpazar\u0131 Belediye Ba\u015fkan\u0131 Av.Kaz\u0131m KURT, DS\u0130 3.B\u00f6lge M\u00fcd\u00fcr\u00fc Kaan \u015eAN\u2019dan sonra \u00c7evre \u015eehircilik ve \u0130klim De\u011fi\u015fikli\u011fi il M\u00fcd\u00fcr\u00fc Hikmet \u00c7EL\u0130K\u2019i makam\u0131nda ziyaret etmi\u015flerdir.<\/strong><\/h2>\n<p>Escevder \/ Eski\u015fehir \u00c7evre Koruma ve Geli\u015ftirme Derne\u011fi y\u00f6neticileri ziyaretlerine devam ederek y\u00f6netim kurulu \u00fcyelerinden <strong>Sad\u0131k Yurtman, Filiz Fatma \u00d6zko\u00e7<\/strong> ve <strong>Bar\u0131\u015f Ad\u0131g\u00fczel <\/strong>ile ziyaretlerini\u00a0 <em>\u00c7evre \u015eehircilik ve \u0130klim De\u011fi\u015fikli\u011fi \u0130l M\u00fcd\u00fcr\u00fc<\/em> <strong>Hikmet \u00c7EL\u0130K<\/strong>\u2019e yaparak, <strong>05 Haziran D\u00fcnya \u00c7evre <img loading=\"lazy\" class=\"alignright wp-image-151224\" src=\"https:\/\/www.enerjigazetesi.ist\/wp-content\/uploads\/2022\/02\/escevder-den-cevre-sehircilik-ve-iklim-degisikligi-il-mudurune-ziyaret.jpg\" alt=\"\" width=\"320\" height=\"288\" srcset=\"https:\/\/www.enerjigazetesi.ist\/wp-content\/uploads\/2022\/02\/escevder-den-cevre-sehircilik-ve-iklim-degisikligi-il-mudurune-ziyaret.jpg 550w, https:\/\/www.enerjigazetesi.ist\/wp-content\/uploads\/2022\/02\/escevder-den-cevre-sehircilik-ve-iklim-degisikligi-il-mudurune-ziyaret-300x270.jpg 300w, https:\/\/www.enerjigazetesi.ist\/wp-content\/uploads\/2022\/02\/escevder-den-cevre-sehircilik-ve-iklim-degisikligi-il-mudurune-ziyaret-444x400.jpg 444w, https:\/\/www.enerjigazetesi.ist\/wp-content\/uploads\/2022\/02\/escevder-den-cevre-sehircilik-ve-iklim-degisikligi-il-mudurune-ziyaret-56x50.jpg 56w, https:\/\/www.enerjigazetesi.ist\/wp-content\/uploads\/2022\/02\/escevder-den-cevre-sehircilik-ve-iklim-degisikligi-il-mudurune-ziyaret-500x450.jpg 500w\" sizes=\"(max-width: 320px) 100vw, 320px\" \/>g\u00fcn\u00fcnde<\/strong> yap\u0131lacak olan etkinlikler ve yap\u0131lmas\u0131 d\u00fc\u015f\u00fcn\u00fclen \u00e7al\u0131\u015fmalar hakk\u0131nda <strong>bilgi al\u0131\u015f veri\u015finde<\/strong> bulunmu\u015flard\u0131r.<\/p>\n<p><strong>Eski\u015fehir\u00a0 \u00c7evre Derne\u011fi\u2019nin ( ES\u00c7EVDER ) y\u00f6netim kurulu \u00fcyeleri<\/strong> \u00e7al\u0131\u015fmalar\u0131n\u0131 ve gelecek d\u00f6nemde yapacaklar\u0131 \u00e7al\u0131\u015fma ve etkinlikler konusunda bilgi aktar\u0131larak <strong>D\u00fcnya \u00c7evre G\u00fcn\u00fc&#8217;<\/strong>nde \u00e7evrenin \u00f6nemini \u00f6n plana \u00e7\u0131kartacak etkinlikler d\u00fczenlenmesi gereklili\u011finin \u00fczerinde durulmu\u015ftur.\u00a0 <strong>Hikmet \u00c7EL\u0130K<\/strong> ise <em>\u201c<strong>05 Haziran D\u00fcnya \u00c7evre g\u00fcn\u00fc<\/strong>nde il genelinde ve Okullar\u0131m\u0131za da bir haftay\u0131 kapsayan etkinlikler d\u00fczenlenebilecek olup, sizlerde bu etkinliklere veya d\u00fczenlenebilecek ba\u015fka etkinliklerle katk\u0131 vermenizi isteriz\u201d<\/em> demi\u015ftir.<\/p>\n<p><strong>Eski\u015fehir \u00c7evre Derne\u011fi <\/strong>y\u00f6netim kurulu \u00fcyeleri ayr\u0131ca <strong>Sivrihisar<\/strong> yak\u0131nlar\u0131nda bulunan b\u00f6lgede yap\u0131lan ve at\u0131klar\u0131 <strong>Sakarya<\/strong> nehrine <strong>de\u015farz<\/strong> edilen tesis ile ilgili dilek\u00e7elerini vererek gere\u011finin yap\u0131lmas\u0131n\u0131 talep etmi\u015flerdir.<\/p>\n<p>Ayr\u0131ca ESCEVDER; <strong>\u00e7evreyi kirleten ki\u015fi<\/strong> ve <strong>kurulu\u015flar\u0131<\/strong> yak\u0131ndan takip ederek <strong>\u00e7evrenin korunmas\u0131na katk\u0131<\/strong> sa\u011flamaya devam edeceklerini ve bu \u00e7al\u0131\u015fmalar\u0131n\u0131 s\u00fcrd\u00fcrmeye kararl\u0131 olduklar\u0131n\u0131 kamu oyuna duyurmu\u015ftur. 20.02.2022<\/p>","protected":false},"excerpt":{"rendered":"<p>Sorry, this entry is only available in Turkish. For the sake of viewer convenience, the content is shown below in the alternative language. You may click the link to switch the active language. Eski\u015fehir \u00c7evre Koruma ve Geli\u015ftirme Derne\u011fi ( ES\u00c7EVDER ) yeni Ola\u011fan genel kurulu se\u00e7imi sonras\u0131 yeni y\u00f6netim kurulu \u00fcyeleri ilk ziyaretlerini Eski\u015fehir [&hellip;]<\/p>\n","protected":false},"author":1,"featured_media":151224,"comment_status":"open","ping_status":"open","sticky":false,"template":"","format":"standard","meta":[],"categories":[53],"tags":[40039,55978,71840,1413,54878,57193,9965],"views":129,"_links":{"self":[{"href":"https:\/\/www.enerjigazetesi.ist\/en\/wp-json\/wp\/v2\/posts\/151222"}],"collection":[{"href":"https:\/\/www.enerjigazetesi.ist\/en\/wp-json\/wp\/v2\/posts"}],"about":[{"href":"https:\/\/www.enerjigazetesi.ist\/en\/wp-json\/wp\/v2\/types\/post"}],"author":[{"embeddable":true,"href":"https:\/\/www.enerjigazetesi.ist\/en\/wp-json\/wp\/v2\/users\/1"}],"replies":[{"embeddable":true,"href":"https:\/\/www.enerjigazetesi.ist\/en\/wp-json\/wp\/v2\/comments?post=151222"}],"version-history":[{"count":0,"href":"https:\/\/www.enerjigazetesi.ist\/en\/wp-json\/wp\/v2\/posts\/151222\/revisions"}],"wp:featuredmedia":[{"embeddable":true,"href":"https:\/\/www.enerjigazetesi.ist\/en\/wp-json\/wp\/v2\/media\/151224"}],"wp:attachment":[{"href":"https:\/\/www.enerjigazetesi.ist\/en\/wp-json\/wp\/v2\/media?parent=151222"}],"wp:term":[{"taxonomy":"category","embeddable":true,"href":"https:\/\/www.enerjigazetesi.ist\/en\/wp-json\/wp\/v2\/categories?post=151222"},{"taxonomy":"post_tag","embeddable":true,"href":"https:\/\/www.enerjigazetesi.ist\/en\/wp-json\/wp\/v2\/tags?post=151222"}],"curies":[{"name":"wp","href":"https:\/\/api.w.org\/{rel}","templated":true}]}}