{"id":151211,"date":"2022-02-21T12:42:43","date_gmt":"2022-02-21T09:42:43","guid":{"rendered":"https:\/\/www.enerjigazetesi.ist\/?p=151211"},"modified":"2022-02-21T12:42:43","modified_gmt":"2022-02-21T09:42:43","slug":"shellin-derince-madeni-yag-ve-gres-uretim-tesisi-enerjisini-gunesten-aliyor","status":"publish","type":"post","link":"https:\/\/www.enerjigazetesi.ist\/en\/shellin-derince-madeni-yag-ve-gres-uretim-tesisi-enerjisini-gunesten-aliyor\/","title":{"rendered":"(Turkish) Shell&#8217;in Derince Madeni Ya\u011f ve Gres \u00dcretim Tesisi Enerjisini G\u00fcne\u015ften Al\u0131yor"},"content":{"rendered":"<p class=\"qtranxs-available-languages-message qtranxs-available-languages-message-en\">Sorry, this entry is only available in <a href=\"https:\/\/www.enerjigazetesi.ist\/tr\/wp-json\/wp\/v2\/posts\/151211\" class=\"qtranxs-available-language-link qtranxs-available-language-link-tr\" title=\"Turkish\">Turkish<\/a>. For the sake of viewer convenience, the content is shown below in the alternative language. You may click the link to switch the active language.<\/p><p><\/p>\n<h2>Shell, 2050 y\u0131l\u0131na kadar net s\u0131f\u0131r emisyonla faaliyet g\u00f6steren bir enerji \u015firketi olmay\u0131 hedefliyor. Bu hedeflerinden birincisi; en ge\u00e7 2050 y\u0131l\u0131na kadar t\u00fcm \u00fcr\u00fcnlerinin \u00fcretiminden ve operasyonlar\u0131ndan kaynaklanan emisyonlar\u0131 net s\u0131f\u0131ra indirmek. 2&#8217;incisi; daha fazla yenilenebilir enerji \u00fcr\u00fcn\u00fc satarak enerji \u00fcr\u00fcnlerinin net karbon ayak izini azaltmak. \u00dc\u00e7\u00fcnc\u00fcs\u00fc; daha temiz enerji kaynaklar\u0131n\u0131n kullan\u0131m\u0131n\u0131 te\u015fvik etmek \u00fczere m\u00fc\u015fterileri ile farkl\u0131 sekt\u00f6rlerle ve devletlerle birlikte \u00e7al\u0131\u015fmak.<\/h2>\n<p>Shell, elektrikli ara\u00e7lar i\u00e7in \u015farj istasyonlar\u0131, hidrojen, g\u00fcne\u015f ve r\u00fczgar enerjisiyle \u00fcretilen elektrik gibi daha d\u00fc\u015f\u00fck karbonlu enerjiler sa\u011flayarak, yapt\u0131\u011f\u0131 i\u015fi <strong>karbon emisyonlar\u0131n\u0131 azaltma<\/strong> hedefine uygun \u015fekilde d\u00f6n\u00fc\u015ft\u00fcrmeye devam ediyor. K\u00fcresel hedefi ile uyumlu olarak <strong>Shell &amp; Turcas, Akdeniz<\/strong> <img loading=\"lazy\" class=\"alignright wp-image-151214\" src=\"https:\/\/www.enerjigazetesi.ist\/wp-content\/uploads\/2022\/02\/shellin-derince-madeni-yag-ve-gres-uretim-tesisi-enerjisini-gunesten-aliyor-1.jpg\" alt=\"\" width=\"320\" height=\"223\" srcset=\"https:\/\/www.enerjigazetesi.ist\/wp-content\/uploads\/2022\/02\/shellin-derince-madeni-yag-ve-gres-uretim-tesisi-enerjisini-gunesten-aliyor-1.jpg 550w, https:\/\/www.enerjigazetesi.ist\/wp-content\/uploads\/2022\/02\/shellin-derince-madeni-yag-ve-gres-uretim-tesisi-enerjisini-gunesten-aliyor-1-300x209.jpg 300w, https:\/\/www.enerjigazetesi.ist\/wp-content\/uploads\/2022\/02\/shellin-derince-madeni-yag-ve-gres-uretim-tesisi-enerjisini-gunesten-aliyor-1-500x348.jpg 500w, https:\/\/www.enerjigazetesi.ist\/wp-content\/uploads\/2022\/02\/shellin-derince-madeni-yag-ve-gres-uretim-tesisi-enerjisini-gunesten-aliyor-1-72x50.jpg 72w\" sizes=\"(max-width: 320px) 100vw, 320px\" \/>havzas\u0131ndaki tek gres ve en b\u00fcy\u00fck madeni ya\u011f \u00fcretim tesisi olan <strong>Derince Madeni Ya\u011f ve Gres \u00dcretimi Tesisi&#8217;nin<\/strong> \u00e7at\u0131s\u0131n\u0131<strong> solar panellerle<\/strong> kaplayarak, <strong>g\u00fcne\u015f enerjisinden elektrik \u00fcretmeye<\/strong> ba\u015fl\u0131yor.<\/p>\n<p>T\u00fcrkiye&#8217;de sekt\u00f6r\u00fcnde bir ilk olan bu uygulama sayesinde y\u0131lda yakla\u015f\u0131k <strong>500 ton<\/strong> karbon sal\u0131m\u0131n\u0131 engellenecek. <strong>Deprem Y\u00f6netmeli\u011fine<\/strong> uygun \u015fekilde \u00f6ncelikle 500&#8217;den fazla \u00e7elik boru ile g\u00fc\u00e7lendirilen binalar\u0131n \u00fczerine <strong>2.744 adet solar panelin<\/strong> yerle\u015ftirme ve<strong> kablolama i\u015flemleri<\/strong> tamamland\u0131. Her iki y\u00fczeyden de elektrik \u00fcretme \u00f6zelli\u011fine sahip \u00e7ift tarafl\u0131 panellerin kullan\u0131ld\u0131\u011f\u0131 sistem b\u00f6ylece hem zeminden yans\u0131yan hem de ortamda da\u011f\u0131lan<strong> g\u00fcne\u015f \u0131\u015f\u0131\u011f\u0131n\u0131<\/strong> kullanabilecek. Toplam kurulu g\u00fcc\u00fc yakla\u015f\u0131k <strong>1MW (905,52kW)<\/strong> olan sistem, ayn\u0131 zamanda <strong>mobil uygulama<\/strong> ile <strong>uzaktan ba\u011flant\u0131<\/strong> sa\u011flanarak her bir panelin performans\u0131 ve \u00fcretim de\u011ferleri anl\u0131k olarak takip edilebilecek.<\/p>\n<h3><strong>Shell Madeni Ya\u011f ve Gres \u00dcretimi Tesisi, sekt\u00f6r\u00fcn\u00fcn ihracat \u015fampiyonu<\/strong><\/h3>\n<p>2021 y\u0131l\u0131nda<strong> 130 milyon litre<\/strong>\u2019nin \u00fczerinde madeni ya\u011f ve gres \u00fcretimi ger\u00e7ekle\u015ftirilen Derince\u2019deki Shell Madeni Ya\u011f ve Gres \u00dcretimi Tesisi,<strong> 65 \u00fclkeye<\/strong> ger\u00e7ekle\u015ftirdi\u011fi ihracat hacmi ile sekt\u00f6r\u00fcnde lider konumda ve yaratt\u0131\u011f\u0131 ihracat geliri ile de \u00fclke ekonomisine katk\u0131 sa\u011fl\u0131yor.<\/p>\n<h3><strong>Shell \u0130stasyonlar\u0131 da enerjisini g\u00fcne\u015ften sa\u011fl\u0131yor<\/strong><\/h3>\n<p>Daha \u00f6nce istasyonlar\u0131nda da benzer d\u00f6n\u00fc\u015f\u00fcm\u00fc ba\u015flatan <strong>Shell &amp; Turcas, d\u00f6n\u00fc\u015f\u00fcm\u00fc<\/strong> ger\u00e7ekle\u015ftirdi\u011fi istasyonlar\u0131ndaki elektrik ihtiyac\u0131n\u0131n<strong> %30<\/strong>&#8216;unu <strong>g\u00fcne\u015f enerjisinden<\/strong> sa\u011fl\u0131yor. \u015eirket, 2022 y\u0131l\u0131 sonuna kadar \u00fclke genelinde, <strong>elektri\u011fini g\u00fcne\u015f enerjisinden<\/strong> sa\u011flayan istasyon say\u0131s\u0131n\u0131 <strong>100\u2019e<\/strong> \u00e7\u0131karmay\u0131 hedefliyor. Bu sayede T\u00fcrkiye\u2019deki toplam <strong>g\u00fcne\u015f enerjisi kurulu g\u00fcc\u00fc<\/strong>n\u00fcn yakla\u015f\u0131k<strong> 5 MW<\/strong> seviyesine \u00e7\u0131kart\u0131lmas\u0131 planlanmaktad\u0131r.<\/p>\n<p><strong>Shell T\u00fcrkiye \u00dclke Ba\u015fkan\u0131 Ahmet Erdem<\/strong>, T\u00fcrkiye\u2019nin Shell i\u00e7in \u00f6neminin alt\u0131n\u0131 \u00e7izerek Shell Derince Madeni Ya\u011f ve Gres \u00dcretimi Tesisi ile ilgili \u015funlar\u0131 dile getirdi: <em>&#8220;Shell olarak <strong>iklim de\u011fi\u015fikli\u011fi<\/strong> ile m\u00fccadele i\u00e7in 2050 y\u0131l\u0131na kadar <strong>net s\u0131f\u0131r emisyonla<\/strong> faaliyet g\u00f6steren bir enerji \u015firketi olmay\u0131 hedefliyoruz. Bunun i\u00e7in; en ge\u00e7 2050 y\u0131l\u0131na kadar t\u00fcm \u00fcr\u00fcnlerimizin \u00fcretiminden ve operasyonlar\u0131m\u0131zdan kaynaklanan emisyonlar\u0131 net s\u0131f\u0131ra indirece\u011fiz, daha fazla <strong>yenilenebilir enerji \u00fcr\u00fcn\u00fc<\/strong> satarak enerji \u00fcr\u00fcnlerimizin<strong> net karbon ayak izini azaltaca\u011f\u0131z<\/strong> ve <strong>daha temiz enerji kaynaklar\u0131n\u0131n<\/strong> kullan\u0131m\u0131n\u0131 te\u015fvik etmek \u00fczere m\u00fc\u015fterilerimizle, farkl\u0131 sekt\u00f6rlerle ve devletlerle birlikte \u00e7al\u0131\u015faca\u011f\u0131z. Shell, <strong>enerji d\u00f6n\u00fc\u015f\u00fcm\u00fcnde<\/strong> \u00f6nemli bir k\u00fcresel oyuncu. <strong>Elektrikli ara\u00e7lar<\/strong> i\u00e7in<strong> \u015farj istasyonlar\u0131, hidrojen, g\u00fcne\u015f<\/strong> ve <strong>r\u00fczgar enerjisiyle<\/strong> \u00fcretilen elektrik gibi daha <strong>d\u00fc\u015f\u00fck karbonlu enerjiler<\/strong> sa\u011flayarak, i\u015fimizi <strong>karbon emisyonlar\u0131n\u0131 azaltma<\/strong> hedefimize uygun \u015fekilde d\u00f6n\u00fc\u015ft\u00fcr\u00fcyoruz. T\u00fcrkiye\u2019de istasyonlar\u0131m\u0131z\u0131n \u00e7at\u0131lar\u0131n\u0131 da g\u00fcne\u015f panelleri ile kaplayarak, istasyonlar\u0131m\u0131z\u0131n da enerjisini <strong>yenilenebilir kaynaklardan sa\u011flamas\u0131<\/strong> konusu \u00e7al\u0131\u015fmalar y\u00fcr\u00fct\u00fcyoruz. 2022 y\u0131l\u0131 sonuna kadar bu say\u0131y\u0131 100\u2019e \u00e7\u0131kartmay\u0131 hedefliyoruz. Sekt\u00f6rde bir ilk olarak <strong>Derince Madeni Ya\u011f ve Gres \u00dcretimi Tesisi&#8217;<\/strong>mizin \u00e7at\u0131s\u0131n\u0131 <strong>solar panellerle<\/strong> kaplad\u0131k. Toplam kurulu g\u00fcc\u00fc yakla\u015f\u0131k <strong>1MW (905,52kW)<\/strong> olan solar paneller sayesinde, Derince\u2019deki tesisimizin elektrik ihtiyac\u0131n\u0131n <strong>%25<\/strong>&#8216;ini g\u00fcne\u015f enerjisinden sa\u011flayaca\u011f\u0131z&#8221;<\/em> ifadelerini kulland\u0131.<\/p>","protected":false},"excerpt":{"rendered":"<p>Sorry, this entry is only available in Turkish. For the sake of viewer convenience, the content is shown below in the alternative language. You may click the link to switch the active language. Shell, 2050 y\u0131l\u0131na kadar net s\u0131f\u0131r emisyonla faaliyet g\u00f6steren bir enerji \u015firketi olmay\u0131 hedefliyor. Bu hedeflerinden birincisi; en ge\u00e7 2050 y\u0131l\u0131na kadar [&hellip;]<\/p>\n","protected":false},"author":1,"featured_media":151215,"comment_status":"open","ping_status":"open","sticky":false,"template":"","format":"standard","meta":[],"categories":[51,53,49],"tags":[35344,18,2206,1999,37486,10746,40323,842],"views":223,"_links":{"self":[{"href":"https:\/\/www.enerjigazetesi.ist\/en\/wp-json\/wp\/v2\/posts\/151211"}],"collection":[{"href":"https:\/\/www.enerjigazetesi.ist\/en\/wp-json\/wp\/v2\/posts"}],"about":[{"href":"https:\/\/www.enerjigazetesi.ist\/en\/wp-json\/wp\/v2\/types\/post"}],"author":[{"embeddable":true,"href":"https:\/\/www.enerjigazetesi.ist\/en\/wp-json\/wp\/v2\/users\/1"}],"replies":[{"embeddable":true,"href":"https:\/\/www.enerjigazetesi.ist\/en\/wp-json\/wp\/v2\/comments?post=151211"}],"version-history":[{"count":0,"href":"https:\/\/www.enerjigazetesi.ist\/en\/wp-json\/wp\/v2\/posts\/151211\/revisions"}],"wp:featuredmedia":[{"embeddable":true,"href":"https:\/\/www.enerjigazetesi.ist\/en\/wp-json\/wp\/v2\/media\/151215"}],"wp:attachment":[{"href":"https:\/\/www.enerjigazetesi.ist\/en\/wp-json\/wp\/v2\/media?parent=151211"}],"wp:term":[{"taxonomy":"category","embeddable":true,"href":"https:\/\/www.enerjigazetesi.ist\/en\/wp-json\/wp\/v2\/categories?post=151211"},{"taxonomy":"post_tag","embeddable":true,"href":"https:\/\/www.enerjigazetesi.ist\/en\/wp-json\/wp\/v2\/tags?post=151211"}],"curies":[{"name":"wp","href":"https:\/\/api.w.org\/{rel}","templated":true}]}}