{"id":151174,"date":"2022-02-20T20:22:03","date_gmt":"2022-02-20T17:22:03","guid":{"rendered":"https:\/\/www.enerjigazetesi.ist\/?p=151174"},"modified":"2022-02-20T20:27:07","modified_gmt":"2022-02-20T17:27:07","slug":"brisa-iklim-degisikligi-ve-su-programinda-global-liderlik-seviyesinde","status":"publish","type":"post","link":"https:\/\/www.enerjigazetesi.ist\/en\/brisa-iklim-degisikligi-ve-su-programinda-global-liderlik-seviyesinde\/","title":{"rendered":"(Turkish) &#8217;Brisa&#8217; \u0130klim De\u011fi\u015fikli\u011fi ve Su Program\u0131&#8217;nda Global Liderlik Seviyesinde"},"content":{"rendered":"<p class=\"qtranxs-available-languages-message qtranxs-available-languages-message-en\">Sorry, this entry is only available in <a href=\"https:\/\/www.enerjigazetesi.ist\/tr\/wp-json\/wp\/v2\/posts\/151174\" class=\"qtranxs-available-language-link qtranxs-available-language-link-tr\" title=\"Turkish\">Turkish<\/a>. For the sake of viewer convenience, the content is shown below in the alternative language. You may click the link to switch the active language.<\/p><p><\/p>\n<h2><strong>Brisa, uluslararas\u0131 \u00e7evresel raporlama platformu Karbon Saydaml\u0131k Projesi 2021\u2019de (Carbon Disclosure Project-CDP) \u00f6nceki y\u0131llardaki ba\u015far\u0131s\u0131n\u0131 devam ettirerek 6. kez T\u00fcrkiye \u0130klim De\u011fi\u015fikli\u011fi Lideri ve 3&#8217;\u00fcnc\u00fc kez Su Lideri oldu. Tedarik\u00e7i \u0130li\u015fkileri De\u011ferlemesi\u2019nde (SER) ise, en prestijli seviye olan A seviyesinde yer alarak 2. kez Global Liderler aras\u0131nda yer ald\u0131.<\/strong><\/h2>\n<p><strong>Sabanc\u0131 Holding<\/strong> ve <strong>Bridgestone Corporation<\/strong> i\u015ftiraki olan, <strong>Bridgestone<\/strong> ve <strong>Lassa<\/strong> markalar\u0131yla T\u00fcrkiye lastik pazar\u0131 lideri Brisa, temelinde samimiyet ve insanl\u0131\u011fa hizmet olan <strong>\u2018Brimiz Hepimiz \u0130\u00e7in\u2019<\/strong> vizyonuyla, <strong>\u00e7evre<\/strong> ve<strong> toplum<\/strong> odakl\u0131 <strong>y\u00f6neti\u015fim sistemleri<\/strong> kurarak<strong> s\u00fcrd\u00fcr\u00fclebilir bir gelece\u011fe<\/strong> katk\u0131 <img loading=\"lazy\" class=\"alignright wp-image-151176\" src=\"https:\/\/www.enerjigazetesi.ist\/wp-content\/uploads\/2022\/02\/brisa-iklim-degisikligi-ve-su-programinda-global-liderlik-seviyesinde-1.jpg\" alt=\"\" width=\"320\" height=\"219\" srcset=\"https:\/\/www.enerjigazetesi.ist\/wp-content\/uploads\/2022\/02\/brisa-iklim-degisikligi-ve-su-programinda-global-liderlik-seviyesinde-1.jpg 550w, https:\/\/www.enerjigazetesi.ist\/wp-content\/uploads\/2022\/02\/brisa-iklim-degisikligi-ve-su-programinda-global-liderlik-seviyesinde-1-300x205.jpg 300w, https:\/\/www.enerjigazetesi.ist\/wp-content\/uploads\/2022\/02\/brisa-iklim-degisikligi-ve-su-programinda-global-liderlik-seviyesinde-1-500x342.jpg 500w, https:\/\/www.enerjigazetesi.ist\/wp-content\/uploads\/2022\/02\/brisa-iklim-degisikligi-ve-su-programinda-global-liderlik-seviyesinde-1-73x50.jpg 73w\" sizes=\"(max-width: 320px) 100vw, 320px\" \/>sa\u011fl\u0131yor.<\/p>\n<p>Brisa, <strong>\u0130klim De\u011fi\u015fikli\u011fi program\u0131<\/strong> de\u011ferlemesinde <strong>6. Kez,<\/strong> Su program\u0131 de\u011ferlemesinde ise <strong>3. kez<\/strong> T\u00fcrkiye liderleri aras\u0131nda yer ald\u0131. D\u00fcnya ortalamas\u0131n\u0131n <strong>\u0130klim De\u011fi\u015fikli\u011fi Programlar\u0131<\/strong> i\u00e7in <strong>B-<\/strong>, Su Programlar\u0131 i\u00e7in<strong> B<\/strong> oldu\u011fu <strong>CDP 2021<\/strong> de\u011ferlemesinde, Brisa her iki alanda da <strong>A-<\/strong> alarak, d\u00fcnya genelindeki <strong>%19<\/strong>\u2019luk en ba\u015far\u0131l\u0131 grupta yer ald\u0131.<\/p>\n<p>2019 y\u0131l\u0131nda CDP\u2019ye dahil edilen ve \u015firketlerin tedarik\u00e7ilerini<strong> iklim de\u011fi\u015fikli\u011fiyle m\u00fccadele<\/strong> s\u00fcrecine ne kadar dahil etti\u011fini \u00f6l\u00e7en <strong>Tedarik\u00e7i \u0130li\u015fkileri De\u011ferlemesi\u2019nde (SER)<\/strong> ise, notu en prestijli seviye olan <strong>A<\/strong> oldu. Y\u00f6neti\u015fim, hedefler,<strong> de\u011fer zinciri emisyonlar\u0131<\/strong>, tedarik\u00e7i kat\u0131l\u0131m stratejileri gibi alanlardaki y\u00fcksek performans\u0131n\u0131 g\u00f6steren bu skor ile Brisa, ge\u00e7en y\u0131l oldu\u011fu gibi bu y\u0131l da say\u0131l\u0131 \u015firketin bulundu\u011fu <strong>K\u00fcresel Liderler<\/strong> listesinde yer ald\u0131.<\/p>\n<p>Brisa\u2019n\u0131n bu ba\u015far\u0131s\u0131n\u0131 de\u011ferlendiren <strong>Brisa CEO\u2019su Haluk K\u00fcrk\u00e7\u00fc<\/strong><em> \u201c\u015eirketimizin ortaklar\u0131 <strong>Bridgestone Corporation<\/strong> ve <strong>Sabanc\u0131 Holding<\/strong>\u2019in vizyonuyla s\u00fcrd\u00fcr\u00fclebilirli\u011fi kurum k\u00fclt\u00fcr\u00fcm\u00fcz\u00fcn ve dolay\u0131s\u0131yla t\u00fcm faaliyetlerimizin ayr\u0131lmaz bir par\u00e7as\u0131 olarak de\u011ferlendiriyoruz. Her y\u0131l <strong>karbon emisyonunun<\/strong> ve <strong>at\u0131klar\u0131n azalt\u0131lmas\u0131, enerji<\/strong> ve <strong>suyun verimli kullan\u0131lmas\u0131<\/strong>na y\u00f6nelik somut aksiyonlarla <strong>s\u00fcrd\u00fcr\u00fclebilirlik performans\u0131m\u0131z\u0131<\/strong> daha ileriye ta\u015f\u0131yoruz. Bunun yan\u0131nda payda\u015flar\u0131m\u0131z\u0131 da s\u00fcrd\u00fcr\u00fclebilirlik yolculu\u011fumuza dahil ediyor; <strong>hammadde tedarik<\/strong> ve <strong>sevkiyat s\u00fcre\u00e7lerimizde<\/strong> ya da bayilerimiz kanal\u0131yla neden oldu\u011fumuz dolayl\u0131 emisyonlarda da s\u00fcrekli takip ve iyile\u015ftirmeler yap\u0131yoruz. Ayr\u0131ca stratejik hedeflerimiz kapsam\u0131nda tedarik zincirimizi yerelle\u015ftirme \u00e7al\u0131\u015fmalar\u0131m\u0131z da devam ediyor. Brisa olarak t\u00fcm bu \u00e7abalar\u0131m\u0131zla bir kez daha kazand\u0131\u011f\u0131m\u0131z ulusal ve global liderlikten gurur ve mutluluk duyuyorum. G\u00f6n\u00fclden bir yakla\u015f\u0131mla \u00e7\u00f6z\u00fcm\u00fcn bir par\u00e7as\u0131y\u0131z ve kararl\u0131l\u0131kla <strong>s\u00fcrd\u00fcr\u00fclebilir gelece\u011fe yat\u0131r\u0131m<\/strong> yapmaya devam edece\u011fiz.\u201d<\/em> dedi.<\/p>\n<p>Brisa, 1990\u2019l\u0131 y\u0131llarda T\u00fcrkiye\u2019nin ilk, Avrupa\u2019n\u0131n ikinci <strong>ISO14001 sertifikasyonu<\/strong>nu alm\u0131\u015f bir firma olarak s\u00fcrd\u00fcr\u00fclebilirlik alan\u0131nda \u00f6nc\u00fc \u00e7al\u0131\u015fmalar\u0131yla biliniyor. 2017 y\u0131l\u0131nda <strong>ISO14046 Su Ayak \u0130zi Standard\u0131<\/strong>\u2019n\u0131 almaya hak kazanan T\u00fcrkiye ve Avrupa\u2019daki ilk \u015firket oldu. Son 15 y\u0131ld\u0131r somut projelerle, <strong>\u00e7evre odakl\u0131, toplumsal<\/strong> ve <strong>y\u00f6neti\u015fim sistemleri<\/strong> kurarak istikrarl\u0131 bir <strong>iklim de\u011fi\u015fikli\u011fiyle<\/strong> m\u00fccadele program\u0131 y\u00fcr\u00fcten Brisa, CDP\u2019ye 2011 y\u0131l\u0131ndan beri <strong>karbon sal\u0131m\u0131<\/strong> ve 2015\u2019den beri<strong> su raporlamas\u0131<\/strong> yap\u0131yor. Brisa, 2021 y\u0131l\u0131nda<strong> 1,5 derece<\/strong> senaryosuna g\u00f6re hesaplad\u0131\u011f\u0131 2030 y\u0131l\u0131 <strong>%56<\/strong> <strong>emisyon azalt\u0131m<\/strong> hedefini, bu konudaki global olu\u015fum <strong>Bilim Temelli Hedefler Giri\u015fimi\u2019ne(SBTI)<\/strong> onaylatt\u0131. Lastik lideri ayr\u0131ca, <strong>Birle\u015fmi\u015f Milletler K\u00fcresel \u0130lkeler S\u00f6zle\u015fmesi (UNGC)<\/strong> giri\u015fimi olan CEO <strong>Water Mandate<\/strong>\u2019in T\u00fcrkiye\u2019den imzac\u0131s\u0131 olan <strong>8 \u015firket<\/strong> aras\u0131na kat\u0131ld\u0131.<\/p>","protected":false},"excerpt":{"rendered":"<p>Sorry, this entry is only available in Turkish. For the sake of viewer convenience, the content is shown below in the alternative language. You may click the link to switch the active language. Brisa, uluslararas\u0131 \u00e7evresel raporlama platformu Karbon Saydaml\u0131k Projesi 2021\u2019de (Carbon Disclosure Project-CDP) \u00f6nceki y\u0131llardaki ba\u015far\u0131s\u0131n\u0131 devam ettirerek 6. kez T\u00fcrkiye \u0130klim De\u011fi\u015fikli\u011fi [&hellip;]<\/p>\n","protected":false},"author":1,"featured_media":151177,"comment_status":"open","ping_status":"open","sticky":false,"template":"","format":"standard","meta":[],"categories":[53],"tags":[79836,15532,10743,32109,10921,3344,101087,101091,101088,101092,101090,101089],"views":72,"_links":{"self":[{"href":"https:\/\/www.enerjigazetesi.ist\/en\/wp-json\/wp\/v2\/posts\/151174"}],"collection":[{"href":"https:\/\/www.enerjigazetesi.ist\/en\/wp-json\/wp\/v2\/posts"}],"about":[{"href":"https:\/\/www.enerjigazetesi.ist\/en\/wp-json\/wp\/v2\/types\/post"}],"author":[{"embeddable":true,"href":"https:\/\/www.enerjigazetesi.ist\/en\/wp-json\/wp\/v2\/users\/1"}],"replies":[{"embeddable":true,"href":"https:\/\/www.enerjigazetesi.ist\/en\/wp-json\/wp\/v2\/comments?post=151174"}],"version-history":[{"count":0,"href":"https:\/\/www.enerjigazetesi.ist\/en\/wp-json\/wp\/v2\/posts\/151174\/revisions"}],"wp:featuredmedia":[{"embeddable":true,"href":"https:\/\/www.enerjigazetesi.ist\/en\/wp-json\/wp\/v2\/media\/151177"}],"wp:attachment":[{"href":"https:\/\/www.enerjigazetesi.ist\/en\/wp-json\/wp\/v2\/media?parent=151174"}],"wp:term":[{"taxonomy":"category","embeddable":true,"href":"https:\/\/www.enerjigazetesi.ist\/en\/wp-json\/wp\/v2\/categories?post=151174"},{"taxonomy":"post_tag","embeddable":true,"href":"https:\/\/www.enerjigazetesi.ist\/en\/wp-json\/wp\/v2\/tags?post=151174"}],"curies":[{"name":"wp","href":"https:\/\/api.w.org\/{rel}","templated":true}]}}