{"id":151153,"date":"2022-02-19T19:09:39","date_gmt":"2022-02-19T16:09:39","guid":{"rendered":"https:\/\/www.enerjigazetesi.ist\/?p=151153"},"modified":"2022-02-19T22:37:18","modified_gmt":"2022-02-19T19:37:18","slug":"5-000m2-den-buyuk-insaatlara-yuzde-5-yenilenebilir-enerji-sarti-getirildi","status":"publish","type":"post","link":"https:\/\/www.enerjigazetesi.ist\/en\/5-000m2-den-buyuk-insaatlara-yuzde-5-yenilenebilir-enerji-sarti-getirildi\/","title":{"rendered":"(Turkish) 5.000 m2&#8217;den B\u00fcy\u00fck \u0130n\u015faatlara %5 Yenilenebilir Enerji \u015eart\u0131 Getirildi"},"content":{"rendered":"<p class=\"qtranxs-available-languages-message qtranxs-available-languages-message-en\">Sorry, this entry is only available in <a href=\"https:\/\/www.enerjigazetesi.ist\/tr\/wp-json\/wp\/v2\/posts\/151153\" class=\"qtranxs-available-language-link qtranxs-available-language-link-tr\" title=\"Turkish\">Turkish<\/a>. For the sake of viewer convenience, the content is shown below in the alternative language. You may click the link to switch the active language.<\/p><p><\/p>\n<h2><img loading=\"lazy\" class=\"alignright wp-image-151155\" src=\"https:\/\/www.enerjigazetesi.ist\/wp-content\/uploads\/2022\/02\/5-000m2-den-buyuk-insaatlara-5-yenilenebilir-enerji-sarti-kapida.jpg\" alt=\"\" width=\"320\" height=\"231\" srcset=\"https:\/\/www.enerjigazetesi.ist\/wp-content\/uploads\/2022\/02\/5-000m2-den-buyuk-insaatlara-5-yenilenebilir-enerji-sarti-kapida.jpg 550w, https:\/\/www.enerjigazetesi.ist\/wp-content\/uploads\/2022\/02\/5-000m2-den-buyuk-insaatlara-5-yenilenebilir-enerji-sarti-kapida-300x217.jpg 300w, https:\/\/www.enerjigazetesi.ist\/wp-content\/uploads\/2022\/02\/5-000m2-den-buyuk-insaatlara-5-yenilenebilir-enerji-sarti-kapida-500x361.jpg 500w, https:\/\/www.enerjigazetesi.ist\/wp-content\/uploads\/2022\/02\/5-000m2-den-buyuk-insaatlara-5-yenilenebilir-enerji-sarti-kapida-69x50.jpg 69w\" sizes=\"(max-width: 320px) 100vw, 320px\" \/>1 Ocak 2023\u2019ten itibaren, toplam in\u015faat alan\u0131 5.000 metrekareden b\u00fcy\u00fck olan t\u00fcm binalar i\u00e7in enerji performans s\u0131n\u0131f\u0131 en az \u2018B\u2019 olacak \u015fekilde in\u015fa edilecek. Ayr\u0131ca bu binalar\u0131n, kulland\u0131\u011f\u0131 enerjinin en az % 5\u2019inin g\u00fcne\u015f enerjisi, r\u00fczgar enerjisi ve(ya) \u0131s\u0131 pompas\u0131 gibi temiz enerji kaynaklar\u0131ndan kar\u015f\u0131lanmas\u0131 zorunlu olacak.<\/h2>\n<p>D\u00fczenleme kapsam\u0131nda, <strong>1 Ocak 2023 tarihinden<\/strong> itibaren projelerde<strong> yenilenebilir enerji<\/strong> ve<strong> verimlilik<\/strong> <strong>uygulamalar\u0131na<\/strong> yer vermeyen binalara<strong> ruhsat d\u00fczenlenemeyecek. <\/strong><\/p>\n<p><strong>Y\u00f6netmelikteki de\u011fi\u015fiklikle<\/strong> uygulaman\u0131n <strong>01 Ocak 2025 tarihinden<\/strong>\u00a0itibaren <strong>2.000 metrekare<\/strong> \u00fczeri <strong>t\u00fcm binalara yayg\u0131nla\u015ft\u0131r\u0131lmas\u0131<\/strong> ve kullan\u0131lan enerjinin en az <strong>% 10<\/strong>\u2019unun <strong>yenilenebilir enerji kaynaklar\u0131ndan sa\u011flamas\u0131<\/strong> <strong>zorunlulu\u011fu<\/strong> da getiriliyor.<\/p>","protected":false},"excerpt":{"rendered":"<p>Sorry, this entry is only available in Turkish. For the sake of viewer convenience, the content is shown below in the alternative language. You may click the link to switch the active language. 1 Ocak 2023\u2019ten itibaren, toplam in\u015faat alan\u0131 5.000 metrekareden b\u00fcy\u00fck olan t\u00fcm binalar i\u00e7in enerji performans s\u0131n\u0131f\u0131 en az \u2018B\u2019 olacak \u015fekilde [&hellip;]<\/p>\n","protected":false},"author":1,"featured_media":151155,"comment_status":"open","ping_status":"open","sticky":false,"template":"","format":"standard","meta":[],"categories":[51,53,52,49,50],"tags":[101081,13,11263,100139,10457,5839,16,1296,3733,101082,508],"views":549,"_links":{"self":[{"href":"https:\/\/www.enerjigazetesi.ist\/en\/wp-json\/wp\/v2\/posts\/151153"}],"collection":[{"href":"https:\/\/www.enerjigazetesi.ist\/en\/wp-json\/wp\/v2\/posts"}],"about":[{"href":"https:\/\/www.enerjigazetesi.ist\/en\/wp-json\/wp\/v2\/types\/post"}],"author":[{"embeddable":true,"href":"https:\/\/www.enerjigazetesi.ist\/en\/wp-json\/wp\/v2\/users\/1"}],"replies":[{"embeddable":true,"href":"https:\/\/www.enerjigazetesi.ist\/en\/wp-json\/wp\/v2\/comments?post=151153"}],"version-history":[{"count":0,"href":"https:\/\/www.enerjigazetesi.ist\/en\/wp-json\/wp\/v2\/posts\/151153\/revisions"}],"wp:featuredmedia":[{"embeddable":true,"href":"https:\/\/www.enerjigazetesi.ist\/en\/wp-json\/wp\/v2\/media\/151155"}],"wp:attachment":[{"href":"https:\/\/www.enerjigazetesi.ist\/en\/wp-json\/wp\/v2\/media?parent=151153"}],"wp:term":[{"taxonomy":"category","embeddable":true,"href":"https:\/\/www.enerjigazetesi.ist\/en\/wp-json\/wp\/v2\/categories?post=151153"},{"taxonomy":"post_tag","embeddable":true,"href":"https:\/\/www.enerjigazetesi.ist\/en\/wp-json\/wp\/v2\/tags?post=151153"}],"curies":[{"name":"wp","href":"https:\/\/api.w.org\/{rel}","templated":true}]}}