{"id":151101,"date":"2022-02-18T12:59:37","date_gmt":"2022-02-18T09:59:37","guid":{"rendered":"https:\/\/www.enerjigazetesi.ist\/?p=151101"},"modified":"2022-02-18T12:59:37","modified_gmt":"2022-02-18T09:59:37","slug":"sivil-toplumun-iklim-surasi-ndan-10-talebi","status":"publish","type":"post","link":"https:\/\/www.enerjigazetesi.ist\/en\/sivil-toplumun-iklim-surasi-ndan-10-talebi\/","title":{"rendered":"(Turkish) Sivil Toplumun \u0130klim \u015euras\u0131\u2019ndan 10 Talebi!"},"content":{"rendered":"<p class=\"qtranxs-available-languages-message qtranxs-available-languages-message-en\">Sorry, this entry is only available in <a href=\"https:\/\/www.enerjigazetesi.ist\/tr\/wp-json\/wp\/v2\/posts\/151101\" class=\"qtranxs-available-language-link qtranxs-available-language-link-tr\" title=\"Turkish\">Turkish<\/a>. For the sake of viewer convenience, the content is shown below in the alternative language. You may click the link to switch the active language.<\/p><p><\/p>\n<h2>T\u00fcrkiye&#8217;nin 2053 Net S\u0131f\u0131r Emisyon ve Ye\u015fil Kalk\u0131nma hedefi do\u011frultusunda k\u0131sa, orta ve uzun vadeli strateji, eylem, politika ve mevzuatlar\u0131n altyap\u0131s\u0131n\u0131 olu\u015fturacak \u0130klim \u015euras\u0131, \u00c7evre, \u015eehircilik ve \u0130klim De\u011fi\u015fikli\u011fi Bakanl\u0131\u011f\u0131&#8217;nca 21-25 \u015eubat 2022 tarihleri aras\u0131nda Konya&#8217;da ger\u00e7ekle\u015ftirilecek.<\/h2>\n<p><strong>\u0130klim \u015euras\u0131<\/strong> \u00f6ncesinde Bakanl\u0131k taraf\u0131ndan d\u00fczenlenen <strong>\u00e7evrimi\u00e7i komisyon toplant\u0131lar\u0131<\/strong> tamamland\u0131.<strong> Sera gaz\u0131 azalt\u0131m\u0131, ye\u015fil finansman<\/strong> ve <strong>karbon fiyatlama, iklim de\u011fi\u015fikli\u011fine <img loading=\"lazy\" class=\"alignright wp-image-151103\" src=\"https:\/\/www.enerjigazetesi.ist\/wp-content\/uploads\/2022\/02\/sivil-toplumun-iklim-surasi-ndan-10-talebi.jpg\" alt=\"\" width=\"320\" height=\"242\" srcset=\"https:\/\/www.enerjigazetesi.ist\/wp-content\/uploads\/2022\/02\/sivil-toplumun-iklim-surasi-ndan-10-talebi.jpg 530w, https:\/\/www.enerjigazetesi.ist\/wp-content\/uploads\/2022\/02\/sivil-toplumun-iklim-surasi-ndan-10-talebi-300x226.jpg 300w, https:\/\/www.enerjigazetesi.ist\/wp-content\/uploads\/2022\/02\/sivil-toplumun-iklim-surasi-ndan-10-talebi-500x377.jpg 500w, https:\/\/www.enerjigazetesi.ist\/wp-content\/uploads\/2022\/02\/sivil-toplumun-iklim-surasi-ndan-10-talebi-66x50.jpg 66w\" sizes=\"(max-width: 320px) 100vw, 320px\" \/>uyum, yerel y\u00f6netimler, g\u00f6\u00e7 ve adil ge\u00e7i\u015f<\/strong> ile <strong>bilim ve teknoloji<\/strong> konular\u0131nda toplanan komisyonlarda, <strong>iklim ve \u00e7evre<\/strong> alan\u0131nda \u00e7al\u0131\u015fan kurumlar\u0131n temsilcileri T\u00fcrkiye\u2019nin <strong>net s\u0131f\u0131r hedefine<\/strong> ula\u015fmas\u0131 i\u00e7in gerekli politika \u00f6nerilerini sundu.<\/p>\n<p>\u0130klim ve \u00e7evre alan\u0131nda \u00e7al\u0131\u015fan kurumlar, 2053 net s\u0131f\u0131r emisyon hedefine ula\u015fabilmek i\u00e7in, 2030 y\u0131l\u0131na y\u00f6nelik<strong> iklim hedeflerinin<\/strong> belirleyici olaca\u011f\u0131na dikkat \u00e7ekiyor.<\/p>\n<p>\u0130mzac\u0131 kurumlar, <strong>\u0130klim \u015euras\u0131\u2019nda<\/strong> al\u0131nacak kararlar\u0131n a\u015fa\u011f\u0131daki talepleri i\u00e7ermesi <span style=\"text-decoration: underline;\">gerekti\u011fini belirtiyor:<\/span><\/p>\n<p>1- K\u00f6m\u00fcrden elektrik \u00fcreten <strong>yeni termik santrallerin kurulmamas\u0131<\/strong>; k\u00f6m\u00fcr madeni <strong>a\u00e7ma<\/strong> ve <strong>maden geni\u015fletme<\/strong> faaliyetlerinin ger\u00e7ekle\u015ftirilmemesi<\/p>\n<p>2- K\u00f6m\u00fcr ba\u015fta olmak \u00fczere, <strong>fosil yak\u0131tlara<\/strong> y\u00f6nelik<strong> te\u015fviklerin<\/strong> <strong>derhal sonland\u0131r\u0131lmas\u0131<\/strong><\/p>\n<p>3- <strong>2030 y\u0131l\u0131na<\/strong> kadar <strong>k\u00f6m\u00fcrden elektrik \u00fcretimi<\/strong>nin kademeli olarak<strong> sona erdirilmesi<\/strong><\/p>\n<p>4- 2030 y\u0131l\u0131na kadar elektrik \u00fcretiminde <strong>yenilenebilir enerji kaynaklar\u0131n\u0131n<\/strong> pay\u0131n\u0131n en az <strong>%75<\/strong>\u2019e \u00e7\u0131kar\u0131lmas\u0131<\/p>\n<p>5- Emisyon \u00fcst s\u0131n\u0131rlar\u0131n\u0131n <strong>2053 net s\u0131f\u0131r vizyonu<\/strong>yla uyumlu \u015fekilde belirlendi\u011fi ve sekt\u00f6rleri <strong>emisyon azalt\u0131m\u0131na te\u015fvik<\/strong> edecek seviyede bir <strong>karbon fiyatland\u0131rma mekanizmas\u0131<\/strong>n\u0131n devreye al\u0131nmas\u0131<\/p>\n<p>6- <strong>2030 y\u0131l\u0131na<\/strong> kadar denizlerde ve karada korunan alanlar\u0131n koruma niteli\u011finin art\u0131r\u0131larak \u00fclke y\u00fcz\u00f6l\u00e7\u00fcm\u00fcndeki pay\u0131n\u0131n <strong>%30<\/strong>\u2019a \u00e7\u0131kar\u0131lmas\u0131, bu kapsamda <strong>ormanlar\u0131n madencilik, turizm, enerji<\/strong> ve <strong>yap\u0131la\u015fma<\/strong> gibi faaliyetler i\u00e7in tahsis edilmesine son verilmesi ve \u00f6zellikle<strong> kurakl\u0131k riski<\/strong> olan alanlarda artan <strong>a\u011fa\u00e7 kesimine son verilmesi<\/strong><\/p>\n<p>7- <strong>\u0130klim de\u011fi\u015fikli\u011fiyle m\u00fccadele<\/strong> ve kentlerin uyumu i\u00e7in <strong>kentsel politikalar\u0131n<\/strong> ve <strong>imar planlar\u0131n\u0131n revize edilmesi<\/strong>, kentsel hizmetlerin <strong>karbonsuzla\u015ft\u0131r\u0131lmas\u0131<\/strong><\/p>\n<p>8- <strong>Net s\u0131f\u0131r bir ekonomiye ge\u00e7i\u015fin<\/strong> sa\u011flayaca\u011f\u0131 faydalar\u0131n<strong> geni\u015f kesimlere da\u011f\u0131lmas\u0131n\u0131<\/strong> ve <strong>ye\u015fil i\u015f olanaklar\u0131<\/strong>n\u0131n yarat\u0131lmas\u0131n\u0131 sa\u011flayacak, ge\u00e7i\u015ften ekonomik olarak etkilenecek toplum kesimlerini geride b\u0131rakmayacak bir <strong>adil d\u00f6n\u00fc\u015f\u00fcm mekanizmas\u0131n\u0131n<\/strong> tasarlanmas\u0131<\/p>\n<p>9- <strong>G\u0131da sistemlerinin<\/strong> bir b\u00fct\u00fcn olarak ele al\u0131nmas\u0131, bu \u00e7er\u00e7evede<strong> 2030 y\u0131l\u0131na<\/strong> kadar, <strong>toprak sa\u011fl\u0131\u011f\u0131n\u0131<\/strong> iyile\u015ftiren ve ekosistemi destekleyen uygulamalarla <strong>g\u0131da g\u00fcvencesi<\/strong>nin ve g\u00fcvenli\u011finin sa\u011flanmas\u0131 ve <strong>tar\u0131m kaynakl\u0131 emisyonlar\u0131n azalt\u0131lmas\u0131<\/strong><\/p>\n<p>10- <strong>\u0130klim de\u011fi\u015fikli\u011fi ile m\u00fccadele<\/strong> ve enerji yat\u0131r\u0131mlar\u0131n\u0131n planlanmas\u0131 s\u00fcre\u00e7lerinde<strong> halk sa\u011fl\u0131\u011f\u0131n\u0131n g\u00f6zetilmesi<\/strong> ve <strong>\u00f6nceliklendirilmesi.<\/strong><\/p>\n<p><strong>\u0130mzac\u0131 kurumlar:<\/strong><\/p>\n<p>Avrupa \u0130klim Eylem A\u011f\u0131 (CAN Europe)<\/p>\n<p>Greenpeace Akdeniz<\/p>\n<p>\u0130klim De\u011fi\u015fikli\u011fi Politika ve Ara\u015ft\u0131rma Derne\u011fi<\/p>\n<p>K\u00f6m\u00fcr\u00fcn \u00d6tesinde Avrupa (Europe Beyond Coal)<\/p>\n<p>Sa\u011fl\u0131k ve \u00c7evre Birli\u011fi (HEAL)<\/p>\n<p>S\u00fcrd\u00fcr\u00fclebilir Ekonomi ve Finans Ara\u015ft\u0131rmalar\u0131 Derne\u011fi (SEFiA)<\/p>\n<p>WWF-T\u00fcrkiye (Do\u011fal Hayat\u0131 Koruma Vakf\u0131)<\/p>\n<p>Yuva Derne\u011fi<\/p>\n<p>350 T\u00fcrkiye<\/p>","protected":false},"excerpt":{"rendered":"<p>Sorry, this entry is only available in Turkish. For the sake of viewer convenience, the content is shown below in the alternative language. You may click the link to switch the active language. T\u00fcrkiye&#8217;nin 2053 Net S\u0131f\u0131r Emisyon ve Ye\u015fil Kalk\u0131nma hedefi do\u011frultusunda k\u0131sa, orta ve uzun vadeli strateji, eylem, politika ve mevzuatlar\u0131n altyap\u0131s\u0131n\u0131 olu\u015fturacak [&hellip;]<\/p>\n","protected":false},"author":1,"featured_media":151103,"comment_status":"open","ping_status":"open","sticky":false,"template":"","format":"standard","meta":[],"categories":[53,52],"tags":[101052,97607,101055,101054,65152,85621,2441,86018,63101,4033,90,101056,101053],"views":168,"_links":{"self":[{"href":"https:\/\/www.enerjigazetesi.ist\/en\/wp-json\/wp\/v2\/posts\/151101"}],"collection":[{"href":"https:\/\/www.enerjigazetesi.ist\/en\/wp-json\/wp\/v2\/posts"}],"about":[{"href":"https:\/\/www.enerjigazetesi.ist\/en\/wp-json\/wp\/v2\/types\/post"}],"author":[{"embeddable":true,"href":"https:\/\/www.enerjigazetesi.ist\/en\/wp-json\/wp\/v2\/users\/1"}],"replies":[{"embeddable":true,"href":"https:\/\/www.enerjigazetesi.ist\/en\/wp-json\/wp\/v2\/comments?post=151101"}],"version-history":[{"count":0,"href":"https:\/\/www.enerjigazetesi.ist\/en\/wp-json\/wp\/v2\/posts\/151101\/revisions"}],"wp:featuredmedia":[{"embeddable":true,"href":"https:\/\/www.enerjigazetesi.ist\/en\/wp-json\/wp\/v2\/media\/151103"}],"wp:attachment":[{"href":"https:\/\/www.enerjigazetesi.ist\/en\/wp-json\/wp\/v2\/media?parent=151101"}],"wp:term":[{"taxonomy":"category","embeddable":true,"href":"https:\/\/www.enerjigazetesi.ist\/en\/wp-json\/wp\/v2\/categories?post=151101"},{"taxonomy":"post_tag","embeddable":true,"href":"https:\/\/www.enerjigazetesi.ist\/en\/wp-json\/wp\/v2\/tags?post=151101"}],"curies":[{"name":"wp","href":"https:\/\/api.w.org\/{rel}","templated":true}]}}