{"id":151024,"date":"2022-02-17T12:50:42","date_gmt":"2022-02-17T09:50:42","guid":{"rendered":"https:\/\/www.enerjigazetesi.ist\/?p=151024"},"modified":"2022-02-17T13:10:38","modified_gmt":"2022-02-17T10:10:38","slug":"yedasin-buz-yuku-olusumunu-engelleme-projesi-tubitaktan-destek-aldi","status":"publish","type":"post","link":"https:\/\/www.enerjigazetesi.ist\/en\/yedasin-buz-yuku-olusumunu-engelleme-projesi-tubitaktan-destek-aldi\/","title":{"rendered":"(Turkish) &#8217;YEDA\u015e&#8217; Buz Y\u00fck\u00fc Olu\u015fumunu Engelleme Projesi Geli\u015ftirdi"},"content":{"rendered":"<p class=\"qtranxs-available-languages-message qtranxs-available-languages-message-en\">Sorry, this entry is only available in <a href=\"https:\/\/www.enerjigazetesi.ist\/tr\/wp-json\/wp\/v2\/posts\/151024\" class=\"qtranxs-available-language-link qtranxs-available-language-link-tr\" title=\"Turkish\">Turkish<\/a>. For the sake of viewer convenience, the content is shown below in the alternative language. You may click the link to switch the active language.<\/p><p><\/p>\n<h2>YEDA\u015e, enerji nakil hatlar\u0131nda buz y\u00fck\u00fc olu\u015fumunu engellemek i\u00e7in bir proje geli\u015ftirdi.<\/h2>\n<p>K\u0131\u015f aylar\u0131nda <strong>yo\u011fun kar ya\u011f\u0131\u015f\u0131, buzlanma, f\u0131rt\u0131na, ya\u011fmur ya\u011f\u0131\u015f\u0131<\/strong> gibi olumsuz hava ko\u015fullar\u0131 <img loading=\"lazy\" class=\"alignright wp-image-151027\" src=\"https:\/\/www.enerjigazetesi.ist\/wp-content\/uploads\/2022\/02\/yedas-in-buz-yuku-olusumunu-engelleme-projesi-tubitaktan-destek-aldi-2.jpg\" alt=\"\" width=\"320\" height=\"280\" srcset=\"https:\/\/www.enerjigazetesi.ist\/wp-content\/uploads\/2022\/02\/yedas-in-buz-yuku-olusumunu-engelleme-projesi-tubitaktan-destek-aldi-2.jpg 550w, https:\/\/www.enerjigazetesi.ist\/wp-content\/uploads\/2022\/02\/yedas-in-buz-yuku-olusumunu-engelleme-projesi-tubitaktan-destek-aldi-2-300x262.jpg 300w, https:\/\/www.enerjigazetesi.ist\/wp-content\/uploads\/2022\/02\/yedas-in-buz-yuku-olusumunu-engelleme-projesi-tubitaktan-destek-aldi-2-457x400.jpg 457w, https:\/\/www.enerjigazetesi.ist\/wp-content\/uploads\/2022\/02\/yedas-in-buz-yuku-olusumunu-engelleme-projesi-tubitaktan-destek-aldi-2-57x50.jpg 57w, https:\/\/www.enerjigazetesi.ist\/wp-content\/uploads\/2022\/02\/yedas-in-buz-yuku-olusumunu-engelleme-projesi-tubitaktan-destek-aldi-2-500x437.jpg 500w\" sizes=\"(max-width: 320px) 100vw, 320px\" \/>nedeni ile<strong> elektrik da\u011f\u0131t\u0131m hatlar\u0131nda<\/strong> direk devrilmeleri, izolat\u00f6r ve iletken kopmalar\u0131 meydana gelmektedir. Proje kapsam\u0131nda tasarlanacak sistem ile<strong> buz y\u00fck\u00fc olu\u015fumu<\/strong> i\u00e7in gerekli olan hava \u015fartlar\u0131 <strong>sens\u00f6rler<\/strong> vas\u0131tas\u0131yla tespit edilecek, <strong>elektromekanik sistem<\/strong> otomatik olarak devreye girerek iletken \u00fczerindeki <strong>buz y\u00fck\u00fc olu\u015fumunu \u00f6nlemek<\/strong> i\u00e7in da\u011f\u0131t\u0131m hatt\u0131na fiziksel bir <strong>darbe uygulayacak<\/strong> ve <strong>hatt\u0131n \u00e7\u0131rpma hareketi<\/strong> yapmas\u0131 sa\u011flanacakt\u0131r. \u00a0YEDA\u015e bu kapsamda <strong>verimlilik sa\u011flanmas\u0131<\/strong>na y\u00f6nelik \u00e7al\u0131\u015fmalar\u0131yla, <strong>T\u00dcB\u0130TAK<\/strong> taraf\u0131ndan desteklenen <strong>enerji nakil hatlar\u0131<\/strong>nda buz y\u00fck\u00fc olu\u015fumunu engellemek projesi ile sekt\u00f6r\u00fcnde dikkatleri \u00fczerine \u00e7ekmeye devam ediyor.<\/p>\n<h3>Hedef S\u0131f\u0131r Ar\u0131za<\/h3>\n<p>Rekabet\u00e7i ko\u015fullarda <strong>\u2018S\u00fcrd\u00fcr\u00fclebilir\u2019<\/strong> ba\u015far\u0131n\u0131n s\u0131rr\u0131n\u0131 <strong>Ar-Ge \u00e7al\u0131\u015fmalar\u0131<\/strong>na verilen \u00f6neme ba\u011flayan YEDA\u015e,<strong> \u2018Teknolojik Yat\u0131r\u0131mlar\u0131n\u0131\u2019<\/strong> h\u0131zl\u0131 bir \u015fekilde sistemine entegre ediyor. <em>YEDA\u015e Genel M\u00fcd\u00fcr\u00fc<\/em> <strong>Hasan Yasir Bora<\/strong>, <em>\u201c<strong>inovasyon hedefli projelerimizi<\/strong> hayata ge\u00e7irerek,<strong> teknolojik yat\u0131r\u0131mlar\u0131m\u0131z\u0131<\/strong> <strong>\u2018\u0130novasyon\u2019<\/strong> ba\u015fl\u0131\u011f\u0131 alt\u0131nda ger\u00e7ekle\u015ftiriyor, t\u00fcm \u00e7al\u0131\u015fmalar\u0131m\u0131zda <strong>s\u00fcrd\u00fcr\u00fclebilir, kaliteli enerji<\/strong> ve<strong> kesintisiz hizmet<\/strong> misyonunu ama\u00e7l\u0131yoruz. <strong>Milli ak\u0131l<\/strong> ve <strong>yerli imkanlar<\/strong> ile geli\u015ftirilen \u00e7\u00f6z\u00fcmlerle<strong> da\u011f\u0131t\u0131m \u015febekemizde<\/strong> buz y\u00fck\u00fc olu\u015fumunun \u00f6n\u00fcne ge\u00e7mekte kararl\u0131y\u0131z. \u00dcr\u00fcn\u00fcn yayg\u0131nla\u015ft\u0131r\u0131lmas\u0131 ile \u00fclkemizde <strong>buz y\u00fck\u00fc olu\u015fumundan<\/strong> kaynakl\u0131 \u015febeke ar\u0131zalar\u0131n\u0131n \u00f6nlenmesi sa\u011flanacakt\u0131r.\u201d<\/em> dedi.<\/p>","protected":false},"excerpt":{"rendered":"<p>Sorry, this entry is only available in Turkish. For the sake of viewer convenience, the content is shown below in the alternative language. You may click the link to switch the active language. YEDA\u015e, enerji nakil hatlar\u0131nda buz y\u00fck\u00fc olu\u015fumunu engellemek i\u00e7in bir proje geli\u015ftirdi. K\u0131\u015f aylar\u0131nda yo\u011fun kar ya\u011f\u0131\u015f\u0131, buzlanma, f\u0131rt\u0131na, ya\u011fmur ya\u011f\u0131\u015f\u0131 gibi [&hellip;]<\/p>\n","protected":false},"author":1,"featured_media":151028,"comment_status":"open","ping_status":"open","sticky":false,"template":"","format":"standard","meta":[],"categories":[51,53],"tags":[11683,101020,15016,26353,101021,2178,1971],"views":183,"_links":{"self":[{"href":"https:\/\/www.enerjigazetesi.ist\/en\/wp-json\/wp\/v2\/posts\/151024"}],"collection":[{"href":"https:\/\/www.enerjigazetesi.ist\/en\/wp-json\/wp\/v2\/posts"}],"about":[{"href":"https:\/\/www.enerjigazetesi.ist\/en\/wp-json\/wp\/v2\/types\/post"}],"author":[{"embeddable":true,"href":"https:\/\/www.enerjigazetesi.ist\/en\/wp-json\/wp\/v2\/users\/1"}],"replies":[{"embeddable":true,"href":"https:\/\/www.enerjigazetesi.ist\/en\/wp-json\/wp\/v2\/comments?post=151024"}],"version-history":[{"count":0,"href":"https:\/\/www.enerjigazetesi.ist\/en\/wp-json\/wp\/v2\/posts\/151024\/revisions"}],"wp:featuredmedia":[{"embeddable":true,"href":"https:\/\/www.enerjigazetesi.ist\/en\/wp-json\/wp\/v2\/media\/151028"}],"wp:attachment":[{"href":"https:\/\/www.enerjigazetesi.ist\/en\/wp-json\/wp\/v2\/media?parent=151024"}],"wp:term":[{"taxonomy":"category","embeddable":true,"href":"https:\/\/www.enerjigazetesi.ist\/en\/wp-json\/wp\/v2\/categories?post=151024"},{"taxonomy":"post_tag","embeddable":true,"href":"https:\/\/www.enerjigazetesi.ist\/en\/wp-json\/wp\/v2\/tags?post=151024"}],"curies":[{"name":"wp","href":"https:\/\/api.w.org\/{rel}","templated":true}]}}