{"id":150992,"date":"2022-02-16T13:55:42","date_gmt":"2022-02-16T10:55:42","guid":{"rendered":"https:\/\/www.enerjigazetesi.ist\/?p=150992"},"modified":"2022-02-16T13:56:01","modified_gmt":"2022-02-16T10:56:01","slug":"arter-in-yeni-ve-en-yeni-muzik-festivali-25-27-subatta-cevrimici-yapilacak","status":"publish","type":"post","link":"https:\/\/www.enerjigazetesi.ist\/en\/arter-in-yeni-ve-en-yeni-muzik-festivali-25-27-subatta-cevrimici-yapilacak\/","title":{"rendered":"(Turkish) Arter&#8217;\u0131n &#8216;Yeni ve En Yeni M\u00fczik Festivali&#8217; 25-27 \u015eubat&#8217;ta \u00c7evrimi\u00e7i Yap\u0131lacak"},"content":{"rendered":"<p class=\"qtranxs-available-languages-message qtranxs-available-languages-message-en\">Sorry, this entry is only available in <a href=\"https:\/\/www.enerjigazetesi.ist\/tr\/wp-json\/wp\/v2\/posts\/150992\" class=\"qtranxs-available-language-link qtranxs-available-language-link-tr\" title=\"Turkish\">Turkish<\/a>. For the sake of viewer convenience, the content is shown below in the alternative language. You may click the link to switch the active language.<\/p><p><\/p>\n<h2><strong>Arter, Matthias Osterwold sanat y\u00f6netmenli\u011finde ger\u00e7ekle\u015ftirdi\u011fi Yeni ve En Yeni M\u00fczik Festivali\u2019nin 3&#8217;\u00fcnc\u00fc edisyonunda \u00e7e\u015fitlilik, ula\u015f\u0131labilirlik ve ge\u00e7i\u015fkenli\u011fe odaklan\u0131yor. \u0130lk y\u0131l\u0131nda yeni m\u00fczik takip\u00e7ilerini Arter\u2019de bir araya getirmesinin ard\u0131ndan pandemi \u015fartlar\u0131nda \u00e7evrimi\u00e7i ortama ta\u015f\u0131nan festival, paneller ve yeni m\u00fczi\u011fin \u00e7ok y\u00f6nl\u00fc do\u011fas\u0131na odaklanan film g\u00f6sterimleriyle \u00e7a\u011fda\u015f sanat\u0131n farkl\u0131 disiplinlerine ilgi duyan, ara\u015ft\u0131rmaya merakl\u0131 t\u00fcm dinleyicilere sesleniyor.<\/strong><\/h2>\n<p><strong><img loading=\"lazy\" class=\"alignright wp-image-150994\" src=\"https:\/\/www.enerjigazetesi.ist\/wp-content\/uploads\/2022\/02\/arter-in-yeni-ve-en-yeni-muzik-festivali-25-27-subatta-cevrimici-yapilacak.jpg\" alt=\"\" width=\"320\" height=\"268\" srcset=\"https:\/\/www.enerjigazetesi.ist\/wp-content\/uploads\/2022\/02\/arter-in-yeni-ve-en-yeni-muzik-festivali-25-27-subatta-cevrimici-yapilacak.jpg 550w, https:\/\/www.enerjigazetesi.ist\/wp-content\/uploads\/2022\/02\/arter-in-yeni-ve-en-yeni-muzik-festivali-25-27-subatta-cevrimici-yapilacak-300x251.jpg 300w, https:\/\/www.enerjigazetesi.ist\/wp-content\/uploads\/2022\/02\/arter-in-yeni-ve-en-yeni-muzik-festivali-25-27-subatta-cevrimici-yapilacak-477x400.jpg 477w, https:\/\/www.enerjigazetesi.ist\/wp-content\/uploads\/2022\/02\/arter-in-yeni-ve-en-yeni-muzik-festivali-25-27-subatta-cevrimici-yapilacak-60x50.jpg 60w, https:\/\/www.enerjigazetesi.ist\/wp-content\/uploads\/2022\/02\/arter-in-yeni-ve-en-yeni-muzik-festivali-25-27-subatta-cevrimici-yapilacak-500x419.jpg 500w\" sizes=\"(max-width: 320px) 100vw, 320px\" \/>Arter<\/strong>\u2019in 2020 ba\u015f\u0131nda <strong>\u0130stanbul\u2019a<\/strong> kazand\u0131rd\u0131\u011f\u0131 <strong>Yeni ve En Yeni M\u00fczik Festivali<\/strong>\u2019nin \u00fc\u00e7\u00fcnc\u00fc edisyonu, <strong>25\u201327<\/strong> <strong>\u015eubat 2022<\/strong> tarihlerinde <strong>\u00e7evrimi\u00e7i<\/strong> ve<strong> \u00fccretsiz<\/strong> olarak ger\u00e7ekle\u015ftirilecek. Deneysel m\u00fczik ve kavramsal sanat d\u00fcnyas\u0131n\u0131n \u00f6nde gelen fig\u00fcrlerinden, <strong>Klangspuren Schwaz Tirol, MaerzMusik \/ Berliner Festspiele, Ruhrtriennale<\/strong> gibi <strong>k\u00f6kl\u00fc festival<\/strong> ve <strong>bienallerin sanat y\u00f6netmenli\u011fini<\/strong> ve <strong>m\u00fczik k\u00fcrat\u00f6rl\u00fc\u011f\u00fcn\u00fc<\/strong> \u00fcstlenen <strong>Matthias Osterwold<\/strong>\u2019un sanat y\u00f6netmenli\u011finde d\u00fczenlenen festivalin <strong>3 g\u00fcne<\/strong> yay\u0131lan program\u0131,<strong> \u201cYeni M\u00fczik\u201d<\/strong>e dair zengin bir i\u00e7erik sunuyor.<\/p>\n<h3><strong>FEST\u0130VALDE NELER VAR?<\/strong><\/h3>\n<p><strong>Yeni ve En Yeni M\u00fczik Festivali<\/strong>, <strong>25 \u015eubat Cuma<\/strong> g\u00fcn\u00fc \u00e7a\u011fda\u015f sanatta m\u00fczik ve ses \u00fczerine bir seminerle ba\u015flayacak. Y\u00fcr\u00fct\u00fcc\u00fcl\u00fc\u011f\u00fcn\u00fc <strong>Rana Gediz \u0130ren<\/strong>\u2019in \u00fcstlendi\u011fi oturum, <strong>20. y\u00fczy\u0131l\u0131n<\/strong> ba\u015flang\u0131c\u0131ndan itibaren <strong>m\u00fczik<\/strong> ve <strong>ses<\/strong> ile <strong>g\u00f6rsel sanatlar<\/strong> aras\u0131nda artan ge\u00e7i\u015fkenli\u011fi, <strong>g\u00fcncel bestecilerin \u00e7a\u011fda\u015f sanat\u00e7\u0131larla<\/strong> ger\u00e7ekle\u015ftirdikleri i\u015fbirliklerini <strong>Arter<\/strong>\u2019de yer alan sergilerin de dahil oldu\u011fu \u00e7e\u015fitli <strong>\u00f6rnekler \u00fczerinden incelemeye<\/strong> a\u00e7acak. Cuma g\u00fcn\u00fcn\u00fcn 2&#8217;inci etkinli\u011fi ise, k\u00fcrat\u00f6rl\u00fc\u011f\u00fcn\u00fc <strong>Arter Kurucu Direkt\u00f6r\u00fc Melih Fereli<\/strong>\u2019nin \u00fcstlendi\u011fi <em>Dinleyen G\u00f6zler \u0130\u00e7in<\/em> sergisi i\u00e7inde, <strong>Amy Salsgiver<\/strong> taraf\u0131ndan icra edilen performansa ait filmin pr\u00f6miyeri olacak. Besteci ve perk\u00fcsyonist <strong>Amy Salsgiver<\/strong>\u2019\u0131n, <em>Dinleyen G\u00f6zler \u0130\u00e7in<\/em> sergisinde yer alan, <strong>ses<\/strong> ve <strong>sessizli\u011fin dengesini<\/strong> sorgulayan eserlerle ba\u011flant\u0131l\u0131 ger\u00e7ekle\u015ftirdi\u011fi konser, <strong>John Cage<\/strong> ve <strong>John Luther Adams<\/strong> par\u00e7alar\u0131n\u0131n yan\u0131 s\u0131ra<strong> Jaros\u0142aw Koz\u0142owski<\/strong>\u2019nin \u201cExercises in Ethics\u201d adl\u0131 eserinden esinle Salsgiver taraf\u0131ndan yaz\u0131lan yeni bir besteyi de i\u00e7eriyor.<\/p>\n<p>Festivalin <strong>2&#8217;inci g\u00fcn\u00fc<\/strong>, besteci ve akademisyen <strong>Sandeep Bhagwati<\/strong>\u2019nin sunumuyla ba\u015flayacak. Festivalin Sanat Y\u00f6netmeni <strong>Matthias Osterwold<\/strong> moderat\u00f6rl\u00fc\u011f\u00fcnde ger\u00e7ekle\u015fecek bu panelde Yeni M\u00fczik alan\u0131ndaki <strong>\u00e7e\u015fitlilik, kimlik politikalar\u0131, uluslararas\u0131<\/strong> ve <strong>ulusa\u015f\u0131r\u0131 m\u00fczikal topluluklar<\/strong> ve <strong>etnom\u00fczikoloji<\/strong> \u00fczerinden tart\u0131\u015f\u0131lacak. <strong>26 \u015eubat Cumartesi<\/strong> g\u00fcn\u00fc ayr\u0131ca<strong> y\u00f6netmen<\/strong> ve <strong>m\u00fczisyenlerin<\/strong> kat\u0131l\u0131m\u0131yla, <strong>pek \u00e7ok farkl\u0131 k\u00fclt\u00fcrden<\/strong> beslenen <strong>performanslara<\/strong> ve <strong>gelenekler \u00f6tesi ili\u015fkileri<\/strong> yans\u0131tan uluslararas\u0131 projelere dair <strong>k\u0131sa belgeseller<\/strong> g\u00f6sterilecek.<\/p>\n<p><strong>27 \u015eubat Pazar<\/strong> g\u00fcn\u00fc ise <strong>Yeni ve En Yeni M\u00fczik Festivali<\/strong>\u2019nde<strong> ula\u015f\u0131labilirlik<\/strong> ve <strong>beden\u2013enstr\u00fcman ili\u015fkilenmesi<\/strong> konu edilecek. G\u00fcn\u00fcn ilk paneli,<strong> m\u00fczikte pop\u00fclerlik<\/strong> tuza\u011f\u0131na d\u00fc\u015fmeden eri\u015filebilirli\u011fin art\u0131r\u0131lmas\u0131 ve <strong>yarat\u0131m\u2013payla\u015f\u0131m<\/strong> s\u00fcrecinin girift yap\u0131s\u0131 \u00fczerine bir tart\u0131\u015fma alan\u0131 a\u00e7acak. 2&#8217;inci oturum ise, <strong>enstr\u00fcmanla\u015fan bedenlerden<\/strong> ve <strong>insan bedeninin do\u011fal ritminin m\u00fczi\u011fe d\u00f6n\u00fc\u015f\u00fcm\u00fc<\/strong>nden yola \u00e7\u0131kacak. <strong>Panel teknolojik zenginle\u015ftirmeler<\/strong> ve<strong> transh\u00fcmanizme<\/strong> dayanan <strong>m\u00fczikal deneyler<\/strong> ile en temel hareket yolu olan <strong>dans\/titre\u015fimi<\/strong> konu edinecek. Ayn\u0131 g\u00fcn\u00fcn ak\u015fam\u0131, <strong>Merce Cunningham<\/strong>\u2019\u0131n <em>50 Looks<\/em> adl\u0131 koreografisinin, <strong>Arter<\/strong>\u2019deki <em>Ya\u011fmur Orman\u0131 V (varyasyon 3)<\/em> sergisi i\u00e7inde<strong> \u0130BB \u015eehir Tiyatrolar\u0131<\/strong> <strong>\u00c7a\u011fda\u015f G\u00f6steri Sanatlar\u0131 Merkezi<\/strong> i\u015fbirli\u011fiyle ger\u00e7ekle\u015ftirilen yeniden yorumu niteli\u011findeki <strong><em>50 Looks in Rainforest<\/em><\/strong> performans\u0131n\u0131n belgeseli izleyiciyle bulu\u015facak. Y\u00f6netmenli\u011fini ve hareket yerle\u015fimini <strong>Emre Koyuncuo\u011flu<\/strong>\u2019nun ger\u00e7ekle\u015ftirdi\u011fi, <strong>Ay\u015fe G\u00fcny\u00fcz, Hazal Uprak Senem Oluz, Serkan Bozkurt ve Volkan \u00d6zt\u00fcrk<\/strong> taraf\u0131ndan <strong>icra edilen performans\u0131n<\/strong> s\u00fcre\u00e7lerini belgeleyen, <strong>Sel\u00e7uk Metin<\/strong> y\u00f6netmenli\u011findeki filmin d\u00fcnya pr\u00f6miyeriyle <strong>Yeni ve En Yeni M\u00fczik Festivali<\/strong>\u2019nin<strong> bu y\u0131lki edisyonu<\/strong> sona erecek.<\/p>\n<p><strong>Arter<\/strong>\u2019in g\u00fcncel programlar\u0131na ili\u015fkin daha detayl\u0131 bilgiye <strong><a href=\"http:\/\/www.arter.org.tr\/\" target=\"_blank\" rel=\"noopener\">www.arter.org.tr<\/a><\/strong> adresinden eri\u015filebilir. <strong>Arter<\/strong> Pazartesi hari\u00e7 her g\u00fcn a\u00e7\u0131k. Kurumsal Sponsor T\u00fcpra\u015f\u2019\u0131n de\u011ferli deste\u011fiyle, t\u00fcm sergilere giri\u015f <strong>24 ya\u015f alt\u0131 izleyiciler<\/strong> i\u00e7in her g\u00fcn; <strong>Per\u015fembe g\u00fcnleri<\/strong> ise her ya\u015ftan izleyici i\u00e7in \u00fccretsiz. <strong>Arter Beraber<\/strong> \u00fcyeleri ise sergileri <strong>y\u0131l boyunca \u00fccretsiz<\/strong> ziyaret etmenin yan\u0131 s\u0131ra farkl\u0131 ayr\u0131cal\u0131klardan faydalan\u0131yor. <strong>Arter<\/strong> binas\u0131n\u0131n <strong>K\u00fct\u00fcphane<\/strong>, <strong>Kitabevi<\/strong>, <strong>Bistro by Divan<\/strong>, arka bahc\u0327e alanlar\u0131na ve Galeri 0\u2019da yer alan sergiye giri\u015f i\u00e7in bilet gerekmiyor. Ula\u015f\u0131m Sponsorlar\u0131<strong> Ford Otosan<\/strong> ve<strong> Otokar<\/strong>\u2019\u0131n deste\u011fi sayesinde <strong>Taksim<\/strong>\u2019den ve <strong>Tepeba\u015f\u0131<\/strong>\u2019ndan<strong> \u00fccretsiz servis ara\u00e7lar\u0131<\/strong>yla <strong>Arter<\/strong>\u2019e ula\u015f\u0131labiliyor.<\/p>","protected":false},"excerpt":{"rendered":"<p>Sorry, this entry is only available in Turkish. For the sake of viewer convenience, the content is shown below in the alternative language. You may click the link to switch the active language. Arter, Matthias Osterwold sanat y\u00f6netmenli\u011finde ger\u00e7ekle\u015ftirdi\u011fi Yeni ve En Yeni M\u00fczik Festivali\u2019nin 3&#8217;\u00fcnc\u00fc edisyonunda \u00e7e\u015fitlilik, ula\u015f\u0131labilirlik ve ge\u00e7i\u015fkenli\u011fe odaklan\u0131yor. \u0130lk y\u0131l\u0131nda yeni [&hellip;]<\/p>\n","protected":false},"author":1,"featured_media":150994,"comment_status":"open","ping_status":"open","sticky":false,"template":"","format":"standard","meta":[],"categories":[53],"tags":[72074,100998,71735,100997,100999,100996],"views":135,"_links":{"self":[{"href":"https:\/\/www.enerjigazetesi.ist\/en\/wp-json\/wp\/v2\/posts\/150992"}],"collection":[{"href":"https:\/\/www.enerjigazetesi.ist\/en\/wp-json\/wp\/v2\/posts"}],"about":[{"href":"https:\/\/www.enerjigazetesi.ist\/en\/wp-json\/wp\/v2\/types\/post"}],"author":[{"embeddable":true,"href":"https:\/\/www.enerjigazetesi.ist\/en\/wp-json\/wp\/v2\/users\/1"}],"replies":[{"embeddable":true,"href":"https:\/\/www.enerjigazetesi.ist\/en\/wp-json\/wp\/v2\/comments?post=150992"}],"version-history":[{"count":0,"href":"https:\/\/www.enerjigazetesi.ist\/en\/wp-json\/wp\/v2\/posts\/150992\/revisions"}],"wp:featuredmedia":[{"embeddable":true,"href":"https:\/\/www.enerjigazetesi.ist\/en\/wp-json\/wp\/v2\/media\/150994"}],"wp:attachment":[{"href":"https:\/\/www.enerjigazetesi.ist\/en\/wp-json\/wp\/v2\/media?parent=150992"}],"wp:term":[{"taxonomy":"category","embeddable":true,"href":"https:\/\/www.enerjigazetesi.ist\/en\/wp-json\/wp\/v2\/categories?post=150992"},{"taxonomy":"post_tag","embeddable":true,"href":"https:\/\/www.enerjigazetesi.ist\/en\/wp-json\/wp\/v2\/tags?post=150992"}],"curies":[{"name":"wp","href":"https:\/\/api.w.org\/{rel}","templated":true}]}}