{"id":150939,"date":"2022-02-15T14:57:31","date_gmt":"2022-02-15T11:57:31","guid":{"rendered":"https:\/\/www.enerjigazetesi.ist\/?p=150939"},"modified":"2022-02-15T14:57:31","modified_gmt":"2022-02-15T11:57:31","slug":"elektrik-dagitim-hizmetleri-dernegi-elder-basin-aciklamasi","status":"publish","type":"post","link":"https:\/\/www.enerjigazetesi.ist\/en\/elektrik-dagitim-hizmetleri-dernegi-elder-basin-aciklamasi\/","title":{"rendered":"(Turkish) Elektrik Da\u011f\u0131t\u0131m Hizmetleri Derne\u011fi (ELDER) Bas\u0131n A\u00e7\u0131klamas\u0131"},"content":{"rendered":"<p class=\"qtranxs-available-languages-message qtranxs-available-languages-message-en\">Sorry, this entry is only available in <a href=\"https:\/\/www.enerjigazetesi.ist\/tr\/wp-json\/wp\/v2\/posts\/150939\" class=\"qtranxs-available-language-link qtranxs-available-language-link-tr\" title=\"Turkish\">Turkish<\/a>. For the sake of viewer convenience, the content is shown below in the alternative language. You may click the link to switch the active language.<\/p><p><\/p>\n<h2>Bir Sivil Toplum Kurulu\u015fu olman\u0131n sorumlulu\u011fuyla, Elektrik Da\u011f\u0131t\u0131m sekt\u00f6r\u00fcnde faaliyet g\u00f6steren 21 Elektrik Da\u011f\u0131t\u0131m \u015eirketinin tamam\u0131n\u0131 temsil eden \u00e7at\u0131 kurulu\u015f olarak, kamuoyunu do\u011fru bilgilendirmek amac\u0131yla detayl\u0131 bir a\u00e7\u0131klama yapmay\u0131 arzu ettik.<\/h2>\n<p>Elektri\u011fin \u00fcretilmesinden vatanda\u015flar\u0131m\u0131za ula\u015ft\u0131r\u0131lmas\u0131na kadar ki uzun de\u011fer zincirinin en son halkas\u0131 ve vatanda\u015flar\u0131m\u0131z\u0131n ilk muhatab\u0131 olarak, elektrik tarifelerinde y\u0131l ba\u015f\u0131nda yap\u0131lan fiyat art\u0131\u015f\u0131n\u0131n t\u00fcm vatanda\u015flar\u0131m\u0131za, esnaf\u0131m\u0131za ve sanayicimize getirdi\u011fi y\u00fckleri biliyor, tepkilerini anlay\u0131\u015fla kar\u015f\u0131l\u0131yoruz. Faturalardaki art\u0131\u015f kar\u015f\u0131s\u0131nda vatanda\u015flar\u0131m\u0131z\u0131n ya\u015fad\u0131klar\u0131n\u0131, s\u00fcrecin en yak\u0131ndan \u015fahidi olan 100 bin <img loading=\"lazy\" class=\"alignright wp-image-150942\" src=\"https:\/\/www.enerjigazetesi.ist\/wp-content\/uploads\/2022\/02\/elektrik-dagitim-hizmetleri-dernegi-elder-basin-aciklamasi-2.jpg\" alt=\"\" width=\"320\" height=\"265\" srcset=\"https:\/\/www.enerjigazetesi.ist\/wp-content\/uploads\/2022\/02\/elektrik-dagitim-hizmetleri-dernegi-elder-basin-aciklamasi-2.jpg 550w, https:\/\/www.enerjigazetesi.ist\/wp-content\/uploads\/2022\/02\/elektrik-dagitim-hizmetleri-dernegi-elder-basin-aciklamasi-2-300x249.jpg 300w, https:\/\/www.enerjigazetesi.ist\/wp-content\/uploads\/2022\/02\/elektrik-dagitim-hizmetleri-dernegi-elder-basin-aciklamasi-2-482x400.jpg 482w, https:\/\/www.enerjigazetesi.ist\/wp-content\/uploads\/2022\/02\/elektrik-dagitim-hizmetleri-dernegi-elder-basin-aciklamasi-2-60x50.jpg 60w, https:\/\/www.enerjigazetesi.ist\/wp-content\/uploads\/2022\/02\/elektrik-dagitim-hizmetleri-dernegi-elder-basin-aciklamasi-2-500x415.jpg 500w\" sizes=\"(max-width: 320px) 100vw, 320px\" \/>ki\u015filik elektrik da\u011f\u0131t\u0131m ailesi olarak bizler de hissediyoruz.<\/p>\n<p>\u00dclkemiz i\u00e7in elektrik enerjisinin ne kadar hayati bir \u00f6nemi oldu\u011funu biliyoruz. Elektri\u011fin yeterli, kaliteli, s\u00fcrekli, d\u00fc\u015f\u00fck maliyetli ve \u00e7evreyle uyumlu bir \u015fekilde t\u00fcketicilerin kullan\u0131m\u0131na sunulmas\u0131 i\u00e7in \u00e7aba g\u00f6steren bir sekt\u00f6r\u00fcz.<\/p>\n<p>Maalesef bu d\u00f6nemde Elektrik Da\u011f\u0131t\u0131m \u015eirketlerine kar\u015f\u0131 haks\u0131z ithamlarda bulunuldu\u011funu, Elektrik Da\u011f\u0131t\u0131m \u015eirketlerinin bu fiyat art\u0131\u015flar\u0131n\u0131n gerek\u00e7esi olarak g\u00f6sterilerek bir\u00e7ok<strong> eksik<\/strong> ve <strong>yanl\u0131\u015f bilgiye<\/strong> dayanan yorumlar ve a\u00e7\u0131klamalar yap\u0131ld\u0131\u011f\u0131n\u0131 g\u00f6r\u00fcyoruz.<\/p>\n<p>T\u00fcrkiye\u2019nin her yerinde faaliyet g\u00f6steren 21 Elektrik Da\u011f\u0131t\u0131m \u015eirketinin hepsi lisansa tabi olup, t\u00fcm faaliyetleri, gider ve gelirleri <strong>Enerji Piyasas\u0131 D\u00fczenleme Kurumu (EPDK)<\/strong> taraf\u0131ndan d\u00fczenlemeye ve denetlemeye tabidir.<\/p>\n<p>Hatta bu \u015firketlerin i\u015flettikleri varl\u0131klar\u0131n hepsinin m\u00fclkiyeti kamuya ait olup, lisans s\u00fcreleri boyunca Elektrik Da\u011f\u0131t\u0131m \u015eirketleri bu varl\u0131klar\u0131 i\u015fletmek, yeni yat\u0131r\u0131mlarla geni\u015fletmek ve t\u00fcketicilere kaliteli hizmet sunmaktan sorumludur. Bu kapsamda T\u00fcrkiye\u2019deki <strong>21<\/strong> elektrik da\u011f\u0131t\u0131m b\u00f6lgesi <strong>14 farkl\u0131<\/strong> yat\u0131r\u0131m grubu taraf\u0131ndan i\u015fletilmektedir. Bu Elektrik Da\u011f\u0131t\u0131m \u015eirketleri ve yat\u0131r\u0131m gruplar\u0131n\u0131n baz\u0131lar\u0131 halka da a\u00e7\u0131k olup, ikisi uluslararas\u0131 olmak \u00fczere <strong>20\u2019den fazla<\/strong> yat\u0131r\u0131mc\u0131 bu sekt\u00f6re yat\u0131r\u0131m yapm\u0131\u015ft\u0131r.<\/p>\n<p><strong>\u201cElektrik Da\u011f\u0131t\u0131m \u015eirketlerinin\u201d<\/strong> ve ayn\u0131 yat\u0131r\u0131mc\u0131 grubunun alt\u0131nda bulunan ve ayn\u0131 b\u00f6lgede faaliyet g\u00f6steren<strong> \u201cG\u00f6revli Tedarik \u015eirketlerinin (GT\u015e)\u201d<\/strong> faaliyetleri, \u00f6zel sekt\u00f6r marifetiyle y\u00fcr\u00fct\u00fclen kamu hizmeti niteli\u011findedir. <strong>Da\u011f\u0131t\u0131m ve G\u00f6revli Tedarik \u015eirketleri<\/strong> yasal olarak birbirlerinden ayr\u0131\u015fm\u0131\u015flard\u0131r.<\/p>\n<p>Bu faaliyetler tamamen d\u00fczenlemeye tabidir. <strong>Elektrik Da\u011f\u0131t\u0131m \u015eirketleri<\/strong>nin gelirleri, <strong>elektrik tarifelerinden ba\u011f\u0131ms\u0131z<\/strong> bir \u015fekilde, D\u00fczenleyici Kurum EPDK taraf\u0131ndan, rasyonel maliyetleri hesaplanarak ve t\u00fcketici faydas\u0131 g\u00f6zetilerek \u015feffaf bir \u015fekilde <strong>5 y\u0131ll\u0131k d\u00f6nemler<\/strong> i\u00e7in belirlenmektedir.<\/p>\n<h3><strong>\u00d6zetle; elektrik tarifeleri ile ilgili Elektrik Da\u011f\u0131t\u0131m \u015eirketlerinin hi\u00e7bir belirleyici rol\u00fc yoktur.<\/strong><\/h3>\n<p>EPDK\u2019n\u0131n belirledi\u011fi d\u00fczenlemeye tabi elektrik maliyetini etkileyen ve faturalar \u00fczerinde g\u00f6r\u00fcnen <span style=\"text-decoration: underline;\">3 bile\u015fen \u015funlard\u0131r:<\/span><\/p>\n<p><strong>1- Enerji Bedeli:<\/strong>\u00a0\u201cEnerji \u00fcretim maliyeti\u201d faturan\u0131n ana maliyet unsuru olup; mesken faturalar\u0131 i\u00e7indeki pay\u0131 ortalama %60\u2019d\u0131r.<\/p>\n<p>Bu maliyet elektrik talebi, elektrik arz\u0131 ve emtia fiyatlar\u0131na g\u00f6re \u00e7ok de\u011fi\u015fken seyretmektedir. \u00d6zellikle elektrik \u00fcretimi i\u00e7in ithal edilen do\u011fal gaz ve k\u00f6m\u00fcr\u00fcn uluslararas\u0131 fiyatlar\u0131 ve d\u00f6viz kuru en \u00f6nemli maliyet unsurudur. Ya\u011f\u0131\u015flara ba\u011fl\u0131 hidroelektrik \u00fcretimi ve yenilenebilir enerji kaynaklar\u0131ndan \u00fcretilen enerjinin miktar\u0131 ise elektrik \u00fcretimini etkileyen di\u011fer bir unsurdur. G\u00f6revli Tedarik \u015eirketlerinin tahsilat ve finansman maliyetini de i\u00e7eren hizmet bedeli ile be\u015f y\u0131ll\u0131\u011f\u0131na EPDK taraf\u0131ndan enerji \u00fcretim maliyeti \u00fczerinden belirlenen %2,38 net kar marj\u0131 da enerji bedeli i\u00e7indedir.<\/p>\n<p><strong>1- Da\u011f\u0131t\u0131m Bedeli:<\/strong> Ulusal \u0130letim \u015eirketimiz TE\u0130A\u015e\u2019\u0131n y\u00fcksek gerilim iletim sistemi i\u015fletme ve yat\u0131r\u0131m\u0131 i\u00e7in 3 y\u0131ll\u0131\u011f\u0131na ve Elektrik Da\u011f\u0131t\u0131m \u015eirketlerinin \u015febeke i\u015fletme ve yat\u0131r\u0131mlar\u0131 i\u00e7in 5 y\u0131ll\u0131\u011f\u0131na belirlenen maliyetlerin toplam\u0131d\u0131r. Bu maliyetler her y\u0131l T\u00dcFE ile g\u00fcncellenir.<\/p>\n<p><strong>Mesken abone grubunun<\/strong> faturalar\u0131 i\u00e7indeki iletim maliyetinin pay\u0131 ortalama<strong> %4<\/strong>, elektrik da\u011f\u0131t\u0131m maliyetinin pay\u0131 ise ortalama <strong>%18<\/strong>\u2019dir.<\/p>\n<p><strong>1- Vergi ve Fonlar:<\/strong>\u00a0Sanayi abone grubu i\u00e7in %1 ve di\u011fer abone gruplar\u0131 i\u00e7in %5 olarak enerji bedeli \u00fczerinden oransal olarak belirlenen \u201cBelediye T\u00fcketim Vergisi\u201d; ve t\u00fcm bedeller \u00fczerinden oransal olarak belirlenen %18\u2019lik KDV\u2019nin toplam\u0131ndan olu\u015fur.<\/p>\n<p><strong>Vergi<\/strong> ve<strong> fonlar\u0131n<\/strong> mesken abone grubu faturalar\u0131n\u0131n i\u00e7indeki toplam pay\u0131 ortalama <strong>%18<\/strong>\u2019dir.<\/p>\n<p>Bu <strong>3 bile\u015fenin<\/strong> toplam\u0131 olarak da son kullan\u0131c\u0131lar\u0131n <strong>elektrik faturas\u0131<\/strong> olu\u015fmaktad\u0131r.<\/p>\n<p><strong>Ocak ay\u0131nda<\/strong> maliyetlerin artmas\u0131ndaki en b\u00fcy\u00fck etken <strong>elektrik \u00fcretim maliyetlerinin<\/strong> ciddi \u015fekilde y\u00fckselmi\u015f olmas\u0131d\u0131r.<\/p>\n<p>Ge\u00e7ti\u011fimiz d\u00f6nemde \u00fclkemizde ya\u015fanan kurakl\u0131k sebebiyle, <strong>elektrik \u00fcretimi<\/strong> i\u00e7erisinde en y\u00fcksek paya sahip olan hidroelektrik santrallerinden sa\u011flanan elektrik miktar\u0131 d\u00fc\u015fm\u00fc\u015ft\u00fcr. Bu durum, elektrik \u00fcretiminde, ithal kaynaklar olan <strong>do\u011fal gaz<\/strong> ve <strong>k\u00f6m\u00fcr\u00fcn<\/strong> pay\u0131n\u0131 art\u0131rm\u0131\u015ft\u0131r.<\/p>\n<p><em>Enerji maliyetlerindeki y\u00fckseli\u015fin en b\u00fcy\u00fck sebebi ithal edilen, <strong>uluslararas\u0131 fiyatlara<\/strong> ve <strong>d\u00f6vize endeksli<\/strong> do\u011fal gaz ve k\u00f6m\u00fcr al\u0131m maliyetlerindeki ciddi art\u0131\u015flard\u0131r. Son <strong>1 y\u0131l i\u00e7erisinde<\/strong> do\u011fal gaz fiyatlar\u0131 <strong>10 kata<\/strong> kadar, ithal k\u00f6m\u00fcr fiyatlar\u0131 ise<strong> 5 kata<\/strong> kadar d\u00f6viz baz\u0131nda art\u0131\u015f g\u00f6stermi\u015ftir. Elektrik \u00fcretim kaynaklar\u0131ndaki bu maliyet art\u0131\u015f\u0131,<strong> fatura bedellerinin de<\/strong> y\u00fckselmesine neden olmu\u015ftur.<\/em><\/p>\n<p><strong>Kamuoyunu do\u011fru bilgilendirmek i\u00e7in yapt\u0131\u011f\u0131m\u0131z bu a\u00e7\u0131klama kapsam\u0131nda, bas\u0131nda ve sosyal medyada de\u011finilen hususlar hakk\u0131nda \u015fu do\u011frular\u0131 da belirtmek isteriz:<\/strong><\/p>\n<h3><strong>Faturalama<\/strong><\/h3>\n<p>&#8211; Da\u011f\u0131t\u0131m ve G\u00f6revli Tedarik \u015eirketleri fiyat belirleyemezler, fiyat art\u0131\u015f\u0131 talebinde bulunamazlar. Faturalara herhangi bir bedeli keyfi bir \u015fekilde yans\u0131tamazlar, fatura kalemlerinde bir oynama yapamazlar. Tarifeler EPDK taraf\u0131ndan t\u00fcm de\u011fer zincirindeki maliyetlere bak\u0131larak \u00fc\u00e7er ayl\u0131k d\u00f6nemlerde belirlenmekte ve kamuoyu ile \u015feffaf bir \u015fekilde payla\u015f\u0131lmaktad\u0131r.<\/p>\n<p>&#8211; Ocak ay\u0131ndaki faturalarda s\u0131k s\u0131k g\u00fcndeme geldi\u011fi \u00fczere, faturalarda toplam t\u00fcketimin 31 Aral\u0131k 2021 tarihine kadar olan b\u00f6l\u00fcm\u00fc 2021 son \u00e7eyrek boyunca ge\u00e7erli olan eski tarife birim fiyat\u0131ndan, 1 Ocak 2022 tarihinden sonraki b\u00f6l\u00fcm\u00fc ise 2022 ilk \u00e7eyrek boyunca ge\u00e7erli olan yeni tarife birim fiyat\u0131ndan hesaplanmaktad\u0131r. 1 Ocak \u00f6ncesine ait d\u00f6nem i\u00e7in herhangi bir fark yans\u0131t\u0131lmas\u0131 s\u00f6z konusu de\u011fildir. Bu her \u00fc\u00e7 ayda bir yap\u0131lan standart bir uygulamad\u0131r.<\/p>\n<p>&#8211; Abonelerin t\u00fcketim miktarlar\u0131 baz al\u0131narak hesaplama yap\u0131lan kademeli tarifede; g\u00fcnl\u00fck 7 kilovatsaate kadar olan t\u00fcketimler birinci kademe olan D\u00fc\u015f\u00fck Kademeden, bu limitin \u00fczerinde kalan t\u00fcketimler ise ikinci kademe olan Y\u00fcksek Kademeden hesaplanarak faturaland\u0131r\u0131lmaktad\u0131r.<\/p>\n<p>&#8211; EPDK mevzuat\u0131na g\u00f6re okuma periyotlar\u0131 <strong>25<\/strong> ve <strong>35 g\u00fcn<\/strong> aras\u0131nda olmak zorundad\u0131r. \u00d6rnek vermek gerekirse; <strong>25 g\u00fcnl\u00fck<\/strong> okumalarda d\u00fc\u015f\u00fck kademeli tarife miktar\u0131 25&#215;7=<strong>175<\/strong> kilovatsaat, <strong>35<\/strong> g\u00fcnl\u00fck okumalarda ise 35&#215;7=<strong>245 kilovatsaat<\/strong> olarak hesaplan\u0131r.<\/p>\n<p>&#8211; Bu uygulamalar\u0131n d\u0131\u015f\u0131nda hareket eden <strong>\u015firketlere a\u011f\u0131r cezalar<\/strong> uygulan\u0131r.<\/p>\n<h3><strong>\u00d6zelle\u015ftirme Bedelleri<\/strong><\/h3>\n<p>&#8211; EPDK tarifeleri belirlerken yat\u0131r\u0131mc\u0131lar\u0131n 2013 y\u0131l\u0131nda tamamlanan \u00f6zelle\u015ftirmeler i\u00e7in \u00f6dedikleri bedeller i\u00e7in hi\u00e7bir \u015fekilde kar\u015f\u0131l\u0131k ay\u0131rmaz ve d\u00f6viz kurlar\u0131ndaki de\u011fi\u015fimleri hi\u00e7bir \u015fekilde dikkate almaz. Bu bedeller tarifelere konu edilmez.<\/p>\n<h3><strong>E\u00dcA\u015e Fiyatlar\u0131<\/strong><\/h3>\n<p>&#8211; Elektrik Da\u011f\u0131t\u0131m \u015eirketleri genel ayd\u0131nlatma ile \u015febeke i\u015fletmesi i\u00e7in gerekli enerji ihtiya\u00e7lar\u0131n\u0131 E\u00dcA\u015e\u2019tan temin ederler. Bu Elektrik Da\u011f\u0131t\u0131m \u015eirketleri i\u00e7in hi\u00e7bir \u015fekilde bir gelir kalemi de\u011fildir.<\/p>\n<p>&#8211; G\u00f6revli Tedarik \u015eirketleri ise tarifesi d\u00fczenlemeye tabi olan t\u00fcketiciler i\u00e7in serbest piyasa, ikili anla\u015fmalar ve E\u00dcA\u015e\u2019\u0131n toptan sat\u0131\u015f tarifesi \u00fczerinden elektrik enerjisi sat\u0131n al\u0131r. 2021 y\u0131l\u0131nda enerji ihtiya\u00e7lar\u0131n\u0131n \u00e7ok d\u00fc\u015f\u00fck bir miktar\u0131 E\u00dcA\u015e\u2019tan temin edilebilmi\u015ftir. 2022 y\u0131l\u0131nda ise E\u00dcA\u015e\u2019tan sat\u0131n almalar\u0131 \u00f6ng\u00f6r\u00fclen elektrik miktar\u0131 toplam ihtiya\u00e7lar\u0131n\u0131n sadece %20\u2019si olup, y\u0131l\u0131n ilk iki ay\u0131nda bu oran\u0131n s\u0131f\u0131r olarak ger\u00e7ekle\u015fmesi beklenmektedir.<\/p>\n<p>&#8211; G\u00f6revli Tedarik \u015eirketlerinin gelirleri, al\u0131m fiyatlar\u0131 ile faturadaki sat\u0131\u015f fiyat\u0131 aras\u0131ndaki marjdan <u>olu\u015fmamaktad\u0131r.<\/u><\/p>\n<p>&#8211; Dolay\u0131s\u0131yla E\u00dcA\u015e tarifesi seviyesinin piyasa maliyetlerinin alt\u0131nda belirlenmesi faturalar\u0131 d\u00fc\u015f\u00fcrmek suretiyle t\u00fcketicileri destekleyici mahiyette, yani bir \u201cs\u00fcbvansiyon\u201d iken, G\u00f6revli Tedarik \u015eirketlerinin gelirlerini art\u0131r\u0131c\u0131 bir etkisi yoktur. Bilakis maliyet tabanl\u0131 kar marj\u0131ndan dolay\u0131 G\u00f6revli Tedarik \u015eirketlerinin gelirlerini olumsuz etkilemektedir.<\/p>\n<h3><strong>Da\u011f\u0131t\u0131m Yat\u0131r\u0131mlar\u0131<\/strong><\/h3>\n<p>&#8211; Elektrik Da\u011f\u0131t\u0131m \u015eirketlerinin ana faaliyeti \u015febeke (trafo, kablo, direk, ayd\u0131nlatma, saya\u00e7 vb.) yat\u0131r\u0131mlar\u0131d\u0131r. Bu yat\u0131r\u0131mlar faaliyet g\u00f6sterilen b\u00f6lgenin b\u00fcy\u00fcmesine ve geli\u015fmesine ba\u011fl\u0131 olarak artan elektrik talebi ile \u015febekenin yenileme ve iyile\u015ftirme ihtiya\u00e7lar\u0131na g\u00f6re planlan\u0131r. Bu planlar\u0131n EPDK taraf\u0131ndan onaylanmas\u0131n\u0131 m\u00fcteakip, Elektrik Da\u011f\u0131t\u0131m \u015eirketleri bu yat\u0131r\u0131mlar i\u00e7in gerekli finansal kayna\u011f\u0131 temin ederler; malzeme ve i\u015fg\u00fcc\u00fc planlamas\u0131n\u0131 yaparak bu yat\u0131r\u0131mlar\u0131 ger\u00e7ekle\u015ftirirler.<\/p>\n<p>&#8211; Bu yat\u0131r\u0131mlar i\u00e7in ihtiya\u00e7 duyulan t\u00fcm maliyetler EPDK taraf\u0131ndan en ince detay\u0131na kadar belirlenmektedir. Bu yat\u0131r\u0131mlar\u0131n planlara uygun ve eksiksiz bir \u015fekilde yap\u0131l\u0131p yap\u0131lmad\u0131\u011f\u0131, Enerji ve Tabii Kaynaklar Bakanl\u0131\u011f\u0131 ad\u0131na TEDA\u015e taraf\u0131ndan yerinde denetlenmektedir.<\/p>\n<h3><strong>Bug\u00fcn\u00fcm\u00fcz ve yar\u0131n\u0131m\u0131z i\u00e7in;<\/strong><\/h3>\n<p><strong>Elektrik Da\u011f\u0131t\u0131m \u00d6zelle\u015ftirilmeleri<\/strong>nin tamamland\u0131\u011f\u0131 <strong>2013 y\u0131l\u0131n\u0131 da<\/strong> kapsayan <strong>2011-15 tarife d\u00f6nemi<\/strong>nde, da\u011f\u0131t\u0131m yat\u0131r\u0131mlar\u0131 <strong>25 milyar TL<\/strong> iken, 2016-20 d\u00f6neminde ayn\u0131 fiyat baz\u0131nda<strong> 50 milyar TL<\/strong> yat\u0131r\u0131m ger\u00e7ekle\u015ftirilmi\u015ftir. \u0130\u00e7inde bulundu\u011fumuz <strong>2021-25 d\u00f6neminde<\/strong> ise yine ayn\u0131 fiyat baz\u0131nda <strong>75 milyar TL<\/strong>\u2019lik da\u011f\u0131t\u0131m yat\u0131r\u0131m\u0131 planlanm\u0131\u015ft\u0131r.<\/p>\n<p>\u00d6zelle\u015ftirmelerin tamamland\u0131\u011f\u0131 2013 y\u0131l\u0131 referans al\u0131narak 2014-2020 d\u00f6neminde T\u00fcrkiye genelinde kay\u0131p oranlar\u0131 azalt\u0131lm\u0131\u015f, bug\u00fcnk\u00fc fiyatlarla <strong>65 milyar TL<\/strong> tutar\u0131nda verimlik sa\u011flanarak bu maliyet faturalardan d\u00fc\u015f\u00fclm\u00fc\u015ft\u00fcr.<\/p>\n<p>Elektrik Da\u011f\u0131t\u0131m sekt\u00f6r\u00fc <strong>57 bini<\/strong> do\u011frudan <strong>43 bini<\/strong> de dolayl\u0131 olmak \u00fczere<strong> 100 bin ki\u015filik istihdam<\/strong> sa\u011flamaktad\u0131r.<\/p>\n<p>Sekt\u00f6r \u00e7al\u0131\u015fanlar\u0131 bir kamu hizmeti yapt\u0131klar\u0131n\u0131n bilinciyle vatanda\u015flar\u0131m\u0131za hizmet g\u00f6t\u00fcrmek i\u00e7in, t\u00fcm zorluklara ra\u011fmen her t\u00fcrl\u00fc hava ko\u015fulunda ve sahada <strong>24 saat hizmet<\/strong> sunmaktad\u0131rlar. Son zamanlarda hi\u00e7bir sorumluluklar\u0131 olmad\u0131\u011f\u0131 halde sekt\u00f6r\u00fcn bu vefakar \u00e7al\u0131\u015fanlar\u0131na fiyat art\u0131\u015flar\u0131 nedeniyle g\u00f6sterilen tepkileri de \u00fcz\u00fclerek g\u00f6rmekteyiz. Ancak kesintisiz enerji i\u00e7in en zor iklim \u015fartlar\u0131ndaki saha \u00e7al\u0131\u015fmalar\u0131n\u0131 g\u00f6ren vatanda\u015flar\u0131m\u0131z\u0131n \u00e7al\u0131\u015fanlar\u0131m\u0131za g\u00f6sterdi\u011fi anlay\u0131\u015f ve manevi destek kelimelerle tarif edilemez.<\/p>\n<p>1999 y\u0131l\u0131ndan beri elektrik sekt\u00f6r\u00fcnde faaliyet g\u00f6steren bir Sivil Toplum Kurulu\u015fu olman\u0131n sorumlulu\u011fuyla hareket eden Elder olarak hedefimiz; elektrik da\u011f\u0131t\u0131m sekt\u00f6r\u00fcne ili\u015fkin enerji politikalar\u0131na, d\u00fczenlemelere ve yasal \u00e7er\u00e7eveye katk\u0131 sunmak; sekt\u00f6r\u00fcm\u00fcz\u00fcn insan ve teknoloji kaynaklar\u0131n\u0131 geli\u015ftirmektir.<\/p>\n<h3><strong>Bug\u00fcn\u00fcm\u00fcz ve yar\u0131n\u0131m\u0131z i\u00e7in;<\/strong><\/h3>\n<p>&#8211; <strong>Elektrik \u00fcretim maliyetlerimizi azaltmak<\/strong> ad\u0131na yerli ve yenilenebilir kaynaklar\u0131m\u0131z\u0131 azami derecede kullanmal\u0131, bu \u00fcretim teknolojilerini \u00fclkemizde geli\u015ftirmeliyiz.<\/p>\n<p>&#8211;<strong> Verimlili\u011fi<\/strong> her alanda; \u00fcretim santrallerinde, <strong>iletim<\/strong> ve <strong>da\u011f\u0131t\u0131m<\/strong> \u015febekelerinde esas almal\u0131, <strong>kay\u0131plar\u0131 en aza<\/strong> indirmeliyiz.<\/p>\n<p>&#8211; <strong>Elektri\u011fi t\u00fcketirken de<\/strong> verimlili\u011fi esas almal\u0131, gerekirse bunun i\u00e7in yat\u0131r\u0131m yapmal\u0131y\u0131z.<\/p>\n<p>Yetkin <strong>insan kayna\u011f\u0131m\u0131z\u0131<\/strong> ve <strong>do\u011fru teknolojileri<\/strong> etkin \u015fekilde kullanarak d\u00fcnyan\u0131n i\u00e7inden ge\u00e7ti\u011fi bu zor d\u00f6nemde, \u00fclkemizde hep birlikte uygulayaca\u011f\u0131m\u0131z <strong>do\u011fru<\/strong> ve <strong>yap\u0131c\u0131 politikalarla<\/strong> elektrik maliyetlerimizi azaltaca\u011f\u0131m\u0131za inanc\u0131m\u0131z sonsuzdur.<\/p>\n<p>Kamuoyuna sayg\u0131yla duyurulur.<\/p>\n<p><strong>Elder \u2013 Elektrik Da\u011f\u0131t\u0131m Hizmetleri Derne\u011fi<\/strong><\/p>","protected":false},"excerpt":{"rendered":"<p>Sorry, this entry is only available in Turkish. For the sake of viewer convenience, the content is shown below in the alternative language. You may click the link to switch the active language. Bir Sivil Toplum Kurulu\u015fu olman\u0131n sorumlulu\u011fuyla, Elektrik Da\u011f\u0131t\u0131m sekt\u00f6r\u00fcnde faaliyet g\u00f6steren 21 Elektrik Da\u011f\u0131t\u0131m \u015eirketinin tamam\u0131n\u0131 temsil eden \u00e7at\u0131 kurulu\u015f olarak, kamuoyunu [&hellip;]<\/p>\n","protected":false},"author":1,"featured_media":150943,"comment_status":"open","ping_status":"open","sticky":false,"template":"","format":"standard","meta":[],"categories":[51,53],"tags":[17423,100974,100975,15016,1079,1229,26353,4341,13760,100868,20987,100973,17877],"views":182,"_links":{"self":[{"href":"https:\/\/www.enerjigazetesi.ist\/en\/wp-json\/wp\/v2\/posts\/150939"}],"collection":[{"href":"https:\/\/www.enerjigazetesi.ist\/en\/wp-json\/wp\/v2\/posts"}],"about":[{"href":"https:\/\/www.enerjigazetesi.ist\/en\/wp-json\/wp\/v2\/types\/post"}],"author":[{"embeddable":true,"href":"https:\/\/www.enerjigazetesi.ist\/en\/wp-json\/wp\/v2\/users\/1"}],"replies":[{"embeddable":true,"href":"https:\/\/www.enerjigazetesi.ist\/en\/wp-json\/wp\/v2\/comments?post=150939"}],"version-history":[{"count":0,"href":"https:\/\/www.enerjigazetesi.ist\/en\/wp-json\/wp\/v2\/posts\/150939\/revisions"}],"wp:featuredmedia":[{"embeddable":true,"href":"https:\/\/www.enerjigazetesi.ist\/en\/wp-json\/wp\/v2\/media\/150943"}],"wp:attachment":[{"href":"https:\/\/www.enerjigazetesi.ist\/en\/wp-json\/wp\/v2\/media?parent=150939"}],"wp:term":[{"taxonomy":"category","embeddable":true,"href":"https:\/\/www.enerjigazetesi.ist\/en\/wp-json\/wp\/v2\/categories?post=150939"},{"taxonomy":"post_tag","embeddable":true,"href":"https:\/\/www.enerjigazetesi.ist\/en\/wp-json\/wp\/v2\/tags?post=150939"}],"curies":[{"name":"wp","href":"https:\/\/api.w.org\/{rel}","templated":true}]}}