{"id":150920,"date":"2022-02-15T13:28:07","date_gmt":"2022-02-15T10:28:07","guid":{"rendered":"https:\/\/www.enerjigazetesi.ist\/?p=150920"},"modified":"2022-02-15T13:28:30","modified_gmt":"2022-02-15T10:28:30","slug":"sisecam-surdurulebilir-gelecek-icin-camin-onemini-vurguladi","status":"publish","type":"post","link":"https:\/\/www.enerjigazetesi.ist\/en\/sisecam-surdurulebilir-gelecek-icin-camin-onemini-vurguladi\/","title":{"rendered":"(Turkish) &#8217;\u015ei\u015fecam&#8217; S\u00fcrd\u00fcr\u00fclebilir Gelecek \u0130\u00e7in Cam\u0131n \u00d6nemini Vurgulad\u0131"},"content":{"rendered":"<p class=\"qtranxs-available-languages-message qtranxs-available-languages-message-en\">Sorry, this entry is only available in <a href=\"https:\/\/www.enerjigazetesi.ist\/tr\/wp-json\/wp\/v2\/posts\/150920\" class=\"qtranxs-available-language-link qtranxs-available-language-link-tr\" title=\"Turkish\">Turkish<\/a>. For the sake of viewer convenience, the content is shown below in the alternative language. You may click the link to switch the active language.<\/p><p><\/p>\n<h2>S\u00fcrd\u00fcr\u00fclebilirli\u011fin \u00f6neminin her ge\u00e7en g\u00fcn daha \u00e7ok fark edildi\u011fi ve benimsendi\u011fi bir atmosferde cam\u0131n\u00a0 s\u00fcrd\u00fcr\u00fclebilir toplumlar\u0131n geli\u015fimdeki rol\u00fcne dikkat \u00e7ekmek amac\u0131yla 2022 y\u0131l\u0131 \u015ei\u015fecam\u2019\u0131n da \u00f6nemli katk\u0131lar\u0131yla Birle\u015fmi\u015f Milletler (BM) taraf\u0131ndan \u201cUluslararas\u0131 Cam Y\u0131l\u0131\u201d ilan edildi. 2022 y\u0131l\u0131 boyunca d\u00fcnya \u00e7ap\u0131nda ger\u00e7ekle\u015ftirilecek fark\u0131ndal\u0131k ve bilin\u00e7lendirme etkinliklerini kapsayan Uluslararas\u0131 Cam Y\u0131l\u0131\u2019n\u0131n a\u00e7\u0131l\u0131\u015f\u0131 09-11 \u015eubat tarihleri aras\u0131nda \u0130svi\u00e7re\u2019nin Cenevre kentinde, Birle\u015fmi\u015f Milletler binas\u0131nda yap\u0131ld\u0131. \u015ei\u015fecam, Uluslararas\u0131 Cam Komisyonu (ICG) taraf\u0131ndan d\u00fczenlenen ve d\u00fcnya cam sekt\u00f6r\u00fcn\u00fcn \u00f6nde gelen temsilcilerinin kat\u0131ld\u0131\u011f\u0131 etkinlikte ana sponsorlar aras\u0131nda yer ald\u0131.<\/h2>\n<p>Kapan\u0131\u015f konu\u015fmas\u0131n\u0131 \u015ei\u015fecam Y\u00f6netim Kurulu Ba\u015fkan\u0131 <strong>Prof. Dr. Ahmet K\u0131rman<\/strong>\u2019\u0131n yapt\u0131\u011f\u0131 etkinlikte <em>\u015ei\u015fecam Cam Teknolojileri Direkt\u00f6r\u00fc<\/em> <strong>\u0130lkay S\u00f6kmen<\/strong> de \u015ei\u015fecam bilim insanlar\u0131 taraf\u0131ndan geli\u015ftirilen <strong>inovatif \u00fcr\u00fcnler<\/strong> ve <strong>bu \u00fcr\u00fcnlerin<\/strong> sa\u011fl\u0131ktan tar\u0131ma bir\u00e7ok sekt\u00f6re sundu\u011fu katk\u0131larla ilgili bir sunum yapt\u0131.<\/p>\n<p><em><strong><img loading=\"lazy\" class=\"alignright wp-image-150922\" src=\"https:\/\/www.enerjigazetesi.ist\/wp-content\/uploads\/2022\/02\/sisecam-surdurulebilir-gelecek-icin-camin-onemini-vurguladi.jpg\" alt=\"\" width=\"320\" height=\"282\" srcset=\"https:\/\/www.enerjigazetesi.ist\/wp-content\/uploads\/2022\/02\/sisecam-surdurulebilir-gelecek-icin-camin-onemini-vurguladi.jpg 550w, https:\/\/www.enerjigazetesi.ist\/wp-content\/uploads\/2022\/02\/sisecam-surdurulebilir-gelecek-icin-camin-onemini-vurguladi-300x265.jpg 300w, https:\/\/www.enerjigazetesi.ist\/wp-content\/uploads\/2022\/02\/sisecam-surdurulebilir-gelecek-icin-camin-onemini-vurguladi-454x400.jpg 454w, https:\/\/www.enerjigazetesi.ist\/wp-content\/uploads\/2022\/02\/sisecam-surdurulebilir-gelecek-icin-camin-onemini-vurguladi-57x50.jpg 57w, https:\/\/www.enerjigazetesi.ist\/wp-content\/uploads\/2022\/02\/sisecam-surdurulebilir-gelecek-icin-camin-onemini-vurguladi-500x441.jpg 500w\" sizes=\"(max-width: 320px) 100vw, 320px\" \/>\u201cUluslararas\u0131 Cam Y\u0131l\u0131\u201d<\/strong>n\u0131n a\u00e7\u0131l\u0131\u015f etkinli\u011finin kapan\u0131\u015f konu\u015fmas\u0131n\u0131 yapan \u015ei\u015fecam Y\u00f6netim Kurulu Ba\u015fkan\u0131 <strong>Prof. Dr. Ahmet K\u0131rman<\/strong>, ge\u00e7mi\u015ften bug\u00fcne medeniyetlerin geli\u015fimine ve insan hayat\u0131na de\u011fer katan <strong>cam\u0131n s\u00fcrd\u00fcr\u00fclebilirli\u011fe odakl\u0131<\/strong> \u00f6zellikleriyle gelece\u011fin de en stratejik malzemelerinden olaca\u011f\u0131n\u0131 ifade ederek \u015funlar\u0131 s\u00f6yledi: \u201cBug\u00fcn d\u00fcnyada cam denince akla gelen birka\u00e7 \u015firketten biri olan \u015ei\u015fecam, bundan <strong>86 y\u0131l<\/strong> \u00f6nce, <strong>1935 y\u0131l\u0131nda<\/strong> T\u00fcrkiye Cumhuriyeti\u2019nin kurucusu <strong>Mustafa Kemal Atat\u00fcrk<\/strong>\u2019\u00fcn vizyonu ve direktifi ile kurulmu\u015ftur. O g\u00fcn gen\u00e7 bir Cumhuriyetin <strong>sanayi temelli kalk\u0131nma hamlelerinin<\/strong> en somut giri\u015fimlerinden olan \u015ei\u015fecam, y\u0131llar i\u00e7erisinde de\u011fer yaratan b\u00fcy\u00fcmesini s\u00fcrd\u00fcrm\u00fc\u015f, global \u00f6l\u00e7ekte g\u00fc\u00e7l\u00fc bir \u015firkete d\u00f6n\u00fc\u015fm\u00fc\u015ft\u00fcr. Bug\u00fcn faaliyetlerimizi <strong>14 \u00fclkeye<\/strong> yayg\u0131nla\u015ft\u0131rm\u0131\u015f bulunuyoruz. Bir yandan yaratt\u0131\u011f\u0131m\u0131z de\u011ferlerin gururunu ya\u015farken bir yandan da gelecek ku\u015faklar i\u00e7in de\u011fi\u015fen ve derinle\u015fen sorumluluklar\u0131m\u0131z\u0131 ta\u015f\u0131yoruz.\u201d<\/em><\/p>\n<h3><strong>\u201c% 100 ve sonsuz kez geri d\u00f6n\u00fc\u015ft\u00fcr\u00fclebilen cam gibi bir materyale sahip olmak, insanl\u0131\u011f\u0131n en \u00f6nemli \u015fanslar\u0131ndan biridir\u201d<\/strong><\/h3>\n<p>Cam\u0131n tarihinin <strong>5.000 y\u0131l \u00f6ncesine<\/strong> dayand\u0131\u011f\u0131n\u0131, cam \u00fcretiminin modern insanl\u0131k tarihinin en \u00f6nemli geli\u015fmelerinden ve ana destek\u00e7ilerinden biri olarak g\u00f6r\u00fcld\u00fc\u011f\u00fcn\u00fc belirten Prof. Dr. Ahmet K\u0131rman, <em>\u201cCama dair alg\u0131 <strong>son 2 y\u00fczy\u0131lda<\/strong> \u00e7\u0131\u011f\u0131r a\u00e7an <strong>inovasyonlarla<\/strong> son derece geli\u015fti. <strong>Cam teknolojisi<\/strong>nde sa\u011flanan ilerleme, modern toplumun <strong>mimari, ula\u015ft\u0131rma, ila\u00e7, enerji, ileti\u015fim, tar\u0131m<\/strong> ve <strong>g\u00f6r\u00fcnt\u00fcleme teknolojileri<\/strong> gibi kritik alanlardaki temel ihtiya\u00e7lar\u0131n\u0131n kar\u015f\u0131lanmas\u0131na destek oldu. Geleneksel kullan\u0131m\u0131yla zaten vazge\u00e7ilmez olan <strong>cam\u0131n e\u015fsiz \u015feffafl\u0131k, \u015fekillendirilebilirlik, sertlik, d\u00fc\u015f\u00fck maliyet, bulunabilirlik<\/strong> ve<strong> s\u00fcrd\u00fcr\u00fclebilirlik \u00f6zellikleri<\/strong> ile gelecekte de bir\u00e7ok farkl\u0131 ve yeni uygulaman\u0131n temel bile\u015feni olaca\u011f\u0131na \u015f\u00fcphe yok\u201d<\/em> dedi.<\/p>\n<p>2019 y\u0131l\u0131nda ba\u015flayan k\u00fcresel salg\u0131n ile d\u00fcnyan\u0131n yepyeni bir d\u00f6neme girdi\u011fini dile getiren Prof. Dr. Ahmet K\u0131rman konu\u015fmas\u0131n\u0131 \u015f\u00f6yle s\u00fcrd\u00fcrd\u00fc:<em> \u201c<strong>% 100<\/strong> ve sonsuz kez <strong>geri d\u00f6n\u00fc\u015ft\u00fcr\u00fclebilen cam<\/strong> gibi bir materyale sahip olmak, insan neslinin en \u00f6nemli \u015fanslar\u0131ndan biridir. Bu vesileyle, cam\u0131n pandemi d\u00f6neminde \u015ei\u015fecam taraf\u0131ndan geli\u015ftirilen, cam y\u00fczeylerde <strong>vir\u00fcs<\/strong> ve<strong> bakterilere<\/strong> kar\u015f\u0131 etkili <strong>V-Block antimikrobiyal kaplama teknolojisi<\/strong> gibi inovatif \u00fcr\u00fcn ve teknolojilerle insanl\u0131\u011f\u0131n her alandaki m\u00fccadelesine omuz verdi\u011fini hat\u0131rlamak gerekir. Cam\u0131n sonsuz geli\u015fim potansiyeli gelecekte de cam\u0131n ne derece \u00f6nemli bir konuma sahip olaca\u011f\u0131n\u0131n kan\u0131t\u0131 niteli\u011findedir.<strong> Cam sekt\u00f6r\u00fcn\u00fcn<\/strong> payda\u015flar\u0131 olarak hepimizin g\u00f6revi, gelecek yolunda cam\u0131n ikamesi olmayan katk\u0131lar\u0131n\u0131 girebilece\u011fi her alana ula\u015ft\u0131rmak ve fayda alan\u0131n\u0131 art\u0131rmakt\u0131r.\u201d<\/em><\/p>\n<h3><strong>\u201cCam\u0131n geri kazan\u0131m\u0131, iklim de\u011fi\u015fikli\u011fi ile m\u00fccadelede \u00f6nemli f\u0131rsat\u201d<\/strong><\/h3>\n<p>\u015ei\u015fecam\u2019\u0131n d\u00fcnyada cam\u0131n t\u00fcm temel alanlar\u0131nda faaliyet g\u00f6steren tek global \u015firket olman\u0131n getirdi\u011fi sorumluluklar\u0131n fark\u0131nda oldu\u011funa ve do\u011fan\u0131n, d\u00fcnyan\u0131n bir\u00e7ok farkl\u0131 yerinden \u00e7alan alarm seslerine kulak t\u0131kaman\u0131n m\u00fcmk\u00fcn olmad\u0131\u011f\u0131na vurgu yapan Prof. Dr. Ahmet K\u0131rman, d\u00fcnyan\u0131n bug\u00fcn d\u00f6ng\u00fcselli\u011fi ancak <strong>%8,6<\/strong> oran\u0131nda yakalayabildi\u011fini ve<strong> cam\u0131n d\u00f6ng\u00fcselli\u011fi<\/strong> ile bu a\u00e7\u0131dan en b\u00fcy\u00fck f\u0131rsatlara sahip malzeme oldu\u011funu s\u00f6yledi. K\u0131rman s\u00f6zlerine \u015f\u00f6yle devam etti:<em> \u201cCam\u0131n kullan\u0131ld\u0131\u011f\u0131 her alandan <strong>geri kazan\u0131m\u0131n\u0131<\/strong> hedeflemek, gezegenimizin<strong> iklim de\u011fi\u015fikli\u011fi ile m\u00fccadele<\/strong> konusundaki en \u00f6nemli f\u0131rsatlar\u0131 aras\u0131ndad\u0131r. Cam miras\u0131n\u0131, toplumlar\u0131n ve gezegenimizin de\u011fi\u015fen sorunlar\u0131 ve ihtiya\u00e7lar\u0131 do\u011frultusunda \u015fekillendirmi\u015f oldu\u011fumuz BM S\u00fcrd\u00fcr\u00fclebilir Kalk\u0131nma Ama\u00e7lar\u0131\u2019na dayal\u0131 2030 s\u00fcrd\u00fcr\u00fclebilirlik \u2018Carefornext\u2019 stratejimiz,<strong> \u2018gezegeni koruyan\u2019, \u2018toplumu g\u00fc\u00e7lendiren\u2019<\/strong> ve <strong>\u2018ya\u015fam\u0131 d\u00f6n\u00fc\u015ft\u00fcren\u2019<\/strong> odaklar\u0131m\u0131z do\u011frultusunda ileriye ta\u015f\u0131maya devam ediyoruz. Yine stratejimizin \u00f6nemli bir oda\u011f\u0131 olan <strong>\u2018Ya\u015fam\u0131 D\u00f6n\u00fc\u015ft\u00fcr\u2019<\/strong> iddiam\u0131z \u00e7er\u00e7evesinde; gezegenimizin ve toplumlar\u0131n de\u011fi\u015fen ihtiya\u00e7lar\u0131na y\u00f6nelik s\u00fcrd\u00fcr\u00fclebilir \u00e7\u00f6z\u00fcmlerimizi art\u0131rarak devam ettirece\u011fiz. Mevcut \u00fcr\u00fcnlerimizi ya\u015fam d\u00f6ng\u00fcs\u00fc analizine dayal\u0131 \u00e7al\u0131\u015fmalar ile geli\u015ftirmek, s\u00fcrd\u00fcr\u00fclebilirlik hedeflerimizin \u00f6nemli bir par\u00e7as\u0131 olacak. Cam, yap\u0131s\u0131 ve katma de\u011ferli \u00f6zellikleri sayesinde Birle\u015fmi\u015f Milletler S\u00fcrd\u00fcr\u00fclebilir Kalk\u0131nma Ama\u00e7lar\u0131\u2019na do\u011frudan hizmet eden muazzam bir <strong>\u00e7e\u015fitlilik<\/strong> ve <strong>zenginlik<\/strong> bar\u0131nd\u0131r\u0131yor. Kullan\u0131m faz\u0131nda <strong>enerji camlar\u0131na<\/strong> y\u00f6nelik \u00e7\u00f6z\u00fcmler,<strong> r\u00fczg\u00e2r t\u00fcrbinlerine<\/strong> girdi olu\u015fturan <strong>cam elyaf tedari\u011fi<\/strong> ve<strong> low-e camlara<\/strong> ge\u00e7i\u015fin te\u015fvik edilmesine kadar pek \u00e7ok \u00e7al\u0131\u015fmay\u0131 bu ama\u00e7larla y\u00fcr\u00fct\u00fcyoruz. \u0130leri d\u00fczeyde <strong>f\u0131r\u0131n kontrol teknolojileri<\/strong>, cam\u0131n tekrar d\u00f6ng\u00fcye kazand\u0131r\u0131lmas\u0131, yenilenebilir kaynaklardan tesislerimizde \u00f6z t\u00fcketim odakl\u0131 elektrik \u00fcretimi ve yenilik\u00e7i <strong>f\u0131r\u0131n teknolojileri<\/strong> \u00fczerinde yo\u011fun <strong>Ar-Ge \u00e7al\u0131\u015fmalar\u0131<\/strong>n\u0131n desteklenmesi gibi bir\u00e7ok alanda ad\u0131mlar at\u0131yoruz. K\u00fcresel \u0131s\u0131nmay\u0131<strong> 1,5 derece<\/strong> ile s\u0131n\u0131rlamaya dayal\u0131 bilim temelli hedef belirleme \u00e7al\u0131\u015fmalar\u0131m\u0131z\u0131 da s\u00fcrd\u00fcr\u00fcyoruz.\u201d\u00a0<\/em><\/p>\n<h3><strong>\u201cCam\u0131 sadece bir i\u015f alan\u0131 olarak de\u011fil, insanl\u0131\u011fa ve geli\u015fime hizmet olarak g\u00f6r\u00fcyoruz\u201d<\/strong><\/h3>\n<p>Att\u0131klar\u0131 ad\u0131mlarla ekosistemi korumak, g\u00fc\u00e7lendirmek ve d\u00f6n\u00fc\u015ft\u00fcrmek i\u00e7in cesaretle sorumluluk ald\u0131klar\u0131n\u0131 ifade eden Prof. Dr. Ahmet K\u0131rman, <em>\u201c\u015ei\u015fecam\u2019\u0131n 2022 y\u0131l\u0131n\u0131n BM taraf\u0131ndan Uluslararas\u0131 Cam Y\u0131l\u0131 ilan edilmesi konusunda g\u00f6sterdi\u011fi yo\u011fun \u00e7aban\u0131n temelinde de bu anlay\u0131\u015f ve sorumluluk duygusu yat\u0131yor. D\u00fcnyada cam biliminin en sayg\u0131n kurulu\u015fu konumundaki ICG\u2019nin etkin bir \u00fcyesi olan \u015ei\u015fecam <strong>&#8216;2022 BM Uluslararas\u0131 Cam Y\u0131l\u0131&#8217;<\/strong> hedefini en ba\u015f\u0131ndan beri desteklemi\u015f ve destek \u00e7al\u0131\u015fmalar\u0131n\u0131 t\u00fcm payda\u015flar\u0131 nezdinde s\u00fcrd\u00fcrm\u00fc\u015ft\u00fcr. \u015ei\u015fecam, y\u0131l boyunca cam \u00fczerindeki k\u00fcresel oda\u011f\u0131n b\u00fcy\u00fcmesine y\u00f6nelik \u00e7al\u0131\u015fmalar\u0131na h\u0131z kesmeden devam edecek. D\u00fcnyan\u0131n geli\u015fim ihtiya\u00e7lar\u0131na cevap verirken ondan eksiltmeyen, ge\u00e7mi\u015ften bug\u00fcne insanl\u0131\u011f\u0131n en b\u00fcy\u00fck yard\u0131mc\u0131lar\u0131ndan olmu\u015f cam gibi \u00f6zel bir malzemenin geli\u015fiminde \u00f6nc\u00fc rol \u00fcstleniyor olmaktan b\u00fcy\u00fck gurur duyuyoruz. Cam\u0131 sadece bir i\u015f alan\u0131 olarak de\u011fil ayn\u0131 zamanda <strong>insanl\u0131\u011fa<\/strong> ve <strong>ekonomik kalk\u0131nmaya hizmet<\/strong> olarak g\u00f6r\u00fcyoruz. Y\u00fcksek istihdam sa\u011flayan, bir\u00e7ok sekt\u00f6r\u00fcn geli\u015fiminde kritik rol oynayan <strong>cam sekt\u00f6r\u00fcnde<\/strong> faaliyet g\u00f6steriyor olman\u0131n hakl\u0131 itibar\u0131n\u0131 ta\u015f\u0131yoruz. Bu vesileyle d\u00fcnyan\u0131n her yerinde s\u0131ca\u011fa yak\u0131n \u00e7al\u0131\u015fan i\u015f\u00e7iden f\u0131r\u0131n tasarlayan m\u00fchendise, cam\u0131n geli\u015fimi i\u00e7in proje \u00fcreten akademisyenlerden \u00f6nemini vurgulayan <strong>derneklere<\/strong> kadar, <strong>cam\u0131n geli\u015fimine<\/strong> ve <strong>d\u00f6n\u00fc\u015f\u00fcm\u00fcne<\/strong> katk\u0131 sunan her payda\u015fa hepimiz ad\u0131na te\u015fekk\u00fcr etmek istiyorum. \u0130nsanl\u0131k tarihi biraz da insan\u0131n temas i\u00e7inde oldu\u011fu ara\u00e7larla \u015fekillenir. Bu do\u011frultuda cam\u0131n insan akl\u0131n\u0131n, dilinin ve k\u00fclt\u00fcr\u00fcn\u00fcn geli\u015fmesindeki \u00f6nemli pay\u0131na dair fark\u0131ndal\u0131\u011f\u0131n\u0131 da art\u0131rmak i\u00e7in do\u011fru bir zamanday\u0131z. Biz hem insanl\u0131\u011f\u0131n hem de sekt\u00f6r\u00fcm\u00fcz\u00fcn insan hayat\u0131na yapaca\u011f\u0131 katk\u0131ya \u00f6nc\u00fcl\u00fck etme sorumlulu\u011funu almaya devam etmekte kararl\u0131y\u0131z. Gelecek nesillere <strong>cam gibi s\u00fcrd\u00fcr\u00fclebilir<\/strong> bir d\u00fcnya b\u0131rakmak hepimizin g\u00f6revi ve bu konuda \u015ei\u015fecam olarak gere\u011fini yapmaktan asla ka\u00e7\u0131nmayaca\u011f\u0131z\u201d<\/em> ifadelerini kulland\u0131.<\/p>","protected":false},"excerpt":{"rendered":"<p>Sorry, this entry is only available in Turkish. For the sake of viewer convenience, the content is shown below in the alternative language. You may click the link to switch the active language. S\u00fcrd\u00fcr\u00fclebilirli\u011fin \u00f6neminin her ge\u00e7en g\u00fcn daha \u00e7ok fark edildi\u011fi ve benimsendi\u011fi bir atmosferde cam\u0131n\u00a0 s\u00fcrd\u00fcr\u00fclebilir toplumlar\u0131n geli\u015fimdeki rol\u00fcne dikkat \u00e7ekmek amac\u0131yla 2022 [&hellip;]<\/p>\n","protected":false},"author":1,"featured_media":150923,"comment_status":"open","ping_status":"open","sticky":false,"template":"","format":"standard","meta":[],"categories":[53],"tags":[51021,100963,100962,4531,32733,1296,100961,99850],"views":80,"_links":{"self":[{"href":"https:\/\/www.enerjigazetesi.ist\/en\/wp-json\/wp\/v2\/posts\/150920"}],"collection":[{"href":"https:\/\/www.enerjigazetesi.ist\/en\/wp-json\/wp\/v2\/posts"}],"about":[{"href":"https:\/\/www.enerjigazetesi.ist\/en\/wp-json\/wp\/v2\/types\/post"}],"author":[{"embeddable":true,"href":"https:\/\/www.enerjigazetesi.ist\/en\/wp-json\/wp\/v2\/users\/1"}],"replies":[{"embeddable":true,"href":"https:\/\/www.enerjigazetesi.ist\/en\/wp-json\/wp\/v2\/comments?post=150920"}],"version-history":[{"count":0,"href":"https:\/\/www.enerjigazetesi.ist\/en\/wp-json\/wp\/v2\/posts\/150920\/revisions"}],"wp:featuredmedia":[{"embeddable":true,"href":"https:\/\/www.enerjigazetesi.ist\/en\/wp-json\/wp\/v2\/media\/150923"}],"wp:attachment":[{"href":"https:\/\/www.enerjigazetesi.ist\/en\/wp-json\/wp\/v2\/media?parent=150920"}],"wp:term":[{"taxonomy":"category","embeddable":true,"href":"https:\/\/www.enerjigazetesi.ist\/en\/wp-json\/wp\/v2\/categories?post=150920"},{"taxonomy":"post_tag","embeddable":true,"href":"https:\/\/www.enerjigazetesi.ist\/en\/wp-json\/wp\/v2\/tags?post=150920"}],"curies":[{"name":"wp","href":"https:\/\/api.w.org\/{rel}","templated":true}]}}