{"id":150864,"date":"2022-02-14T12:58:36","date_gmt":"2022-02-14T09:58:36","guid":{"rendered":"https:\/\/www.enerjigazetesi.ist\/?p=150864"},"modified":"2022-02-14T15:25:00","modified_gmt":"2022-02-14T12:25:00","slug":"is-hayati-tekfen-in-arka-bahcesi-calisanlarina-emanet","status":"publish","type":"post","link":"https:\/\/www.enerjigazetesi.ist\/en\/is-hayati-tekfen-in-arka-bahcesi-calisanlarina-emanet\/","title":{"rendered":"(Turkish) \u0130\u015f Hayat\u0131: Tekfen&#8217;in Arka Bah\u00e7esi \u00c7al\u0131\u015fanlar\u0131na Emanet"},"content":{"rendered":"<p class=\"qtranxs-available-languages-message qtranxs-available-languages-message-en\">Sorry, this entry is only available in <a href=\"https:\/\/www.enerjigazetesi.ist\/tr\/wp-json\/wp\/v2\/posts\/150864\" class=\"qtranxs-available-language-link qtranxs-available-language-link-tr\" title=\"Turkish\">Turkish<\/a>. For the sake of viewer convenience, the content is shown below in the alternative language. You may click the link to switch the active language.<\/p><p><\/p>\n<h2>Tekfen Holding, Ulus Yerle\u015fkesi\u2019nin Arnavutk\u00f6y yoku\u015fu \u00fczerindeki at\u0131l kalan yamac\u0131n\u0131, bir meyve-sebze bah\u00e7esine d\u00f6n\u00fc\u015ft\u00fcrd\u00fc.<\/h2>\n<p><strong>\u0130stanbul\u2019un<\/strong> merkezinde, <strong>Tekfen Holding<\/strong>\u2019in y\u00f6netim merkezinin s\u0131n\u0131rlar\u0131 dahilinde kalan <strong>sarp bir yama\u00e7ta<\/strong> olu\u015fturulan <strong>\u201cTekfen Arka Bah\u00e7e\u201d projesi<\/strong>yle, \u015fimdi <strong>Osmanl\u0131 \u00e7ile\u011finden \u00e7eri domatese, sar\u0131msaktan bezelyeye, brokoliye<\/strong> kadar pek \u00e7ok \u00e7e\u015fit <strong>do\u011fal<\/strong> ve <strong>nefis sebze-meyve<\/strong> <img loading=\"lazy\" class=\"alignright wp-image-150881\" src=\"https:\/\/www.enerjigazetesi.ist\/wp-content\/uploads\/2022\/02\/is-hayati-tekfen-in-arka-bahcesi-calisanlarina-emanet-1-1.jpg\" alt=\"\" width=\"320\" height=\"219\" srcset=\"https:\/\/www.enerjigazetesi.ist\/wp-content\/uploads\/2022\/02\/is-hayati-tekfen-in-arka-bahcesi-calisanlarina-emanet-1-1.jpg 429w, https:\/\/www.enerjigazetesi.ist\/wp-content\/uploads\/2022\/02\/is-hayati-tekfen-in-arka-bahcesi-calisanlarina-emanet-1-1-300x205.jpg 300w, https:\/\/www.enerjigazetesi.ist\/wp-content\/uploads\/2022\/02\/is-hayati-tekfen-in-arka-bahcesi-calisanlarina-emanet-1-1-73x50.jpg 73w\" sizes=\"(max-width: 320px) 100vw, 320px\" \/>yeti\u015fiyor.<\/p>\n<h3><strong>Tekfen Holding \u00e7al\u0131\u015fanlar\u0131 topra\u011fa elini de\u011fdirerek stresini at\u0131yor<\/strong><\/h3>\n<p>Tekfen Holding \u00e7al\u0131\u015fanlar\u0131n\u0131n g\u00f6n\u00fcll\u00fc olarak sahiplendi\u011fi, \u00e7al\u0131\u015fanlara <strong>ellerini topra\u011fa de\u011fdirerek<\/strong> y\u00fczlerinin g\u00fclmesine arac\u0131 olan <strong>Tekfen Arka Bah\u00e7e<\/strong> ayn\u0131 zamanda <strong>\u00e7evresel<\/strong> ve <strong>sosyal<\/strong> bir faydaya da hizmet ediyor. Bah\u00e7ede yeti\u015ftirilen endemik bir meyve olan <strong>Arnavutk\u00f6y (Osmanl\u0131) \u00e7ile\u011fi<\/strong>nden \u00fcretilen re\u00e7elin sat\u0131\u015f\u0131ndan elde edilen gelirle <strong>Ziraat B\u00f6l\u00fcm\u00fc<\/strong>\u2019nde okuyan bir<strong> k\u0131z \u00f6\u011frenciye burs<\/strong> verildi.<\/p>\n<h3><strong>Arnavutk\u00f6y\u2019e \u00f6zel endemik Osmanl\u0131 \u00e7ile\u011fi Tekfen\u2019e emanet<\/strong><\/h3>\n<p>Konuyu de\u011ferlendiren <strong>Tekfen Holding Kurumsal \u0130leti\u015fim, S\u00fcrd\u00fcr\u00fclebilirlik Grup \u015eirketler Direkt\u00f6r\u00fc Dori Kiss Kalafat\u00a0<\/strong>\u015funlar\u0131 s\u00f6yledi:\u00a0<em>\u201cPandeminin bir\u00e7ok s\u00fcregelen <strong>\u00e7al\u0131\u015fmaya ket vurmas\u0131<\/strong>, insan\u0131n akl\u0131na gelmeyecek ya da akl\u0131na gelip de yapmaya <strong>vakit bulamad\u0131\u011f\u0131 fikirleri<\/strong> hayata ge\u00e7irmesine olanak tan\u0131d\u0131. Hepimizin d\u00fcnya g\u00f6r\u00fc\u015f\u00fcn\u00fcn s\u0131nand\u0131\u011f\u0131 bu s\u00fcre\u00e7te <strong>do\u011fayla<\/strong> olan ili\u015fkimizi de;<strong> bireyler, kurumlar<\/strong> ve<strong> toplumlar<\/strong> olarak da g\u00f6zden ge\u00e7irmemiz gerekti\u011finin ay\u0131rd\u0131na vard\u0131k. K\u00fc\u00e7\u00fck, b\u00fcy\u00fck fark etmeksizin<strong> \u201cbir \u015fey yapma\u201d<\/strong> d\u00fcrt\u00fcs\u00fcyle biz eyleme kendi bah\u00e7emizden ba\u015flad\u0131k! Holding merkezimizdeki at\u0131l, sarp bir yamac\u0131m\u0131z\u0131 \u0131slah ederek, bir <strong>ba\u011fa<\/strong> d\u00f6n\u00fc\u015ft\u00fcrd\u00fck ve ba\u011f\u0131m\u0131z\u0131n bak\u0131m\u0131n\u0131 g\u00f6n\u00fcll\u00fc Tekfenlilere emanet edip, mevsimine g\u00f6re \u00f6nce <strong>k\u0131\u015fl\u0131k<\/strong> sonra<strong> yazl\u0131k<\/strong> sebzeler ekerek <strong>mahsulleri yemekhanemizde<\/strong> afiyetle t\u00fckettik. En g\u00fcne\u015fli yamac\u0131m\u0131za ekti\u011fimiz \u00e7ileklerden yapt\u0131\u011f\u0131m\u0131z re\u00e7elleri yine \u015firket i\u00e7inde en y\u00fcksek teklif verenlere <strong>Tekfen Vakf\u0131<\/strong>\u2019na ba\u011f\u0131\u015f kar\u015f\u0131l\u0131\u011f\u0131 verdik. Bu ba\u011f\u0131\u015flarla hali haz\u0131rda <strong>Tekfen Vakf\u0131<\/strong>\u2019n\u0131n say\u0131s\u0131 <strong>500\u2019\u00fc a\u015fan<\/strong> bursiyere ilave bir de <strong>\u201c\u00e7ilek bursu\u201d<\/strong> ziraat okuyan gen\u00e7 bir k\u0131z \u00f6\u011frenci eklendi. Her yan\u0131 iyilikle dolu bu giri\u015fim sayesinde bah\u00e7emizde hangi sebzeden daha iyi verim ald\u0131\u011f\u0131m\u0131z\u0131, hangisinin g\u00fcne\u015f sevip, hangisinin yapra\u011f\u0131n\u0131 salyangozlar\u0131n yedi\u011fini \u015fehirliler olarak \u00f6\u011frendik. Daha \u00e7ok verim al\u0131p, bir burs daha verebilmek i\u00e7in, \u00f6n\u00fcm\u00fczdeki mevsime \u015fimdiden haz\u0131r\u0131z. Bu s\u00fcre\u00e7te elimizden tutan <strong>Nezahat G\u00f6kyi\u011fit<\/strong> Botanik Bah\u00e7esi uzmanlar\u0131na ve <strong>Hishtil-Toros Fidecilik<\/strong> grup \u015firketimize de te\u015fekk\u00fcr bor\u00e7luyuz. Bir sonraki amac\u0131m\u0131z, mahallemiz <strong>Arnavutk\u00f6y\u2019e<\/strong> \u00f6zel endemik Osmanl\u0131 \u00e7ile\u011fine de bah\u00e7emizde yer a\u00e7\u0131p, bulundu\u011fumuz yerin <strong>biyo\u00e7e\u015fitlili\u011fini korumak<\/strong> ve <strong>ya\u015fatmak<\/strong> olacak.\u201d<\/em><\/p>","protected":false},"excerpt":{"rendered":"<p>Sorry, this entry is only available in Turkish. For the sake of viewer convenience, the content is shown below in the alternative language. You may click the link to switch the active language. Tekfen Holding, Ulus Yerle\u015fkesi\u2019nin Arnavutk\u00f6y yoku\u015fu \u00fczerindeki at\u0131l kalan yamac\u0131n\u0131, bir meyve-sebze bah\u00e7esine d\u00f6n\u00fc\u015ft\u00fcrd\u00fc. \u0130stanbul\u2019un merkezinde, Tekfen Holding\u2019in y\u00f6netim merkezinin s\u0131n\u0131rlar\u0131 dahilinde [&hellip;]<\/p>\n","protected":false},"author":1,"featured_media":150882,"comment_status":"open","ping_status":"open","sticky":false,"template":"","format":"standard","meta":[],"categories":[53],"tags":[100938,100931,100933,100934,100932,100929,48522,100930],"views":156,"_links":{"self":[{"href":"https:\/\/www.enerjigazetesi.ist\/en\/wp-json\/wp\/v2\/posts\/150864"}],"collection":[{"href":"https:\/\/www.enerjigazetesi.ist\/en\/wp-json\/wp\/v2\/posts"}],"about":[{"href":"https:\/\/www.enerjigazetesi.ist\/en\/wp-json\/wp\/v2\/types\/post"}],"author":[{"embeddable":true,"href":"https:\/\/www.enerjigazetesi.ist\/en\/wp-json\/wp\/v2\/users\/1"}],"replies":[{"embeddable":true,"href":"https:\/\/www.enerjigazetesi.ist\/en\/wp-json\/wp\/v2\/comments?post=150864"}],"version-history":[{"count":0,"href":"https:\/\/www.enerjigazetesi.ist\/en\/wp-json\/wp\/v2\/posts\/150864\/revisions"}],"wp:featuredmedia":[{"embeddable":true,"href":"https:\/\/www.enerjigazetesi.ist\/en\/wp-json\/wp\/v2\/media\/150882"}],"wp:attachment":[{"href":"https:\/\/www.enerjigazetesi.ist\/en\/wp-json\/wp\/v2\/media?parent=150864"}],"wp:term":[{"taxonomy":"category","embeddable":true,"href":"https:\/\/www.enerjigazetesi.ist\/en\/wp-json\/wp\/v2\/categories?post=150864"},{"taxonomy":"post_tag","embeddable":true,"href":"https:\/\/www.enerjigazetesi.ist\/en\/wp-json\/wp\/v2\/tags?post=150864"}],"curies":[{"name":"wp","href":"https:\/\/api.w.org\/{rel}","templated":true}]}}