{"id":150775,"date":"2022-02-12T15:02:51","date_gmt":"2022-02-12T12:02:51","guid":{"rendered":"https:\/\/www.enerjigazetesi.ist\/?p=150775"},"modified":"2022-02-12T15:12:01","modified_gmt":"2022-02-12T12:12:01","slug":"1-inci-verimlilik-odulleri-yarismasi-na-basvurular-basladi","status":"publish","type":"post","link":"https:\/\/www.enerjigazetesi.ist\/en\/1-inci-verimlilik-odulleri-yarismasi-na-basvurular-basladi\/","title":{"rendered":"(Turkish) 1. Verimlilik \u00d6d\u00fclleri Yar\u0131\u015fmas\u0131&#8217;na Ba\u015fvurular Ba\u015flad\u0131!"},"content":{"rendered":"<p class=\"qtranxs-available-languages-message qtranxs-available-languages-message-en\">Sorry, this entry is only available in <a href=\"https:\/\/www.enerjigazetesi.ist\/tr\/wp-json\/wp\/v2\/posts\/150775\" class=\"qtranxs-available-language-link qtranxs-available-language-link-tr\" title=\"Turkish\">Turkish<\/a>. For the sake of viewer convenience, the content is shown below in the alternative language. You may click the link to switch the active language.<\/p><p><\/p>\n<h2>Enerjisini \u00dcreten Fabrikalar Zirvesi kapsam\u0131nda d\u00fczenlenecek 1. Verimlilik \u00d6d\u00fclleri yar\u0131\u015fmas\u0131na ba\u015fvurular ba\u015flad\u0131.<\/h2>\n<p>ST Zirveleri&#8217;nden <strong>Enerjisini \u00dcreten Fabrikalar Zirvesi<\/strong> kapsam\u0131nda d\u00fczenlenecek<strong> &#8220;1. Verimlilik \u00d6d\u00fclleri&#8221;<\/strong> yar\u0131\u015fmas\u0131 i\u00e7in ba\u015fvuru s\u00fcreci ba\u015flad\u0131.<\/p>\n<h3><b>6 KATEGOR\u0130DE \u0130LK 3&#8217;E G\u0130RENLER \u00d6D\u00dcLLEND\u0130R\u0130LECEK<\/b><\/h3>\n<h3><b><img loading=\"lazy\" class=\"alignright wp-image-150792\" src=\"https:\/\/www.enerjigazetesi.ist\/wp-content\/uploads\/2022\/02\/1-inci-verimlilik-odulleri-yarismasi-na-basvurular-basladi-2.jpg\" alt=\"\" width=\"320\" height=\"207\" srcset=\"https:\/\/www.enerjigazetesi.ist\/wp-content\/uploads\/2022\/02\/1-inci-verimlilik-odulleri-yarismasi-na-basvurular-basladi-2.jpg 550w, https:\/\/www.enerjigazetesi.ist\/wp-content\/uploads\/2022\/02\/1-inci-verimlilik-odulleri-yarismasi-na-basvurular-basladi-2-300x194.jpg 300w, https:\/\/www.enerjigazetesi.ist\/wp-content\/uploads\/2022\/02\/1-inci-verimlilik-odulleri-yarismasi-na-basvurular-basladi-2-500x324.jpg 500w, https:\/\/www.enerjigazetesi.ist\/wp-content\/uploads\/2022\/02\/1-inci-verimlilik-odulleri-yarismasi-na-basvurular-basladi-2-77x50.jpg 77w\" sizes=\"(max-width: 320px) 100vw, 320px\" \/><\/b><\/h3>\n<p><strong>End\u00fcstri Medya Grup<\/strong> b\u00fcnyesindeki <strong>ST Alternatif Fuarc\u0131l\u0131k<\/strong> taraf\u0131ndan organize edilen ve <strong>4-6 Ekim 2022<\/strong> tarihlerinde \u0130stanbul Tuzla&#8217;daki <strong>Viaport Marina Expo Center&#8217;de<\/strong> 3.&#8217;s\u00fc ger\u00e7ekle\u015ftirilecek <strong>Enerjisini \u00dcreten Fabrikalar Zirvesi<\/strong>&#8216;nde, bu y\u0131l ilk kez <strong>Verimlilik \u00d6d\u00fclleri<\/strong> organizasyonu ger\u00e7ekle\u015ftirilecek.<\/p>\n<p>&#8220;Y\u0131l\u0131n En \u0130yi Verimlilik Art\u0131r\u0131c\u0131 Projesi&#8221;, &#8220;Y\u0131l\u0131n En Ba\u015far\u0131l\u0131 Enerji Y\u00f6neticisi&#8221;, &#8220;Y\u0131l\u0131n Verimlili\u011fini En \u00c7ok Art\u0131ran Fabrikas\u0131&#8221;, &#8220;Y\u0131l\u0131n En \u0130yi Yenilenebilir Enerji Projesi,<strong> &#8220;Y\u0131l\u0131n Karbon Sal\u0131m\u0131 D\u00fc\u015f\u00fcrme Projesi&#8221; ve &#8220;Y\u0131l\u0131n En \u0130yi \u0130klim\/\u00c7evre Projesi&#8221;<\/strong> olmak \u00fczere toplam <strong>6 kategoride<\/strong> ilk <strong>3&#8217;e<\/strong> giren firmalar \u00f6d\u00fcl\u00fcn sahibi olacak.<\/p>\n<h3><b>K\u0130MLER KATILIM SA\u011eLAYAB\u0130LECEK?<\/b><\/h3>\n<p>Verimlilik \u00d6d\u00fclleri organizasyonuna, &#8220;<strong>Verimlili\u011fi Art\u0131r\u0131c\u0131 yat\u0131r\u0131m yapan fabrikalar<\/strong>&#8221; kat\u0131l\u0131m sa\u011flayabilecek.<\/p>\n<p><strong>Yar\u0131\u015fma kurallar\u0131<\/strong> \u00e7er\u00e7evesinde<strong> tedarik\u00e7i firmalar<\/strong> tek ba\u015f\u0131na de\u011ferlendirmeye al\u0131nmayacak, ilgili <strong>Verimlilik Art\u0131r\u0131c\u0131 Proje Yat\u0131r\u0131m\u0131<\/strong>n\u0131 yapan fabrika projesi i\u00e7inde uygulay\u0131c\u0131 firma kimli\u011fi ile de\u011ferlendirilecek.<\/p>\n<h3><b>3<\/b><b>1 TEMMUZ 2022&#8217;YE KAD<\/b><b>AR BA\u015eVURU YAPILAB\u0130LECEK<\/b><\/h3>\n<p><strong>&#8220;Verimlilik \u00d6d\u00fclleri&#8221; yar\u0131\u015fmas\u0131<\/strong> i\u00e7in adaylar,<strong> 31 Temmuz 2022<\/strong> tarihine kadar ba\u015fvuruda bulunabilecek.<\/p>\n<p>Kazananlar, bu tarihten ba\u015flayarak <strong>2 ayl\u0131k de\u011ferlendirme<\/strong> s\u00fcrecinin sonucunda belirlenecek. Ard\u0131ndan <strong>04-06 Ekim 2022<\/strong> tarihlerindeki <strong>3. Enerjisini \u00dcreten Fabrikalar Zirvesi <\/strong>ve<strong> Sergisi<\/strong> kapsam\u0131nda ger\u00e7ekle\u015ftirilecek<strong> \u00f6d\u00fcl t\u00f6reni<\/strong> ile sahiplerini bulacak.<\/p>\n<p><strong>Detayl\u0131 Bilgi \u0130\u00e7in:<\/strong> <a href=\"https:\/\/www.enerjisiniuretenfabrikalar.com\/\" target=\"_blank\" rel=\"nofollow noopener\">https:\/\/www.enerjisiniuretenfabrikalar.com\/<\/a> adresini ziyaret edebilirsiniz.<\/p>","protected":false},"excerpt":{"rendered":"<p>Sorry, this entry is only available in Turkish. For the sake of viewer convenience, the content is shown below in the alternative language. You may click the link to switch the active language. Enerjisini \u00dcreten Fabrikalar Zirvesi kapsam\u0131nda d\u00fczenlenecek 1. Verimlilik \u00d6d\u00fclleri yar\u0131\u015fmas\u0131na ba\u015fvurular ba\u015flad\u0131. ST Zirveleri&#8217;nden Enerjisini \u00dcreten Fabrikalar Zirvesi kapsam\u0131nda d\u00fczenlenecek &#8220;1. Verimlilik [&hellip;]<\/p>\n","protected":false},"author":19,"featured_media":150792,"comment_status":"open","ping_status":"open","sticky":false,"template":"","format":"standard","meta":[],"categories":[53,52],"tags":[23311,60016,100903,100902,26593],"views":210,"_links":{"self":[{"href":"https:\/\/www.enerjigazetesi.ist\/en\/wp-json\/wp\/v2\/posts\/150775"}],"collection":[{"href":"https:\/\/www.enerjigazetesi.ist\/en\/wp-json\/wp\/v2\/posts"}],"about":[{"href":"https:\/\/www.enerjigazetesi.ist\/en\/wp-json\/wp\/v2\/types\/post"}],"author":[{"embeddable":true,"href":"https:\/\/www.enerjigazetesi.ist\/en\/wp-json\/wp\/v2\/users\/19"}],"replies":[{"embeddable":true,"href":"https:\/\/www.enerjigazetesi.ist\/en\/wp-json\/wp\/v2\/comments?post=150775"}],"version-history":[{"count":0,"href":"https:\/\/www.enerjigazetesi.ist\/en\/wp-json\/wp\/v2\/posts\/150775\/revisions"}],"wp:featuredmedia":[{"embeddable":true,"href":"https:\/\/www.enerjigazetesi.ist\/en\/wp-json\/wp\/v2\/media\/150792"}],"wp:attachment":[{"href":"https:\/\/www.enerjigazetesi.ist\/en\/wp-json\/wp\/v2\/media?parent=150775"}],"wp:term":[{"taxonomy":"category","embeddable":true,"href":"https:\/\/www.enerjigazetesi.ist\/en\/wp-json\/wp\/v2\/categories?post=150775"},{"taxonomy":"post_tag","embeddable":true,"href":"https:\/\/www.enerjigazetesi.ist\/en\/wp-json\/wp\/v2\/tags?post=150775"}],"curies":[{"name":"wp","href":"https:\/\/api.w.org\/{rel}","templated":true}]}}