{"id":150749,"date":"2022-02-11T14:17:53","date_gmt":"2022-02-11T11:17:53","guid":{"rendered":"https:\/\/www.enerjigazetesi.ist\/?p=150749"},"modified":"2022-02-11T14:17:53","modified_gmt":"2022-02-11T11:17:53","slug":"isparta-da-elektrik-faturasi-odemelerine-ek-sure-verildi","status":"publish","type":"post","link":"https:\/\/www.enerjigazetesi.ist\/en\/isparta-da-elektrik-faturasi-odemelerine-ek-sure-verildi\/","title":{"rendered":"(Turkish) Isparta\u2019da Elektrik Faturas\u0131 \u00d6demelerine Ek S\u00fcre Verildi"},"content":{"rendered":"<p class=\"qtranxs-available-languages-message qtranxs-available-languages-message-en\">Sorry, this entry is only available in <a href=\"https:\/\/www.enerjigazetesi.ist\/tr\/wp-json\/wp\/v2\/posts\/150749\" class=\"qtranxs-available-language-link qtranxs-available-language-link-tr\" title=\"Turkish\">Turkish<\/a>. For the sake of viewer convenience, the content is shown below in the alternative language. You may click the link to switch the active language.<\/p><p><\/p>\n<h2>03 \u015eubat Per\u015fembe g\u00fcn\u00fcnden itibaren Isparta\u2019da ya\u015fam\u0131 olumsuz etkileyen yo\u011fun kar ya\u011f\u0131\u015f\u0131 ve enerji nakil hatlar\u0131n\u0131n hasar g\u00f6rmesi kaynakl\u0131 olu\u015fan ar\u0131zalar, kamu ve \u00f6zel sekt\u00f6r\u00fcn yo\u011fun m\u00fccadelesi ile tamamen giderilmi\u015ftir. Bu s\u00fcre\u00e7te b\u00f6lgenin g\u00f6revli tedarik \u015firketi olarak hizmet verdi\u011fimiz Isparta\u2019da meskenler i\u00e7in son \u00f6deme tarihi 03.02.2022 &#8211; 02.03.2022 aras\u0131nda olan elektrik faturalar\u0131na son \u00f6deme tarihinden itibaren 30 g\u00fcn ilave s\u00fcre verilmesine karar verilmi\u015ftir.<\/h2>\n<p><strong>Enerji ve Tabii Kaynaklar Bakanl\u0131\u011f\u0131<\/strong>\u2019n\u0131n da a\u00e7\u0131klad\u0131\u011f\u0131 gibi <strong>Isparta<\/strong>\u2019da saya\u00e7 okumalar\u0131 b\u00f6lgede hizmet veren elektrik da\u011f\u0131t\u0131m \u015firketi taraf\u0131ndan <strong>14 \u015eubat tarihine kadar<\/strong> yap\u0131lmayacakt\u0131r. 14 \u015eubat tarihinden itibaren <strong>normal saya\u00e7 okuma<\/strong> faaliyetine ba\u015flan\u0131lacak ve <strong>mesken m\u00fc\u015fterilerimizin<\/strong> fatura tahsilatlar\u0131nda her zamanki <strong>10 g\u00fcne<\/strong> ilave <strong>30 g\u00fcnl\u00fck<\/strong> ek \u00f6deme s\u00fcresi de dahil edilerek <strong>40 <img loading=\"lazy\" class=\"alignright wp-image-150752\" src=\"https:\/\/www.enerjigazetesi.ist\/wp-content\/uploads\/2022\/02\/isparta-da-elektrik-faturasi-odemelerine-ek-sure-verildi-1.jpg\" alt=\"\" width=\"320\" height=\"232\" srcset=\"https:\/\/www.enerjigazetesi.ist\/wp-content\/uploads\/2022\/02\/isparta-da-elektrik-faturasi-odemelerine-ek-sure-verildi-1.jpg 550w, https:\/\/www.enerjigazetesi.ist\/wp-content\/uploads\/2022\/02\/isparta-da-elektrik-faturasi-odemelerine-ek-sure-verildi-1-300x218.jpg 300w, https:\/\/www.enerjigazetesi.ist\/wp-content\/uploads\/2022\/02\/isparta-da-elektrik-faturasi-odemelerine-ek-sure-verildi-1-500x363.jpg 500w, https:\/\/www.enerjigazetesi.ist\/wp-content\/uploads\/2022\/02\/isparta-da-elektrik-faturasi-odemelerine-ek-sure-verildi-1-69x50.jpg 69w\" sizes=\"(max-width: 320px) 100vw, 320px\" \/>g\u00fcnl\u00fck<\/strong> bir s\u00fcre sa\u011flanm\u0131\u015f olacakt\u0131r. <strong>Ispartal\u0131 mesken m\u00fc\u015fterimiz<\/strong> bu uygulamadan herhangi bir ba\u015fvuruya gerek kalmadan faydalanacak olup, herhangi bir <strong>gecikme faizi<\/strong> s\u00f6z konusu olmayacakt\u0131r.<\/p>\n<p><strong>Saya\u00e7 okumalar\u0131n\u0131n<\/strong> bir s\u00fcre<strong> ertelenmesi<\/strong> veya<strong> fatura tahsilatlar\u0131na<\/strong> ilave s\u00fcre verilmesi EPDK taraf\u0131ndan<em> \u201cmesken <strong>al\u00e7ak gerilim<\/strong> <strong>tek terim tek zamanl\u0131<\/strong> abone grubu\u201d<\/em> i\u00e7in uygulamaya al\u0131nan g\u00fcnl\u00fck <strong>7 kwh\u2019lik<\/strong> <strong>kademeli tarife limiti<\/strong> uygulamas\u0131nda t\u00fcketici aleyhine herhangi bir haks\u0131zl\u0131\u011fa neden olmayacakt\u0131r.<\/p>\n<p>Bilindi\u011fi gibi kademeli tarife, g\u00fcnl\u00fck limitin g\u00fcn say\u0131s\u0131 ile \u00e7arp\u0131lmas\u0131 y\u00f6ntemiyle belirlenmektedir. 30 g\u00fcnl\u00fck saya\u00e7 okumas\u0131nda<strong> 30&#215;7=210 kWh<\/strong> (kilovatsaat) olan limit, \u00f6rne\u011fin<strong> 35 g\u00fcnl\u00fck saya\u00e7<\/strong> okumas\u0131nda <strong>35&#215;7=245 kWh<\/strong> olarak hesaplanmakta ve dikkate al\u0131nmaktad\u0131r. <strong>Saya\u00e7 okuma s\u00fcresi<\/strong>nin uzamas\u0131 g\u00fcnl\u00fck<strong> 7 kwh\u2019lik<\/strong> miktar\u0131n <strong>d\u00fc\u015f\u00fck tarifeden faydalanma<\/strong> imkan\u0131n\u0131 engellememektedir.<\/p>\n<p><strong>Isparta\u2019da<\/strong> ya\u015fayan m\u00fc\u015fterilerimizin\u00a0<a href=\"https:\/\/www.ckakdeniz.com.tr\/\">https:\/\/www.ckakdeniz.com.tr\/<\/a>\u00a0internet adresimiz \u00fczerindeki <strong>canl\u0131 destek hatt\u0131m\u0131za<\/strong> yazarak veya <strong>M\u00fc\u015fteri Hizmet Merkezleri<\/strong>\u2019mizden konuyla ilgili bilgi alabilece\u011fini belirtir, <strong>pandemi s\u00fcrecinde<\/strong> oldu\u011fu gibi bu zorlu d\u00f6nemde de<strong> t\u00fcm enerjimizle<\/strong> m\u00fc\u015fterilerimizin yan\u0131nda oldu\u011fumuzu bildiririz.<\/p>\n<p><strong>Sayg\u0131lar\u0131m\u0131zla<\/strong><\/p>\n<p><strong>CK Enerji Akdeniz Elektrik<\/strong><\/p>","protected":false},"excerpt":{"rendered":"<p>Sorry, this entry is only available in Turkish. For the sake of viewer convenience, the content is shown below in the alternative language. You may click the link to switch the active language. 03 \u015eubat Per\u015fembe g\u00fcn\u00fcnden itibaren Isparta\u2019da ya\u015fam\u0131 olumsuz etkileyen yo\u011fun kar ya\u011f\u0131\u015f\u0131 ve enerji nakil hatlar\u0131n\u0131n hasar g\u00f6rmesi kaynakl\u0131 olu\u015fan ar\u0131zalar, kamu [&hellip;]<\/p>\n","protected":false},"author":1,"featured_media":150751,"comment_status":"open","ping_status":"open","sticky":false,"template":"","format":"standard","meta":[],"categories":[51,53],"tags":[38865,4061,26353,14167,80733,100893],"views":189,"_links":{"self":[{"href":"https:\/\/www.enerjigazetesi.ist\/en\/wp-json\/wp\/v2\/posts\/150749"}],"collection":[{"href":"https:\/\/www.enerjigazetesi.ist\/en\/wp-json\/wp\/v2\/posts"}],"about":[{"href":"https:\/\/www.enerjigazetesi.ist\/en\/wp-json\/wp\/v2\/types\/post"}],"author":[{"embeddable":true,"href":"https:\/\/www.enerjigazetesi.ist\/en\/wp-json\/wp\/v2\/users\/1"}],"replies":[{"embeddable":true,"href":"https:\/\/www.enerjigazetesi.ist\/en\/wp-json\/wp\/v2\/comments?post=150749"}],"version-history":[{"count":0,"href":"https:\/\/www.enerjigazetesi.ist\/en\/wp-json\/wp\/v2\/posts\/150749\/revisions"}],"wp:featuredmedia":[{"embeddable":true,"href":"https:\/\/www.enerjigazetesi.ist\/en\/wp-json\/wp\/v2\/media\/150751"}],"wp:attachment":[{"href":"https:\/\/www.enerjigazetesi.ist\/en\/wp-json\/wp\/v2\/media?parent=150749"}],"wp:term":[{"taxonomy":"category","embeddable":true,"href":"https:\/\/www.enerjigazetesi.ist\/en\/wp-json\/wp\/v2\/categories?post=150749"},{"taxonomy":"post_tag","embeddable":true,"href":"https:\/\/www.enerjigazetesi.ist\/en\/wp-json\/wp\/v2\/tags?post=150749"}],"curies":[{"name":"wp","href":"https:\/\/api.w.org\/{rel}","templated":true}]}}