{"id":150724,"date":"2022-02-11T11:51:23","date_gmt":"2022-02-11T08:51:23","guid":{"rendered":"https:\/\/www.enerjigazetesi.ist\/?p=150724"},"modified":"2022-02-11T11:51:23","modified_gmt":"2022-02-11T08:51:23","slug":"biotrend-enerji-2021yi-yuzde-74-satis-artisiyla-kapatti","status":"publish","type":"post","link":"https:\/\/www.enerjigazetesi.ist\/en\/biotrend-enerji-2021yi-yuzde-74-satis-artisiyla-kapatti\/","title":{"rendered":"(Turkish) &#8217;Biotrend Enerji&#8217; 2021&#8217;yi % 74 Sat\u0131\u015f Art\u0131\u015f\u0131yla Kapatt\u0131"},"content":{"rendered":"<p class=\"qtranxs-available-languages-message qtranxs-available-languages-message-en\">Sorry, this entry is only available in <a href=\"https:\/\/www.enerjigazetesi.ist\/tr\/wp-json\/wp\/v2\/posts\/150724\" class=\"qtranxs-available-language-link qtranxs-available-language-link-tr\" title=\"Turkish\">Turkish<\/a>. For the sake of viewer convenience, the content is shown below in the alternative language. You may click the link to switch the active language.<\/p><p><\/p>\n<h2>Do\u011fanlar Holding&#8217;in enerji \u015firketi Biotrend Enerji, 2021 y\u0131lsonu rakamlar\u0131n\u0131 a\u00e7\u0131klad\u0131. Biotrend Enerji\u2019nin 2021 y\u0131l\u0131nda net sat\u0131\u015flar\u0131 428 Milyon TL\u2019ye ula\u015farak, \u00f6nceki y\u0131l\u0131n ayn\u0131 d\u00f6nemine g\u00f6re toplam <strong>konsolide net sat\u0131\u015flarda %74<\/strong> oran\u0131nda art\u0131\u015f sa\u011flad\u0131.<\/h2>\n<p><img loading=\"lazy\" class=\"alignright wp-image-150727\" src=\"https:\/\/www.enerjigazetesi.ist\/wp-content\/uploads\/2022\/02\/biotrend-enerji-2021yi-74-satis-artisiyla-kapatti.jpeg\" alt=\"\" width=\"320\" height=\"336\" srcset=\"https:\/\/www.enerjigazetesi.ist\/wp-content\/uploads\/2022\/02\/biotrend-enerji-2021yi-74-satis-artisiyla-kapatti.jpeg 351w, https:\/\/www.enerjigazetesi.ist\/wp-content\/uploads\/2022\/02\/biotrend-enerji-2021yi-74-satis-artisiyla-kapatti-285x300.jpeg 285w, https:\/\/www.enerjigazetesi.ist\/wp-content\/uploads\/2022\/02\/biotrend-enerji-2021yi-74-satis-artisiyla-kapatti-48x50.jpeg 48w\" sizes=\"(max-width: 320px) 100vw, 320px\" \/>Biotrend Enerji <strong>2021 y\u0131lsonu<\/strong> br\u00fct kar\u0131 <strong>2020 y\u0131l\u0131n\u0131n<\/strong> ayn\u0131 d\u00f6nemine g\u00f6re<strong> %82<\/strong> artarak <strong>123 milyon TL<\/strong>\u2019ye ula\u015ft\u0131. 2021 y\u0131l sonu konsolide <strong>FAV\u00d6K rakam\u0131<\/strong> ise, 2020 y\u0131l\u0131n\u0131n ayn\u0131 d\u00f6nemine g\u00f6re<strong> %72<\/strong> oran\u0131nda artarak <strong>141 Milyon TL<\/strong> olarak a\u00e7\u0131kland\u0131. Br\u00fct k\u00e2r marj\u0131n\u0131 <strong>%28<\/strong>\u2019den <strong>%29<\/strong>\u2019a y\u00fckselten<strong> Biotrend Enerji<\/strong>, ayn\u0131 zamanda <strong>FAV\u00d6K marj\u0131n\u0131 da<\/strong> koruyarak iki d\u00f6nemde de <strong>%33<\/strong> oran\u0131nda FAV\u00d6K marj\u0131 ger\u00e7ekle\u015ftirdi. Biotrend Enerji aktif b\u00fcy\u00fckl\u00fc\u011f\u00fcn\u00fc ge\u00e7en y\u0131l\u0131n ayn\u0131 d\u00f6nemine g\u00f6re <strong>%124<\/strong> artarak <strong>1,8 milyar TL<\/strong>\u2019ye y\u00fckseltti. Kurulu g\u00fcc\u00fcn\u00fc ge\u00e7en y\u0131la g\u00f6re <strong>%57<\/strong> oran\u0131nda art\u0131rarak <strong>87,62 Mwe<\/strong> kurulu g\u00fcce ula\u015fan Biotrend Enerji, <strong>11 ilde<\/strong> devam eden yat\u0131r\u0131mlar\u0131 ile birlikte toplam <strong>18 tesise<\/strong> ula\u015ft\u0131.<\/p>\n<h3><strong>Biotrend Enerji CEO\u2019su Osman Nuri Vard\u0131: \u201cBiotrend Enerji kurumsalla\u015fma ad\u0131mlar\u0131n\u0131 yat\u0131r\u0131mlar\u0131yla b\u00fcy\u00fcyerek at\u0131yor.\u201d<\/strong><\/h3>\n<p>Biotrend Enerji CEO\u2019su Osman Nuri Vard\u0131<strong>,\u00a0<\/strong>yapt\u0131\u011f\u0131 a\u00e7\u0131klamada <em>\u201c2021 y\u0131l\u0131n\u0131 b\u00fcy\u00fcme ve karl\u0131l\u0131k y\u0131l\u0131 olarak kapatarak, <strong>%74 oran\u0131nda net sat\u0131\u015flarda b\u00fcy\u00fcme ve %82 oran\u0131nda br\u00fct kar art\u0131\u015f\u0131<\/strong> sa\u011flad\u0131k. Yat\u0131r\u0131m\u0131n en y\u00fcksek oldu\u011fu zamanlarda bile br\u00fct kar elde etmeyi ba\u015fard\u0131k. 2022 y\u0131l\u0131nda da daha fazla \u00e7al\u0131\u015farak hem yat\u0131r\u0131mlar\u0131m\u0131z\u0131 art\u0131raca\u011f\u0131z hem de<strong> \u00e7evreye, istihdama<\/strong> ve <strong>ekonomiye<\/strong> katk\u0131 sa\u011flamaya devam edece\u011fiz. 2022 y\u0131l\u0131nda,<strong> karbon sat\u0131\u015flar\u0131m\u0131z\u0131n da<\/strong> ba\u015flamas\u0131n\u0131 planl\u0131yoruz.\u201d<\/em> \u015feklinde konu\u015ftu. Biotrend Enerji\u2019nin Nisan 2021\u2019de ger\u00e7ekle\u015fen ba\u015far\u0131l\u0131 halka arz\u0131n\u0131n\u00a0ard\u0131ndan kurumsalla\u015fma \u00e7al\u0131\u015fmalar\u0131 \u00e7er\u00e7evesinde att\u0131\u011f\u0131 ad\u0131mlarla\u00a0ve yeni yat\u0131r\u0131mlarla dikkatleri \u00fczerine \u00e7ekti\u011fininin\u00a0alt\u0131n\u0131 \u00e7izen\u00a0Vard\u0131, <em>\u201c<strong>Avrupa \u0130mar ve Kalk\u0131nma Bankas\u0131 (EBRD)<\/strong> ile imzalad\u0131\u011f\u0131m\u0131z\u00a0s\u00f6zle\u015fme ve <strong>UN Global Compact\u2019e (Birle\u015fmi\u015f Milletler K\u00fcresel \u0130lkeler S\u00f6zle\u015fmesi)<\/strong> att\u0131\u011f\u0131m\u0131z\u00a0imza ile marka ad\u0131na \u00f6nemli a\u00e7\u0131l\u0131mlar ger\u00e7ekle\u015ftirdik. <strong>Toplumsal duyarl\u0131l\u0131k<\/strong> ve <strong>s\u00fcrd\u00fcr\u00fclebilirlik<\/strong> alan\u0131ndaki t\u00fcm \u00e7al\u0131\u015fmalar\u0131n ana \u00e7er\u00e7evesi niteli\u011finde\u00a0olan <strong>Birle\u015fmi\u015f Milletler K\u00fcresel \u0130lkeler S\u00f6zle\u015fmesi<\/strong> ile;\u00a0<strong>insan haklar\u0131, \u00e7al\u0131\u015fma standartlar\u0131, \u00e7evre<\/strong> ve <strong>yolsuzlukla m\u00fccadele<\/strong> alanlar\u0131nda <strong>10 ilkeye<\/strong> uyaca\u011f\u0131m\u0131z\u0131n s\u00f6z\u00fcn\u00fc verdik\u201d \u015feklinde konu\u015fan\u00a0Vard\u0131, iklim krizine dikkat \u00e7ekerek, \u201c<strong>\u0130klim de\u011fi\u015fikli\u011fi<\/strong>ni ve etkilerini her g\u00fcn daha fazla konu\u015fuyoruz. Maalesef, s\u0131cakl\u0131k art\u0131\u015f\u0131n\u0131n etkisiyle, t\u00fcm d\u00fcnyada s\u0131kl\u0131kla meydana gelen <strong>meteorolojik felaketlerin<\/strong> \u00f6n\u00fcne ge\u00e7menin en efektif y\u00f6ntemlerinden biri <strong>karbon sal\u0131m\u0131n\u0131n\u0131<\/strong> azaltmak. Bu kapsamda her yeni g\u00fcnde, do\u011fan\u0131n kendi d\u00f6ng\u00fcs\u00fc i\u00e7erisindeki yenilenebilir enerji kaynaklar\u0131 en b\u00fcy\u00fck destek\u00e7imiz. Biz <strong>2014 y\u0131l\u0131ndan beri<\/strong> bu alana yapt\u0131\u011f\u0131m\u0131z yat\u0131r\u0131mla bug\u00fcne ve gelecek nesillere yat\u0131r\u0131m yapmaya, daha iyi bir d\u00fcnya i\u00e7in var g\u00fcc\u00fcm\u00fczle \u00e7al\u0131\u015fmaya devam ediyoruz. Bu kapsamda<strong> EBRD<\/strong> gibi b\u00fcy\u00fck fonlar\u0131n hissedar\u0131m\u0131z olmas\u0131 bizleri hem kurumsalla\u015fma y\u00f6n\u00fcnde hem de yat\u0131r\u0131mlar\u0131m\u0131z\u0131n h\u0131z kazanmas\u0131nda destekliyor\u201d<\/em>\u00a0\u015feklinde konu\u015ftu.<\/p>","protected":false},"excerpt":{"rendered":"<p>Sorry, this entry is only available in Turkish. For the sake of viewer convenience, the content is shown below in the alternative language. You may click the link to switch the active language. Do\u011fanlar Holding&#8217;in enerji \u015firketi Biotrend Enerji, 2021 y\u0131lsonu rakamlar\u0131n\u0131 a\u00e7\u0131klad\u0131. Biotrend Enerji\u2019nin 2021 y\u0131l\u0131nda net sat\u0131\u015flar\u0131 428 Milyon TL\u2019ye ula\u015farak, \u00f6nceki y\u0131l\u0131n [&hellip;]<\/p>\n","protected":false},"author":1,"featured_media":150728,"comment_status":"open","ping_status":"open","sticky":false,"template":"","format":"standard","meta":[],"categories":[22893,53],"tags":[44699,87594,86203,23311,7697,1999,10931,100880,100879],"views":743,"_links":{"self":[{"href":"https:\/\/www.enerjigazetesi.ist\/en\/wp-json\/wp\/v2\/posts\/150724"}],"collection":[{"href":"https:\/\/www.enerjigazetesi.ist\/en\/wp-json\/wp\/v2\/posts"}],"about":[{"href":"https:\/\/www.enerjigazetesi.ist\/en\/wp-json\/wp\/v2\/types\/post"}],"author":[{"embeddable":true,"href":"https:\/\/www.enerjigazetesi.ist\/en\/wp-json\/wp\/v2\/users\/1"}],"replies":[{"embeddable":true,"href":"https:\/\/www.enerjigazetesi.ist\/en\/wp-json\/wp\/v2\/comments?post=150724"}],"version-history":[{"count":0,"href":"https:\/\/www.enerjigazetesi.ist\/en\/wp-json\/wp\/v2\/posts\/150724\/revisions"}],"wp:featuredmedia":[{"embeddable":true,"href":"https:\/\/www.enerjigazetesi.ist\/en\/wp-json\/wp\/v2\/media\/150728"}],"wp:attachment":[{"href":"https:\/\/www.enerjigazetesi.ist\/en\/wp-json\/wp\/v2\/media?parent=150724"}],"wp:term":[{"taxonomy":"category","embeddable":true,"href":"https:\/\/www.enerjigazetesi.ist\/en\/wp-json\/wp\/v2\/categories?post=150724"},{"taxonomy":"post_tag","embeddable":true,"href":"https:\/\/www.enerjigazetesi.ist\/en\/wp-json\/wp\/v2\/tags?post=150724"}],"curies":[{"name":"wp","href":"https:\/\/api.w.org\/{rel}","templated":true}]}}