{"id":150680,"date":"2022-02-10T14:53:33","date_gmt":"2022-02-10T11:53:33","guid":{"rendered":"https:\/\/www.enerjigazetesi.ist\/?p=150680"},"modified":"2022-02-10T15:08:12","modified_gmt":"2022-02-10T12:08:12","slug":"undp-ve-marmara-belediyeler-birligi-yasam-kalitesini-ve-dogayi-koruyor","status":"publish","type":"post","link":"https:\/\/www.enerjigazetesi.ist\/en\/undp-ve-marmara-belediyeler-birligi-yasam-kalitesini-ve-dogayi-koruyor\/","title":{"rendered":"(Turkish) UNDP ve Marmara Belediyeler Birli\u011fi Ya\u015fam Kalitesini ve Do\u011fay\u0131 Koruyor"},"content":{"rendered":"<p class=\"qtranxs-available-languages-message qtranxs-available-languages-message-en\">Sorry, this entry is only available in <a href=\"https:\/\/www.enerjigazetesi.ist\/tr\/wp-json\/wp\/v2\/posts\/150680\" class=\"qtranxs-available-language-link qtranxs-available-language-link-tr\" title=\"Turkish\">Turkish<\/a>. For the sake of viewer convenience, the content is shown below in the alternative language. You may click the link to switch the active language.<\/p><p><\/p>\n<h2><strong>Kurulan ortakl\u0131kla, 25 milyon insan\u0131n ya\u015fad\u0131\u011f\u0131, T\u00fcrk sanayiinin merkezi Marmara B\u00f6lgesi\u2019ndeki kalk\u0131nma \u00e7abalar\u0131n\u0131 h\u0131zland\u0131rmas\u0131 ama\u00e7lan\u0131yor.<\/strong><\/h2>\n<p>Bug\u00fcn imzalanan anla\u015fma kapsam\u0131nda, <strong>Birle\u015fmi\u015f Milletler Kalk\u0131nma Program\u0131 (UNDP) ve <\/strong>Marmara Belediyeler Birli\u011fi<strong> (MBB),<\/strong> birli\u011fin <strong>192 \u00fcye belediyesinin<\/strong> S\u00fcrd\u00fcr\u00fclebilir Kalk\u0131nma<strong> Ama\u00e7lar\u0131\u2019na (SKA\u2019lar)<\/strong> ula\u015fma \u00e7abalar\u0131n\u0131 destekleyecek bir ortakl\u0131k kurdu. T\u00fcrkiye\u2019nin ilk kurulan ve <img loading=\"lazy\" class=\"alignright wp-image-150683\" src=\"https:\/\/www.enerjigazetesi.ist\/wp-content\/uploads\/2022\/02\/Louisa-Vinton-and-Tahir-Buyukakin.jpg\" alt=\"\" width=\"320\" height=\"214\" srcset=\"https:\/\/www.enerjigazetesi.ist\/wp-content\/uploads\/2022\/02\/Louisa-Vinton-and-Tahir-Buyukakin.jpg 550w, https:\/\/www.enerjigazetesi.ist\/wp-content\/uploads\/2022\/02\/Louisa-Vinton-and-Tahir-Buyukakin-300x200.jpg 300w, https:\/\/www.enerjigazetesi.ist\/wp-content\/uploads\/2022\/02\/Louisa-Vinton-and-Tahir-Buyukakin-500x334.jpg 500w, https:\/\/www.enerjigazetesi.ist\/wp-content\/uploads\/2022\/02\/Louisa-Vinton-and-Tahir-Buyukakin-75x50.jpg 75w, https:\/\/www.enerjigazetesi.ist\/wp-content\/uploads\/2022\/02\/Louisa-Vinton-and-Tahir-Buyukakin-450x300.jpg 450w\" sizes=\"(max-width: 320px) 100vw, 320px\" \/>en b\u00fcy\u00fck yerel y\u00f6netim birli\u011fi olan<strong> MBB\u2019nin<\/strong> \u00fcye belediyeleri GSYH\u2019nin <strong>y\u00fczde 45<\/strong>\u2019ini \u00fcretiyor ve<strong> 25 milyonu a\u015fk\u0131n<\/strong> n\u00fcfusu, di\u011fer bir deyi\u015fle \u00fclke n\u00fcfusunun<strong> y\u00fczde 30\u2019unu<\/strong> bar\u0131nd\u0131r\u0131yor.<\/p>\n<p>\u0130lk ad\u0131mda<strong> UNDP, MBB<\/strong> ve \u00fcye belediyelerinin <strong>SKA\u2019lar\u0131 &#8220;<\/strong>yerelle\u015ftirmesi&#8221;ni destekleyecek. Bu s\u00fcre\u00e7, <strong>K\u00fcresel S\u00fcrd\u00fcr\u00fclebilir Kalk\u0131nma G\u00fcndemi<\/strong>\u2019ni yerel planlar, politikalar ve uygulamalara d\u00f6n\u00fc\u015ft\u00fcrecek. Bu \u00e7aba kapsam\u0131nda, \u00fclkelerin SKA\u2019lar konusunda kaydettikleri ilerlemeleri BM Genel Kurulu\u2019na bildirdikleri <strong>G\u00f6n\u00fcll\u00fc Ulusal G\u00f6zden Ge\u00e7irme raporlar\u0131<\/strong>n\u0131n yerel muadili olan G\u00f6n\u00fcll\u00fc Yerel G\u00f6zden Ge\u00e7irme raporlar\u0131n\u0131 haz\u0131rlamada belediyelere yard\u0131m da yer alacak. <em><strong>\u201cSKA\u2019lar\u0131<\/strong> ba\u015farmaktan sadece ulusal h\u00fck\u00fcmetlerin sorumlu oldu\u011fu s\u0131k s\u0131k dile getiriliyor\u201d<\/em> diyen <strong>UNDP<\/strong> T\u00fcrkiye Mukim Temsilcisi Louisa Vinton, s\u00f6zlerini \u015f\u00f6yle s\u00fcrd\u00fcrd\u00fc: <em>\u201cAncak yerel d\u00fczeyde <strong>enerji<\/strong> ve<strong> kat\u0131l\u0131m<\/strong> olmazsa <strong>K\u00fcresel Ama\u00e7lar\u0131<\/strong> ger\u00e7ekle\u015ftirme \u015fans\u0131m\u0131z hi\u00e7 yok. Bunun i\u00e7indir ki, T\u00fcrkiye\u2019de i\u015fletme ve sanayinin b\u00fcy\u00fck k\u0131sm\u0131na ev sahipli\u011fi yapan<strong> MBB<\/strong> ile ortak olmaktan k\u0131van\u00e7 duyuyoruz. Bu kapsamda ortaya koyaca\u011f\u0131m\u0131z \u00f6rneklerin,<strong> SKA\u2019lar<\/strong> i\u00e7in g\u00fc\u00e7l\u00fc bir <strong>yerel momentum<\/strong> yarataca\u011f\u0131na inan\u0131yoruz.\u201d<\/em><\/p>\n<p>\u201cSKA\u2019lar, insanlar\u0131n <strong>ya\u015fam kalitesini art\u0131rmak<\/strong> ve gelecek nesiller i\u00e7in<strong> gezegenimizi korumak<\/strong> a\u00e7\u0131s\u0131ndan iddial\u0131 bir \u00e7er\u00e7eve sunuyor\u201d diyen MBB Ba\u015fkan\u0131 ve Kocaeli B\u00fcy\u00fck\u015fehir Belediye Ba\u015fkan\u0131 Tahir B\u00fcy\u00fckak\u0131n, s\u00f6zlerine <span style=\"text-decoration: underline;\">\u015f\u00f6yle devam etti:<\/span> <em>\u201cMarmara b\u00f6lgesi genelinde \u00e7abalar\u0131m\u0131z\u0131 yayg\u0131nla\u015ft\u0131rd\u0131\u011f\u0131m\u0131z s\u00fcre\u00e7te<strong>, UNDP\u2019nin o<\/strong>rtak olarak yan\u0131m\u0131zda yer almas\u0131, <strong>\u00fcye belediyelerimizi<\/strong> daha da motive edecek, kentsel kalk\u0131nma zorluklar\u0131na y\u00f6nelik denenmi\u015f<strong> k\u00fcresel \u00e7\u00f6z\u00fcmlerin tespit<\/strong> edilmesini ve <strong>ba\u015far\u0131 \u00f6yk\u00fclerimizi<\/strong> payla\u015fmam\u0131z\u0131 kolayla\u015ft\u0131racak.\u201d<\/em><\/p>\n<p>Kararla\u015ft\u0131r\u0131lan di\u011fer i\u015f birli\u011fi alanlar\u0131, b\u00f6lgede <strong>Suriyelilere<\/strong> ev sahipli\u011fi yapan belediyelerin desteklenmesi, Marmara Denizi\u2019nde <strong>m\u00fcsilaj<\/strong> gibi <strong>\u00e7evre sorunlar\u0131na \u00e7\u00f6z\u00fcmler<\/strong> tasarlanmas\u0131, <strong>do\u011fal afetleri \u00f6nleme<\/strong> ve m\u00fcdahaleye haz\u0131r bulunu\u015flu\u011fu art\u0131rmay\u0131 i\u00e7eriyor.<\/p>\n<p>UNDP ayr\u0131ca, <strong>Marmara Urban Forum (MARUF &#8211; Marmara Uluslararas\u0131 Kent Forumu)<\/strong>, <strong>s\u00fcrd\u00fcr\u00fclebilir kent ya\u015fam\u0131<\/strong> i\u00e7in iyi belediyecilik uygulamalar\u0131na verilen<strong> Alt\u0131n Kar\u0131nca \u00d6d\u00fclleri<\/strong> gibi MBB giri\u015fimlerini de destekleyecek ve ortak ilgi alanlar\u0131nda ara\u015ft\u0131rma yapan \u00fcniversite \u00f6\u011frencilerine destek verecek.<\/p>\n<p><strong>UNDP T\u00fcrkiye<\/strong> ve<strong> MBB<\/strong> daha \u00f6nce, yenilik\u00e7i kat\u0131l\u0131mc\u0131 tasar\u0131m ve i\u015f birlik\u00e7i \u00f6\u011frenme s\u00fcreci yoluyla, G\u00f6k\u00e7eada\u2019da <strong>a\u00e7\u0131k toplum merkezi<\/strong> olu\u015fturma \u00e7al\u0131\u015fmas\u0131nda i\u015f birli\u011fi yapm\u0131\u015ft\u0131.<\/p>","protected":false},"excerpt":{"rendered":"<p>Sorry, this entry is only available in Turkish. For the sake of viewer convenience, the content is shown below in the alternative language. You may click the link to switch the active language. Kurulan ortakl\u0131kla, 25 milyon insan\u0131n ya\u015fad\u0131\u011f\u0131, T\u00fcrk sanayiinin merkezi Marmara B\u00f6lgesi\u2019ndeki kalk\u0131nma \u00e7abalar\u0131n\u0131 h\u0131zland\u0131rmas\u0131 ama\u00e7lan\u0131yor. Bug\u00fcn imzalanan anla\u015fma kapsam\u0131nda, Birle\u015fmi\u015f Milletler Kalk\u0131nma [&hellip;]<\/p>\n","protected":false},"author":19,"featured_media":150710,"comment_status":"open","ping_status":"open","sticky":false,"template":"","format":"standard","meta":[],"categories":[53],"tags":[55424,3812,100873,100872,4515,92755,100874,100853,2218],"views":96,"_links":{"self":[{"href":"https:\/\/www.enerjigazetesi.ist\/en\/wp-json\/wp\/v2\/posts\/150680"}],"collection":[{"href":"https:\/\/www.enerjigazetesi.ist\/en\/wp-json\/wp\/v2\/posts"}],"about":[{"href":"https:\/\/www.enerjigazetesi.ist\/en\/wp-json\/wp\/v2\/types\/post"}],"author":[{"embeddable":true,"href":"https:\/\/www.enerjigazetesi.ist\/en\/wp-json\/wp\/v2\/users\/19"}],"replies":[{"embeddable":true,"href":"https:\/\/www.enerjigazetesi.ist\/en\/wp-json\/wp\/v2\/comments?post=150680"}],"version-history":[{"count":0,"href":"https:\/\/www.enerjigazetesi.ist\/en\/wp-json\/wp\/v2\/posts\/150680\/revisions"}],"wp:featuredmedia":[{"embeddable":true,"href":"https:\/\/www.enerjigazetesi.ist\/en\/wp-json\/wp\/v2\/media\/150710"}],"wp:attachment":[{"href":"https:\/\/www.enerjigazetesi.ist\/en\/wp-json\/wp\/v2\/media?parent=150680"}],"wp:term":[{"taxonomy":"category","embeddable":true,"href":"https:\/\/www.enerjigazetesi.ist\/en\/wp-json\/wp\/v2\/categories?post=150680"},{"taxonomy":"post_tag","embeddable":true,"href":"https:\/\/www.enerjigazetesi.ist\/en\/wp-json\/wp\/v2\/tags?post=150680"}],"curies":[{"name":"wp","href":"https:\/\/api.w.org\/{rel}","templated":true}]}}