{"id":150625,"date":"2022-02-09T16:20:48","date_gmt":"2022-02-09T13:20:48","guid":{"rendered":"https:\/\/www.enerjigazetesi.ist\/?p=150625"},"modified":"2022-02-09T16:21:36","modified_gmt":"2022-02-09T13:21:36","slug":"sisecam-in-2021-yili-konsolide-net-satislari-32-milyar-tl-seviyesine-ulasti","status":"publish","type":"post","link":"https:\/\/www.enerjigazetesi.ist\/en\/sisecam-in-2021-yili-konsolide-net-satislari-32-milyar-tl-seviyesine-ulasti\/","title":{"rendered":"(Turkish) &#8217;\u015ei\u015fecam&#8217;\u0131n 2021 Y\u0131l\u0131 Konsolide Net Sat\u0131\u015flar\u0131 32 Milyar TL Seviyesine Ula\u015ft\u0131"},"content":{"rendered":"<p class=\"qtranxs-available-languages-message qtranxs-available-languages-message-en\">Sorry, this entry is only available in <a href=\"https:\/\/www.enerjigazetesi.ist\/tr\/wp-json\/wp\/v2\/posts\/150625\" class=\"qtranxs-available-language-link qtranxs-available-language-link-tr\" title=\"Turkish\">Turkish<\/a>. For the sake of viewer convenience, the content is shown below in the alternative language. You may click the link to switch the active language.<\/p><p><\/p>\n<h2>\u015ei\u015fecam\u2019\u0131n 2021 y\u0131l\u0131na ili\u015fkin konsolide net sat\u0131\u015flar\u0131 32 Milyar TL seviyesine ula\u015f\u0131rken, ilgili d\u00f6nemde yapm\u0131\u015f oldu\u011fu yat\u0131r\u0131mlar ise 2,6 Milyar TL olarak ger\u00e7ekle\u015fti. 2021 y\u0131l\u0131nda 5,6 Milyon ton cam \u00fcreten \u015ei\u015fecam, bu d\u00f6nemde 2,3 Milyon ton soda ve 4,5 Milyon ton end\u00fcstriyel hammadde \u00fcretimi ger\u00e7ekle\u015ftirdi.<\/h2>\n<h3><strong>K\u00fcresel belirsizlik ortam\u0131na ra\u011fmen s\u00fcrd\u00fcr\u00fclebilir de\u011fer yaratmaya devam ettik.<\/strong><\/h3>\n<p>\u015ei\u015fecam Y\u00f6netim Kurulu Ba\u015fkan\u0131 <strong>Prof. Dr. Ahmet K\u0131rman<\/strong>, 2021 y\u0131l\u0131 finansal sonu\u00e7lar\u0131na ili\u015fkin <span style=\"text-decoration: underline;\">yapt\u0131\u011f\u0131 a\u00e7\u0131klamada;<\/span> \u015ei\u015fecam\u2019\u0131n k\u00fcresel salg\u0131n etkisiyle s\u0131ra d\u0131\u015f\u0131 ko\u015fullar\u0131n hakimiyetini korudu\u011fu ve belirsizlik ortam\u0131n\u0131n s\u00fcrd\u00fc\u011f\u00fc 2021 y\u0131l\u0131nda t\u00fcm ekosistemi i\u00e7in s\u00fcrd\u00fcr\u00fclebilir de\u011fer yaratan hamlelerle <img loading=\"lazy\" class=\"alignright wp-image-150627\" src=\"https:\/\/www.enerjigazetesi.ist\/wp-content\/uploads\/2022\/02\/sisecam-in-2021-yili-konsolide-net-satislari-32-milyar-tl-seviyesine-ulasti-1.jpg\" alt=\"\" width=\"320\" height=\"270\" srcset=\"https:\/\/www.enerjigazetesi.ist\/wp-content\/uploads\/2022\/02\/sisecam-in-2021-yili-konsolide-net-satislari-32-milyar-tl-seviyesine-ulasti-1.jpg 550w, https:\/\/www.enerjigazetesi.ist\/wp-content\/uploads\/2022\/02\/sisecam-in-2021-yili-konsolide-net-satislari-32-milyar-tl-seviyesine-ulasti-1-300x253.jpg 300w, https:\/\/www.enerjigazetesi.ist\/wp-content\/uploads\/2022\/02\/sisecam-in-2021-yili-konsolide-net-satislari-32-milyar-tl-seviyesine-ulasti-1-474x400.jpg 474w, https:\/\/www.enerjigazetesi.ist\/wp-content\/uploads\/2022\/02\/sisecam-in-2021-yili-konsolide-net-satislari-32-milyar-tl-seviyesine-ulasti-1-59x50.jpg 59w, https:\/\/www.enerjigazetesi.ist\/wp-content\/uploads\/2022\/02\/sisecam-in-2021-yili-konsolide-net-satislari-32-milyar-tl-seviyesine-ulasti-1-500x422.jpg 500w\" sizes=\"(max-width: 320px) 100vw, 320px\" \/>oyun kurucu pozisyonunu g\u00fc\u00e7lendirdi\u011fini belirtti. <span style=\"text-decoration: underline;\">Prof. Dr. Ahmet K\u0131rman;<\/span> <em>\u201c2021 y\u0131l\u0131nda konsolide net sat\u0131\u015flar\u0131m\u0131z <strong>32 Milyar TL<\/strong> seviyesine ula\u015f\u0131rken, \u00fcr\u00fcnlerimiz, yat\u0131r\u0131mlar\u0131m\u0131z ve sa\u011flad\u0131\u011f\u0131m\u0131z istihdam ile gerek faaliyet g\u00f6sterdi\u011fimiz \u00fclkelerin ekonomilerine gerekse girdi verdi\u011fimiz lokomotif sekt\u00f6rlerin b\u00fcy\u00fcmelerine katk\u0131da bulunmaya devam ettik. K\u00fcresel belirsizliklerin h\u00e2kim oldu\u011fu bir ortamda olu\u015fan riskleri y\u00f6netmeye de <strong>yat\u0131r\u0131m f\u0131rsatlar\u0131n\u0131 de\u011ferlendirmeye de<\/strong> hep haz\u0131rd\u0131k. Kar\u015f\u0131m\u0131za \u00e7\u0131kan <strong>t\u00fcm stres testlerini ba\u015far\u0131yla<\/strong> ge\u00e7tik. <strong>K\u00fcresel salg\u0131n etkisinin<\/strong> hangi boyuta ula\u015faca\u011f\u0131n\u0131n belirsizli\u011fini korudu\u011fu \u00f6n\u00fcm\u00fczdeki d\u00f6nemde de faaliyetlerimizi g\u00fc\u00e7l\u00fc yetkinliklerimizi kullanarak y\u00f6netmeye, i\u015f s\u00fcre\u00e7lerimiz ve planlar\u0131m\u0131zda <strong>gerekli g\u00fcncellemeleri yaparak<\/strong> t\u00fcm payda\u015flar\u0131m\u0131z i\u00e7in de\u011fer yaratmaya devam edece\u011fiz\u201d<\/em> ifadelerini kulland\u0131.<\/p>\n<p><em>T\u00fcrk cam sanayinin kurucusu<\/em> <strong>\u015ei\u015fecam<\/strong>\u2019\u0131n t\u00fcm payda\u015flar\u0131 i\u00e7in de\u011fer yaratan ve girdi verdi\u011fi sekt\u00f6rlerin b\u00fcy\u00fcmesini destekleyen yat\u0131r\u0131mlar\u0131na da y\u0131l boyunca devam etti\u011fini dile getiren Prof. Dr. Ahmet K\u0131rman, a\u00e7\u0131klamas\u0131n\u0131 <span style=\"text-decoration: underline;\">\u015f\u00f6yle s\u00fcrd\u00fcrd\u00fc:<\/span><em> \u201cGe\u00e7ti\u011fimiz d\u00f6nemde k\u00fcresel salg\u0131n\u0131n yaratt\u0131\u011f\u0131 belirsizlik ortam\u0131na ve <strong>ola\u011fand\u0131\u015f\u0131 ko\u015fullara<\/strong> ra\u011fmen \u00fclkemizin cam talebini kar\u015f\u0131lama ve ekonomisi i\u00e7in de\u011fer yaratma \u00f6nceli\u011fimiz kapsam\u0131nda yat\u0131r\u0131mlar\u0131m\u0131z\u0131 ara vermeden s\u00fcrd\u00fcrd\u00fck. 2021 y\u0131l\u0131nda Net kar\u0131m\u0131z <strong>9.2 milyar TL<\/strong> oldu. Ayn\u0131 d\u00f6nemde <strong>2,6 Milyar TL<\/strong>\u2019ye ula\u015fan yat\u0131r\u0131m ger\u00e7ekle\u015ftirdik. \u00d6n\u00fcm\u00fczdeki d\u00f6nemde de do\u011fru alanlarda yapaca\u011f\u0131m\u0131z hamlelerle \u015firketimizin <strong>k\u00fcresel ayak izini geni\u015fletmeye<\/strong> devam edece\u011fiz. Her d\u00f6nem oldu\u011fu gibi <strong>i\u00e7 talebi \u00f6nceliklendirirken<\/strong>, \u00fclkemiz ekonomisine katk\u0131 sunan ihracat\u0131m\u0131z\u0131 da geli\u015ftirerek s\u00fcrd\u00fcrece\u011fiz. \u0130stihdama y\u00f6nelik katk\u0131lar\u0131m\u0131z da aral\u0131ks\u0131z devam edecek. Ge\u00e7ti\u011fimiz y\u0131l bu kapsamda T\u00fcrkiye&#8217;de h\u0131zla <strong>y\u00fckselen cam talebini<\/strong> kar\u015f\u0131lama ve t\u00fcm payda\u015flar\u0131m\u0131z i\u00e7in s\u00fcrd\u00fcr\u00fclebilir de\u011fer yaratma hedefimiz do\u011frultusunda; mimari camlar ve otomotiv cam ihtiya\u00e7lar\u0131na y\u00f6nelik<strong> 5,2 Milyar TL<\/strong>\u2019yi (344 Milyon Euro) a\u015fan iki yeni d\u00fczcam hatt\u0131 yat\u0131r\u0131m\u0131 a\u00e7\u0131klad\u0131k. Bu yat\u0131r\u0131mlar ile T\u00fcrkiye&#8217;deki y\u0131ll\u0131k d\u00fczcam \u00fcretim kapasitesinin <strong>%30<\/strong> art\u0131r\u0131larak <strong>2,6 Milyon tona<\/strong> y\u00fckseltilmesini hedefliyoruz. T\u00fcrkiye\u2019ye y\u00f6nelik bir di\u011fer yat\u0131r\u0131m karar\u0131m\u0131z\u0131 da cam ambalaj alan\u0131nda a\u00e7\u0131klad\u0131k. <strong>Eski\u015fehir<\/strong>\u2019de <strong>1.3 milyar TL<\/strong> (85 milyon Euro) yat\u0131r\u0131mla hayata ge\u00e7irece\u011fimiz <strong>155 Bin tonluk<\/strong> f\u0131r\u0131n yat\u0131r\u0131m\u0131 ile b\u00fcy\u00fcyen <strong>cam ambalaj talebine<\/strong> cevap vermeyi ve d\u00fcnyada artan hijyen ihtiyac\u0131na y\u00f6nelik \u00f6nemli bir \u00e7\u00f6z\u00fcm orta\u011f\u0131 olmay\u0131 hedefliyoruz.\u201d<\/em><\/p>\n<h3><strong>\u015ei\u015fecam do\u011fru yat\u0131r\u0131m f\u0131rsatlar\u0131n\u0131 de\u011ferlendirerek ve riskleri iyi y\u00f6neterek b\u00fcy\u00fcd\u00fc.<\/strong><\/h3>\n<p>Prof. Dr. Ahmet K\u0131rman \u015ei\u015fecam\u2019\u0131n 2021 y\u0131l\u0131 boyunca hayata ge\u00e7irdi\u011fi stratejik yat\u0131r\u0131m kararlar\u0131 hakk\u0131nda \u015funlar\u0131 s\u00f6yledi: <em>\u201c\u015ei\u015fecam y\u0131l boyunca mevcut faaliyet alanlar\u0131nda de\u011fer yaratan yat\u0131r\u0131mlar\u0131n\u0131 s\u00fcrd\u00fcr\u00fcrken, yeni i\u015f alanlar\u0131na da girerek yaratt\u0131\u011f\u0131 fayda alan\u0131n\u0131 geni\u015fletti. Ortak ak\u0131l ekseninde olu\u015fturulmu\u015f y\u00f6neti\u015fim kabiliyeti ile destekledi\u011fi <strong>s\u00fcrd\u00fcr\u00fclebilirlik<\/strong> ve<strong> devaml\u0131l\u0131k odakl\u0131<\/strong> stratejisi do\u011frultusunda bir\u00e7ok ba\u015far\u0131l\u0131 yat\u0131r\u0131ma ve projeye imza att\u0131. ABD\u2019de <strong>do\u011fal soda<\/strong> alan\u0131nda 2019 y\u0131l\u0131ndan bu yana e\u015fit ortak oldu\u011fumuz <strong>Ciner Grubu<\/strong> ile ortakl\u0131\u011f\u0131m\u0131z\u0131n yap\u0131s\u0131n\u0131 de\u011fi\u015ftiren stratejik bir yat\u0131r\u0131m karar\u0131 a\u00e7\u0131klad\u0131k. Bu plan kapsam\u0131nda \u015ei\u015fecam\u2019\u0131n<strong> Pacific Projesi<\/strong>\u2019ndeki pay\u0131 <strong>y\u00fczde 60<\/strong> seviyesine y\u00fckseldi. Ayr\u0131ca \u00a0Wyoming do\u011fal soda k\u00fcl\u00fc \u00fcretim tesisi ve Atlantic Projesi\u2019nde de <strong>y\u00fczde 60<\/strong> hisse sahibi olduk. Toplam kapasitesi <strong>5 Milyon ton<\/strong> olan <strong>Pacific<\/strong> ve <strong>Atlantic projeleri<\/strong>nin 2025 y\u0131l\u0131nda \u00fcretime ba\u015flamalar\u0131 ve 2027 y\u0131l\u0131nda tam kapasiteye ula\u015fmalar\u0131 bekleniyor. <strong>ABD do\u011fal soda yat\u0131r\u0131m\u0131<\/strong> kapanmadan \u00f6nce<strong> 2,5 Milyon ton<\/strong> olan \u015ei\u015fecam\u2019\u0131n y\u00f6netti\u011fi soda k\u00fcl\u00fc kapasitesi, <strong>Wyoming tesisi<\/strong> \u00fcretim kapasitesinin de eklenmesiyle bug\u00fcn <strong>5 Milyon tona<\/strong> ula\u015ft\u0131. Kapasitenin<strong> Atlantic<\/strong> ve <strong>Pacific projelerinin<\/strong> tamamlanmas\u0131yla birlikte 2027 y\u0131l\u0131nda <strong>10 Milyon tona<\/strong> ula\u015fmas\u0131 ve<strong> 2026<\/strong> y\u0131l\u0131nda <strong>\u015ei\u015fecam<\/strong>\u2019\u0131n <strong>soda k\u00fcl\u00fc<\/strong> alan\u0131nda bir d\u00fcnya lideri olmas\u0131 bekleniyor.\u201d<\/em><\/p>\n<p>\u015ei\u015fecam\u2019\u0131n 2021 y\u0131l\u0131nda ald\u0131\u011f\u0131 bir di\u011fer \u00f6nemli karar\u0131n da Avrupa\u2019da cam ambalaj alan\u0131ndaki ilk yat\u0131r\u0131m\u0131n\u0131 yapmak oldu\u011funu dile getiren Prof. Dr. Ahmet K\u0131rman;<em> \u201c\u015ei\u015fecam 2021 y\u0131l\u0131nda Avrupa\u2019daki ilk cam ambalaj yat\u0131r\u0131m\u0131n\u0131 <strong>Macaristan\u2019a<\/strong> yapma karar\u0131 ald\u0131. Y\u0131ll\u0131k<strong> 330 Bin tonluk<\/strong> \u00fcretim kapasitesine sahip olacak bu yat\u0131r\u0131m\u0131n 2023 y\u0131l\u0131nda devreye girmesini planl\u0131yoruz. Ayr\u0131ca, ge\u00e7ti\u011fimiz y\u0131l<strong> biyoteknoloji<\/strong> alan\u0131ndaki ilk yat\u0131r\u0131m\u0131m\u0131z\u0131 da <strong>ye\u015fil<\/strong> ve <strong>d\u00f6ng\u00fcsel Basalia Teknolojisi<\/strong>\u2019ne yapt\u0131k. \u00a0Her t\u00fcrl\u00fc at\u0131\u011f\u0131 zarars\u0131z maddelere d\u00f6n\u00fc\u015ft\u00fcrme hedefiyle geli\u015ftirilen bu teknolojiye y\u00f6nelik yat\u0131r\u0131m\u0131m\u0131z \u015ei\u015fecam\u2019\u0131n <strong>s\u00fcrd\u00fcr\u00fclebilirlik hedefleriyle<\/strong> birebir uyumlu. Pilot denemelerini tamamlad\u0131\u011f\u0131m\u0131z teknolojinin <strong>\u015ei\u015fecam tesisleri<\/strong> b\u00fcnyesinde b\u00fcy\u00fck \u00e7apl\u0131 denemelerini s\u00fcrd\u00fcr\u00fcyoruz. Ard\u0131ndan, teknolojinin sahibi<strong> 7CBasalia<\/strong> ile kurdu\u011fumuz global \u015firket vas\u0131tas\u0131yla t\u00fcm d\u00fcnyada uluslararas\u0131 platformlara yay\u0131l\u0131m\u0131na da katk\u0131 sa\u011flayaca\u011f\u0131z\u201d<\/em> \u015feklinde konu\u015ftu.<\/p>\n<h3><strong>Stratejik kararlar\u0131m\u0131z\u0131n ve\u00a0iyi uygulamalar\u0131m\u0131z\u0131n sonu\u00e7lar\u0131n\u0131 ba\u015far\u0131yla ald\u0131k.<\/strong><\/h3>\n<p>K\u00fcresel salg\u0131n etkisiyle<strong> i\u015f yap\u0131\u015f \u015fekillerinin<\/strong> b\u00fcy\u00fck \u00f6l\u00e7\u00fcde de\u011fi\u015fti\u011fi bir d\u00f6nemde <strong>\u015ei\u015fecam<\/strong>\u2019\u0131n hayata ge\u00e7irdi\u011fi <strong>d\u00f6n\u00fc\u015f\u00fcm projeleri, dijitalle\u015fme uygulamalar\u0131<\/strong> ve stratejik kararlar\u0131n\u0131n ba\u015far\u0131l\u0131 sonu\u00e7lar\u0131n\u0131 ald\u0131\u011f\u0131n\u0131 dile getiren <strong>Prof. Dr. Ahmet K\u0131rman<\/strong> \u015funlar\u0131 ifade etti: <em>\u201c<strong>K\u00fcresel salg\u0131n<\/strong> ve beraberinde getirdi\u011fi zorluklar t\u00fcm kurumlar i\u00e7in <strong>karar<\/strong> ve<strong> uygulamalar\u0131n\u0131<\/strong> test edebilecekleri, kendilerini yeni ko\u015fullara g\u00f6re g\u00fcncellemelerini gerektiren bir k\u00fcresel ortam olu\u015fturdu. <strong>Dijitalle\u015fme<\/strong> yolculu\u011fumuzda ortaya koydu\u011fumuz ba\u015far\u0131l\u0131 projeler ve geli\u015ftirdi\u011fimiz yetkinlikler bizim bu s\u00fcreci y\u00f6netmemizde kritik rol oynad\u0131. Ayr\u0131ca <strong>4<\/strong> k\u0131tada, <strong>14<\/strong> \u00fclkeye yay\u0131lan \u00fcretim faaliyetlerimizdeki konumland\u0131rmam\u0131z, bozulan tedarik zincirinin olumsuz etkilerini <strong>bertaraf etmemize<\/strong> imk\u00e2n sa\u011flad\u0131. \u00d6n\u00fcm\u00fczdeki d\u00f6nemde de \u015ei\u015fecam\u2019\u0131 gelece\u011fe haz\u0131rlayacak yat\u0131r\u0131m ve projeler ile yaratt\u0131\u011f\u0131m\u0131z<strong> ekonomik de\u011feri<\/strong> ve <strong>k\u00fcresel rekabet g\u00fcc\u00fcm\u00fcz\u00fc<\/strong> art\u0131rmaya kararl\u0131l\u0131kla devam edece\u011fiz.\u201d<\/em><\/p>","protected":false},"excerpt":{"rendered":"<p>Sorry, this entry is only available in Turkish. For the sake of viewer convenience, the content is shown below in the alternative language. You may click the link to switch the active language. \u015ei\u015fecam\u2019\u0131n 2021 y\u0131l\u0131na ili\u015fkin konsolide net sat\u0131\u015flar\u0131 32 Milyar TL seviyesine ula\u015f\u0131rken, ilgili d\u00f6nemde yapm\u0131\u015f oldu\u011fu yat\u0131r\u0131mlar ise 2,6 Milyar TL olarak [&hellip;]<\/p>\n","protected":false},"author":1,"featured_media":150628,"comment_status":"open","ping_status":"open","sticky":false,"template":"","format":"standard","meta":[],"categories":[53],"tags":[100835,34504,31437,100837,32733,100836,100834],"views":88,"_links":{"self":[{"href":"https:\/\/www.enerjigazetesi.ist\/en\/wp-json\/wp\/v2\/posts\/150625"}],"collection":[{"href":"https:\/\/www.enerjigazetesi.ist\/en\/wp-json\/wp\/v2\/posts"}],"about":[{"href":"https:\/\/www.enerjigazetesi.ist\/en\/wp-json\/wp\/v2\/types\/post"}],"author":[{"embeddable":true,"href":"https:\/\/www.enerjigazetesi.ist\/en\/wp-json\/wp\/v2\/users\/1"}],"replies":[{"embeddable":true,"href":"https:\/\/www.enerjigazetesi.ist\/en\/wp-json\/wp\/v2\/comments?post=150625"}],"version-history":[{"count":0,"href":"https:\/\/www.enerjigazetesi.ist\/en\/wp-json\/wp\/v2\/posts\/150625\/revisions"}],"wp:featuredmedia":[{"embeddable":true,"href":"https:\/\/www.enerjigazetesi.ist\/en\/wp-json\/wp\/v2\/media\/150628"}],"wp:attachment":[{"href":"https:\/\/www.enerjigazetesi.ist\/en\/wp-json\/wp\/v2\/media?parent=150625"}],"wp:term":[{"taxonomy":"category","embeddable":true,"href":"https:\/\/www.enerjigazetesi.ist\/en\/wp-json\/wp\/v2\/categories?post=150625"},{"taxonomy":"post_tag","embeddable":true,"href":"https:\/\/www.enerjigazetesi.ist\/en\/wp-json\/wp\/v2\/tags?post=150625"}],"curies":[{"name":"wp","href":"https:\/\/api.w.org\/{rel}","templated":true}]}}