{"id":150520,"date":"2022-02-07T15:15:46","date_gmt":"2022-02-07T12:15:46","guid":{"rendered":"https:\/\/www.enerjigazetesi.ist\/?p=150520"},"modified":"2022-02-07T15:24:48","modified_gmt":"2022-02-07T12:24:48","slug":"net-sifir-emisyon-hedefi-dogrultusunda-yol-haritasi-istanbulda-cizilecek","status":"publish","type":"post","link":"https:\/\/www.enerjigazetesi.ist\/en\/net-sifir-emisyon-hedefi-dogrultusunda-yol-haritasi-istanbulda-cizilecek\/","title":{"rendered":"(Turkish) Net S\u0131f\u0131r Emisyon Hedefi Do\u011frultusunda Yol Haritas\u0131 \u0130stanbul&#8217;da \u00c7izilecek"},"content":{"rendered":"<p class=\"qtranxs-available-languages-message qtranxs-available-languages-message-en\">Sorry, this entry is only available in <a href=\"https:\/\/www.enerjigazetesi.ist\/tr\/wp-json\/wp\/v2\/posts\/150520\" class=\"qtranxs-available-language-link qtranxs-available-language-link-tr\" title=\"Turkish\">Turkish<\/a>. For the sake of viewer convenience, the content is shown below in the alternative language. You may click the link to switch the active language.<\/p><p><\/p>\n<h2><strong>&#8216;De\u011fi\u015fim Burada Ba\u015fl\u0131yor!&#8217; slogan\u0131 ile 23-26 Mart 2022 tarihleri aras\u0131nda ger\u00e7ekle\u015ftirilecek olan Uluslararas\u0131 S\u0131f\u0131r Enerji Binalar Zirvesi &#8211; ZeroBuild Summit&#8217;22, 4 g\u00fcn boyunca 16 oturumda 100&#8217;e yak\u0131n yerli ve yabanc\u0131 konu\u015fmac\u0131y\u0131 a\u011f\u0131rlayacak.<\/strong><\/h2>\n<h3><strong>Zirve t\u00fcm payda\u015flara bir yol haritas\u0131 sunmay\u0131 hedefliyor<\/strong><\/h3>\n<p>G\u00fcn\u00fcm\u00fczde<strong> k\u00fcresel iklim krizi \u015fartlar\u0131&#8217;<\/strong>n\u0131n<strong> &#8216;d\u00f6n\u00fc\u015f\u00fcm\u00fc&#8217; h\u0131zla ger\u00e7ekle\u015ftirmeyi<\/strong> zorunlu <img loading=\"lazy\" class=\"alignright wp-image-150546\" src=\"https:\/\/www.enerjigazetesi.ist\/wp-content\/uploads\/2022\/02\/net-sifir-emisyon-hedefi-dogrultusunda-yol-haritasi-istanbulda-cizilecek.jpg\" alt=\"\" width=\"270\" height=\"287\" srcset=\"https:\/\/www.enerjigazetesi.ist\/wp-content\/uploads\/2022\/02\/net-sifir-emisyon-hedefi-dogrultusunda-yol-haritasi-istanbulda-cizilecek.jpg 550w, https:\/\/www.enerjigazetesi.ist\/wp-content\/uploads\/2022\/02\/net-sifir-emisyon-hedefi-dogrultusunda-yol-haritasi-istanbulda-cizilecek-282x300.jpg 282w, https:\/\/www.enerjigazetesi.ist\/wp-content\/uploads\/2022\/02\/net-sifir-emisyon-hedefi-dogrultusunda-yol-haritasi-istanbulda-cizilecek-376x400.jpg 376w, https:\/\/www.enerjigazetesi.ist\/wp-content\/uploads\/2022\/02\/net-sifir-emisyon-hedefi-dogrultusunda-yol-haritasi-istanbulda-cizilecek-47x50.jpg 47w, https:\/\/www.enerjigazetesi.ist\/wp-content\/uploads\/2022\/02\/net-sifir-emisyon-hedefi-dogrultusunda-yol-haritasi-istanbulda-cizilecek-500x532.jpg 500w\" sizes=\"(max-width: 270px) 100vw, 270px\" \/>k\u0131ld\u0131\u011f\u0131na dikkat \u00e7eken\u00a0<strong>ZeroBuild Summit&#8217;22<\/strong>\u00a0<strong>Direkt\u00f6r\u00fc Dr. Gamze Karanfil, s\u00fcrd\u00fcr\u00fclebilir yap\u0131lar<\/strong> ile bu d\u00f6n\u00fc\u015f\u00fcm\u00fcn g\u00fcc\u00fcn\u00fc yakalaman\u0131n m\u00fcmk\u00fcn oldu\u011funu vurgulad\u0131. Karanfil, <em>&#8220;<strong>Zirvede, yerli-yabanc\u0131 uzman konu\u015fmac\u0131lar\u0131n kat\u0131l\u0131m\u0131yla<\/strong> t\u00fcm payda\u015flara bir yol haritas\u0131 sunmay\u0131 ve <strong>S\u0131f\u0131r Enerji Binalar<\/strong>&#8216;a ula\u015fman\u0131n asl\u0131nda hi\u00e7 de zor olmad\u0131\u011f\u0131n\u0131 t\u00fcm kamuoyuna g\u00f6stermeyi ama\u00e7l\u0131yoruz. Bu y\u0131l \u00f6ncelikli hedefimiz, \u00fclkemizin<strong> 2053 Net<\/strong> <strong>S\u0131f\u0131r Emisyon hedefi<\/strong> do\u011frultusunda \u00e7izilecek yeni yol haritas\u0131n\u0131n ve yap\u0131 sekt\u00f6r\u00fcndeki de\u011fi\u015fim stratejilerinin belirlenmesine \u00f6nc\u00fcl\u00fck etmek.<strong> Bu do\u011frultuda kamu<\/strong>, \u00f6zel sekt\u00f6r ve akademi aras\u0131nda etkile\u015fimi sa\u011flayarak bilgi al\u0131\u015fveri\u015fini artt\u0131rmay\u0131 ve <strong>&#8216;S\u0131f\u0131r Enerji Binalar&#8217;<\/strong> kavram\u0131n\u0131 sahiplenme mant\u0131\u011f\u0131ndan \u00e7\u0131k\u0131p herkesin bu sorumlulu\u011fu payla\u015faca\u011f\u0131 bir platform sa\u011flamay\u0131 hedefliyoruz&#8221;<\/em> ifadelerini kulland\u0131.<\/p>\n<h3><strong>16 oturumda 100&#8217;e yak\u0131n konu\u015fmac\u0131 &#8216;S\u0131f\u0131r&#8217;a ula\u015fmay\u0131 konu\u015facak<\/strong><\/h3>\n<p>4 g\u00fcn boyunca <strong>16<\/strong> oturumda <strong>100&#8217;e<\/strong> yak\u0131n yerli ve yabanc\u0131 konu\u015fmac\u0131y\u0131 bir araya getirecek olan <strong>ZeroBuild Summit&#8217;22<\/strong>&#8216;nin program\u0131 hakk\u0131nda bilgi veren<strong> Karanfil;\u00a0Paris Anla\u015fmas\u0131&#8217;ndan Ye\u015fil Mutabakat&#8217;\u0131n yap\u0131 sekt\u00f6r\u00fcne etkilerine<\/strong>, <strong>S\u0131f\u0131r Karbon Binalar<\/strong> projesinden <em>Net S\u0131f\u0131r Karbon Binalar taahh\u00fcd\u00fcne, yenilenebilir enerji teknolojilerinden dijitalle\u015fmeye, finansmandan Ye\u015fil Bina sertifikasyon sistemlerine, <strong>enerji etkin tasar\u0131m<\/strong><\/em> ve <em><strong>s\u00fcrd\u00fcr\u00fclebilir mimariden<\/strong> yap\u0131larda<strong> karbon emisyonlar\u0131n\u0131n azalt\u0131m\u0131nda<\/strong> malzeme y\u00f6netimine<\/em> uzanan, bu alanlardaki \u00f6rnek \u00e7al\u0131\u015fmalara dayanan son derece zengin bir program haz\u0131rlad\u0131klar\u0131n\u0131 ifade etti.<\/p>\n<h3><strong>Yeni \u00fcr\u00fcn ve teknolojiler ziyaret\u00e7ilerle bulu\u015fuyor<\/strong><\/h3>\n<p><strong>Karanfil<\/strong> ayr\u0131ca, Zirve ile e\u015f zamanl\u0131 olarak d\u00fczenlenecek<strong> ZeroBuild Summit&#8217;22<\/strong> Uluslararas\u0131 Sergi Alan\u0131&#8217;nda <strong>s\u0131f\u0131r enerji binalara<\/strong> ait <strong>yeni \u00fcr\u00fcn<\/strong> ve <strong>teknolojileri<\/strong> ile pek \u00e7ok sekt\u00f6r lideri markan\u0131n bulu\u015faca\u011f\u0131n\u0131 hat\u0131rlatarak, <span style=\"text-decoration: underline;\">\u015funlar\u0131 s\u00f6yledi:<\/span> <strong>&#8220;ZeroBuild Network Zone<\/strong> i\u00e7in ayr\u0131lan \u00f6zel alanda kurulacak stantlarda ziyaret\u00e7iler, yap\u0131lar\u0131n\u0131 daha <strong>verimli i\u015fletmek<\/strong> ve \u00e7evreye olan etkilerini <strong>minimuma indirebilmek<\/strong> i\u00e7in sunulan \u00e7\u00f6z\u00fcmleri inceleme f\u0131rsat\u0131 bulacaklar. Ayr\u0131ca,\u00a0proje pazar\u0131 niteli\u011finde haz\u0131rlanacak olan &#8216;<strong>ZeroBuild Summit-Uluslararas\u0131 Poster Alan\u0131&#8217;nda da<\/strong> projelerini payla\u015fmak isteyenler yerlerini alacak, fuar kat\u0131l\u0131mc\u0131lar\u0131na, ziyaret\u00e7ilere kendilerini tan\u0131tma f\u0131rsat\u0131 bulacaklar.&#8221;<\/p>","protected":false},"excerpt":{"rendered":"<p>Sorry, this entry is only available in Turkish. For the sake of viewer convenience, the content is shown below in the alternative language. You may click the link to switch the active language. &#8216;De\u011fi\u015fim Burada Ba\u015fl\u0131yor!&#8217; slogan\u0131 ile 23-26 Mart 2022 tarihleri aras\u0131nda ger\u00e7ekle\u015ftirilecek olan Uluslararas\u0131 S\u0131f\u0131r Enerji Binalar Zirvesi &#8211; ZeroBuild Summit&#8217;22, 4 g\u00fcn [&hellip;]<\/p>\n","protected":false},"author":19,"featured_media":150547,"comment_status":"open","ping_status":"open","sticky":false,"template":"","format":"standard","meta":[],"categories":[53,52,157],"tags":[66257,100630,77462,92234,18088,97008,85540,99207],"views":131,"_links":{"self":[{"href":"https:\/\/www.enerjigazetesi.ist\/en\/wp-json\/wp\/v2\/posts\/150520"}],"collection":[{"href":"https:\/\/www.enerjigazetesi.ist\/en\/wp-json\/wp\/v2\/posts"}],"about":[{"href":"https:\/\/www.enerjigazetesi.ist\/en\/wp-json\/wp\/v2\/types\/post"}],"author":[{"embeddable":true,"href":"https:\/\/www.enerjigazetesi.ist\/en\/wp-json\/wp\/v2\/users\/19"}],"replies":[{"embeddable":true,"href":"https:\/\/www.enerjigazetesi.ist\/en\/wp-json\/wp\/v2\/comments?post=150520"}],"version-history":[{"count":0,"href":"https:\/\/www.enerjigazetesi.ist\/en\/wp-json\/wp\/v2\/posts\/150520\/revisions"}],"wp:featuredmedia":[{"embeddable":true,"href":"https:\/\/www.enerjigazetesi.ist\/en\/wp-json\/wp\/v2\/media\/150547"}],"wp:attachment":[{"href":"https:\/\/www.enerjigazetesi.ist\/en\/wp-json\/wp\/v2\/media?parent=150520"}],"wp:term":[{"taxonomy":"category","embeddable":true,"href":"https:\/\/www.enerjigazetesi.ist\/en\/wp-json\/wp\/v2\/categories?post=150520"},{"taxonomy":"post_tag","embeddable":true,"href":"https:\/\/www.enerjigazetesi.ist\/en\/wp-json\/wp\/v2\/tags?post=150520"}],"curies":[{"name":"wp","href":"https:\/\/api.w.org\/{rel}","templated":true}]}}