{"id":150412,"date":"2022-02-05T13:05:54","date_gmt":"2022-02-05T10:05:54","guid":{"rendered":"https:\/\/www.enerjigazetesi.ist\/?p=150412"},"modified":"2022-02-05T13:12:30","modified_gmt":"2022-02-05T10:12:30","slug":"z-kusagi-soruyor-komurden-cikis-ne-zaman","status":"publish","type":"post","link":"https:\/\/www.enerjigazetesi.ist\/en\/z-kusagi-soruyor-komurden-cikis-ne-zaman\/","title":{"rendered":"(Turkish) Z Ku\u015fa\u011f\u0131 Soruyor: K\u00f6m\u00fcrden \u00c7\u0131k\u0131\u015f Ne Zaman?"},"content":{"rendered":"<p class=\"qtranxs-available-languages-message qtranxs-available-languages-message-en\">Sorry, this entry is only available in <a href=\"https:\/\/www.enerjigazetesi.ist\/tr\/wp-json\/wp\/v2\/posts\/150412\" class=\"qtranxs-available-language-link qtranxs-available-language-link-tr\" title=\"Turkish\">Turkish<\/a>. For the sake of viewer convenience, the content is shown below in the alternative language. You may click the link to switch the active language.<\/p><p><\/p>\n<h2>Orman yang\u0131nlar\u0131, kurakl\u0131klar, \u00f6l\u00fcmc\u00fcl s\u0131cak dalgalar\u0131, seller, kas\u0131rgalar, biyolojik \u00e7e\u015fitlilik kayb\u0131\u2026 T\u00fcm bunlar, iklim krizinin birer sonucudur. E\u011fer bu krize neden olan emisyonlar azalt\u0131lmazsa ve karbonsuz bir ekonomiye ula\u015fmak i\u00e7in gerekli ad\u0131mlar at\u0131lmazsa, bu a\u015f\u0131r\u0131 iklim olaylar\u0131 ile her ge\u00e7en g\u00fcn daha fazla ve \u015fiddetli y\u00fczle\u015fmeye devam edece\u011fiz.<\/h2>\n<p><strong>Z ku\u015fa\u011f\u0131, T\u00fcrkiye\u2019nin a\u00e7\u0131klad\u0131\u011f\u0131 2053 karbonsuzla\u015fma hedefine ula\u015fmak i\u00e7in acilen ger\u00e7ek\u00e7i ve samimi ad\u0131mlar atmas\u0131n\u0131 talep ediyor.<\/strong> Bunun i\u00e7in \u00f6ncelikle, <strong>2030 y\u0131l\u0131na kadar ger\u00e7ekle\u015fecek elektrik \u00fcretiminde iklim krizinin en b\u00fcy\u00fck sebeplerinden birisi olan k\u00f6m\u00fcrden \u00e7\u0131k\u0131laca\u011f\u0131n\u0131n a\u00e7\u0131klanmas\u0131 gerekmektedir. <\/strong>Yap\u0131lan modelleme \u00e7al\u0131\u015fmalar\u0131 k\u00f6m\u00fcrl\u00fc termik santrallere kamu kaynaklar\u0131yla sa\u011flanan devlet te\u015fvikleri sonland\u0131r\u0131l\u0131r ve bu santrallere kirletmelerinin bedeli \u00f6detilirse, bunun\u00a0 m\u00fcmk\u00fcn oldu\u011funu g\u00f6steriyor.<\/p>\n<p style=\"text-align: center;\"><img loading=\"lazy\" class=\"aligncenter wp-image-150419\" src=\"https:\/\/www.enerjigazetesi.ist\/wp-content\/uploads\/2022\/02\/z-kusagi-soruyor-komurden-cikis-ne-zaman.jpg\" alt=\"\" width=\"500\" height=\"352\" srcset=\"https:\/\/www.enerjigazetesi.ist\/wp-content\/uploads\/2022\/02\/z-kusagi-soruyor-komurden-cikis-ne-zaman.jpg 578w, https:\/\/www.enerjigazetesi.ist\/wp-content\/uploads\/2022\/02\/z-kusagi-soruyor-komurden-cikis-ne-zaman-300x211.jpg 300w, https:\/\/www.enerjigazetesi.ist\/wp-content\/uploads\/2022\/02\/z-kusagi-soruyor-komurden-cikis-ne-zaman-500x352.jpg 500w, https:\/\/www.enerjigazetesi.ist\/wp-content\/uploads\/2022\/02\/z-kusagi-soruyor-komurden-cikis-ne-zaman-71x50.jpg 71w\" sizes=\"(max-width: 500px) 100vw, 500px\" \/><\/p>\n<p><strong>T\u00fcrkiye\u2019nin 2020\u2019de s\u0131cakl\u0131k ortalamas\u0131 1981-2010 normalinin 1.4 Santigrat derece \u00fcst\u00fcndeydi.<\/strong> Ayn\u0131 y\u0131lda <strong>984 a\u015f\u0131r\u0131 hava olay\u0131<\/strong> ger\u00e7ekle\u015fti. E\u011fer ayn\u0131 \u015fekilde devam edersek bu ekstrem durumlar art\u0131\u015f g\u00f6sterecektir. \u015eu anki nesiller i\u00e7in <strong>adil bir gelecek sa\u011flamak<\/strong> ve bir sonraki nesillere ya\u015fanabilir bir gezegen b\u0131rakmak i\u00e7in \u00fclkemizin <strong>acil eylem politikalar\u0131 geli\u015ftirmesi<\/strong> gereklidir.<\/p>\n<p>\u00dclkemizin<strong> Aral\u0131k 2021<\/strong> itibariyle vaat etti\u011fi <strong>emisyon azalt\u0131m\u0131 hedefi<\/strong> yeterli de\u011fildir. <strong>2030\u2019a kadar<\/strong> mevcut durumun devam\u0131ndan en fazla<strong> %21<\/strong> daha az <strong>emisyon sal\u0131m\u0131<\/strong> (asl\u0131nda art\u0131\u015ftan azalt\u0131m) ger\u00e7ekle\u015fece\u011fi belirtilmi\u015ftir. Ayn\u0131 zamanda, <strong>T\u00fcrkiye net s\u0131f\u0131r azalt\u0131m hedefini 2053 senesi olarak belirlemi\u015ftir.<\/strong> Fakat <strong>Climate Action Tracker<\/strong> sitesinin mevcut verilerine g\u00f6re; her \u00fclke T\u00fcrkiye gibi devam ederse, k\u00fcresel \u0131s\u0131nma y\u00fczy\u0131l\u0131n sonuna kadar <strong>4 Santigrat dereceden fazla<\/strong> olacakt\u0131r.<\/p>\n<h3><strong>\u0130klim \u0130\u00e7in Gen\u00e7lik T\u00fcrkiye<\/strong> hareketi olarak <strong>Karbonsuz bir Gelecek<\/strong> <span style=\"text-decoration: underline;\">i\u00e7in talepler:<\/span><\/h3>\n<p>1- <strong>T\u00fcrkiye\u2019nin<\/strong> en ge\u00e7 2030 i\u00e7in <strong>K\u00f6m\u00fcrden \u00c7\u0131k\u0131\u015f Eylem Plan\u0131<\/strong> haz\u0131rlanmas\u0131<br \/>\n2- <strong>Yeni k\u00f6m\u00fcrl\u00fc termik santrali yap\u0131lmayaca\u011f\u0131n\u0131n<\/strong> a\u00e7\u0131klanmas\u0131 ve planlar\u0131n iptal edilmesi<br \/>\n3- Mevcut k\u00f6m\u00fcrl\u00fc termik santrallerin (ge\u00e7imini santral ve ilgili sekt\u00f6rlerden sa\u011flayan ki\u015filerin zarar g\u00f6rmeyece\u011fi \u015fekilde) <strong>adil ge\u00e7i\u015f plan\u0131 a\u00e7\u0131klayarak kapat\u0131lmas\u0131<\/strong><br \/>\n4- K\u00f6m\u00fcr ba\u015fta olmak \u00fczere <strong>fosil yak\u0131tlara<\/strong> sa\u011flanan <strong>kamu te\u015fviklerinin sonland\u0131r\u0131lmas\u0131<\/strong> (bu kaynaklar\u0131n <strong>adil ge\u00e7i\u015f<\/strong> ve <strong>enerji d\u00f6n\u00fc\u015f\u00fcm\u00fc<\/strong> altyap\u0131s\u0131 i\u00e7in ayr\u0131lmas\u0131)<\/p>\n<p><strong>T\u00fcm fosil yak\u0131tlar\u0131<\/strong> ilgilendiren a\u015fa\u011f\u0131daki taleplerimizi de <span style=\"text-decoration: underline;\">tekrardan hat\u0131rlatmak isteriz:<\/span><\/p>\n<p><strong>Emisyonlar\u0131 azaltmak<\/strong> i\u00e7in \u00e7al\u0131\u015fmak \u00fczere <strong>kamu<\/strong> ve<strong> \u00f6zel sekt\u00f6rlerden<\/strong> kurulu\u015flar\u0131 bir araya getiren yerel bir <strong>iklim de\u011fi\u015fikli\u011fi ortakl\u0131\u011f\u0131<\/strong> d\u00fczenlenmesi, ta\u015f\u0131ma ihtiyac\u0131n\u0131 en aza indirmek ve <strong>ye\u015fil enerji<\/strong> ile \u00e7al\u0131\u015fan <strong>ta\u015f\u0131ma y\u00f6ntemlerinin te\u015fvik edilmesi<\/strong> ve etkinle\u015ftirilmesinin sa\u011flanmas\u0131, <strong>ormans\u0131zla\u015fman\u0131n durdurulmas\u0131.<\/strong><\/p>\n<p style=\"text-align: left;\"><strong>Kampanya&#8217;n\u0131n Sayfas\u0131n\u0131 <a href=\"https:\/\/www.change.org\/p\/%C3%A7evre-%C5%9Fehircilik-ve-iklim-de%C4%9Fi%C5%9Fikli%C4%9Fi-bakanl%C4%B1%C4%9F%C4%B1-t%C3%BCrkiye-karbonsuz-bir-gelecek-i%C3%A7in-2030-a-kadar-k%C3%B6m%C3%BCrden-%C3%A7%C4%B1ks%C4%B1n\/psf\/share?cs_tk=Arl8BfWY3MnMPAW2BGIAAXicyyvNyQEABF8BvKO2xOQ7zTWr9Pimv83E6Uk%3D&amp;utm_campaign=8f7320d79333462abaf00716899cc6a0&amp;utm_content=initial_v0_4_0&amp;utm_medium=email&amp;utm_source=aa_sign_ask&amp;utm_term=cs\" target=\"_blank\" rel=\"nofollow noopener\">Ziyaret Etmek ve \u0130mza Vermek \u0130\u00e7in TIKLAYIN&gt;&gt;&gt;<\/a><\/strong><\/p>\n<p><\/p>","protected":false},"excerpt":{"rendered":"<p>Sorry, this entry is only available in Turkish. For the sake of viewer convenience, the content is shown below in the alternative language. You may click the link to switch the active language. Orman yang\u0131nlar\u0131, kurakl\u0131klar, \u00f6l\u00fcmc\u00fcl s\u0131cak dalgalar\u0131, seller, kas\u0131rgalar, biyolojik \u00e7e\u015fitlilik kayb\u0131\u2026 T\u00fcm bunlar, iklim krizinin birer sonucudur. E\u011fer bu krize neden olan [&hellip;]<\/p>\n","protected":false},"author":1,"featured_media":150419,"comment_status":"open","ping_status":"open","sticky":false,"template":"","format":"standard","meta":[],"categories":[51,53,24649],"tags":[100717,43515,12502,1564,100716,53412,98537,18009,1471,100715,58323,438,218],"views":137,"_links":{"self":[{"href":"https:\/\/www.enerjigazetesi.ist\/en\/wp-json\/wp\/v2\/posts\/150412"}],"collection":[{"href":"https:\/\/www.enerjigazetesi.ist\/en\/wp-json\/wp\/v2\/posts"}],"about":[{"href":"https:\/\/www.enerjigazetesi.ist\/en\/wp-json\/wp\/v2\/types\/post"}],"author":[{"embeddable":true,"href":"https:\/\/www.enerjigazetesi.ist\/en\/wp-json\/wp\/v2\/users\/1"}],"replies":[{"embeddable":true,"href":"https:\/\/www.enerjigazetesi.ist\/en\/wp-json\/wp\/v2\/comments?post=150412"}],"version-history":[{"count":0,"href":"https:\/\/www.enerjigazetesi.ist\/en\/wp-json\/wp\/v2\/posts\/150412\/revisions"}],"wp:featuredmedia":[{"embeddable":true,"href":"https:\/\/www.enerjigazetesi.ist\/en\/wp-json\/wp\/v2\/media\/150419"}],"wp:attachment":[{"href":"https:\/\/www.enerjigazetesi.ist\/en\/wp-json\/wp\/v2\/media?parent=150412"}],"wp:term":[{"taxonomy":"category","embeddable":true,"href":"https:\/\/www.enerjigazetesi.ist\/en\/wp-json\/wp\/v2\/categories?post=150412"},{"taxonomy":"post_tag","embeddable":true,"href":"https:\/\/www.enerjigazetesi.ist\/en\/wp-json\/wp\/v2\/tags?post=150412"}],"curies":[{"name":"wp","href":"https:\/\/api.w.org\/{rel}","templated":true}]}}