{"id":15039,"date":"2013-09-06T16:41:59","date_gmt":"2013-09-06T13:41:59","guid":{"rendered":"https:\/\/www.enerjigazetesi.ist\/?p=15039"},"modified":"2013-09-06T16:41:59","modified_gmt":"2013-09-06T13:41:59","slug":"solaris-ekibi-destek-bekliyor","status":"publish","type":"post","link":"https:\/\/www.enerjigazetesi.ist\/en\/solaris-ekibi-destek-bekliyor\/","title":{"rendered":"(Turkish) SOLAR\u0130S Ekibi Destek Bekliyor!"},"content":{"rendered":"<p class=\"qtranxs-available-languages-message qtranxs-available-languages-message-en\">Sorry, this entry is only available in <a href=\"https:\/\/www.enerjigazetesi.ist\/tr\/wp-json\/wp\/v2\/posts\/15039\" class=\"qtranxs-available-language-link qtranxs-available-language-link-tr\" title=\"Turkish\">Turkish<\/a>. For the sake of viewer convenience, the content is shown below in the alternative language. You may click the link to switch the active language.<\/p><p><strong>9 Eyl\u00fcl \u00dcniversitesi SOLAR\u0130S ekibi T\u00fcrkiye\u2019yi 2 farkl\u0131 k\u0131tada temsil etmeye haz\u0131rlan\u0131yor.<\/strong><\/p>\n<p>\u00dcrettikleri g\u00fcne\u015f ara\u00e7lar\u0131ndan biri ol<a href=\"https:\/\/www.enerjigazetesi.ist\/wp-content\/uploads\/2013\/09\/solaris-ekibi-destek-bekliyor.jpg\"><img loading=\"lazy\" class=\"alignleft size-medium wp-image-15040\" title=\"solaris-ekibi-destek-bekliyor\" src=\"https:\/\/www.enerjigazetesi.ist\/wp-content\/uploads\/2013\/09\/solaris-ekibi-destek-bekliyor-300x179.jpg\" alt=\"\" width=\"300\" height=\"179\" srcset=\"https:\/\/www.enerjigazetesi.ist\/wp-content\/uploads\/2013\/09\/solaris-ekibi-destek-bekliyor-300x179.jpg 300w, https:\/\/www.enerjigazetesi.ist\/wp-content\/uploads\/2013\/09\/solaris-ekibi-destek-bekliyor-80x47.jpg 80w, https:\/\/www.enerjigazetesi.ist\/wp-content\/uploads\/2013\/09\/solaris-ekibi-destek-bekliyor.jpg 402w\" sizes=\"(max-width: 300px) 100vw, 300px\" \/><\/a>an S7 arac\u0131yla 6-13 Ekim\u2019de Avustralya\u2019da d\u00fczenlenecek olan World Solar Challenge yar\u0131\u015fmas\u0131na, S2 arac\u0131yla da 13-14 Eyl\u00fcl\u2019de Fas\u2019ta d\u00fczenlenecek olan Moroccan Solar Race\u2019a kat\u0131lacak olan SOLAR\u0130S Ekibi destek bekliyor.<\/p>\n<p>Her 2 yar\u0131\u015fta da derece alacaklar\u0131ndan emin olan fakat \u00f6nlerindeki en ciddi engelin sponsor bulamay\u0131\u015flar\u0131 olduklar\u0131n\u0131 dile getiren ekip, \u00e7e\u015fitli masraflar\u0131n\u0131 kar\u015f\u0131layamamaktan endi\u015feli. \u015eu anda 20 bin TL a\u00e7\u0131klar\u0131 olan ve en k\u0131sa zamanda bu paray\u0131 temin etmeleri gereken SOLAR\u0130S Ekibi kendilerine gelecek deste\u011fi bekliyor.<\/p>\n<p>Kaynak: <a href=\"http:\/\/enerjigunlugu.net\/solaris-ekibi-destek-bekliyor_4820.html\" target=\"_blank\">Enerji G\u00fcnl\u00fc\u011f\u00fc<\/a><\/p>","protected":false},"excerpt":{"rendered":"<p>Sorry, this entry is only available in Turkish. For the sake of viewer convenience, the content is shown below in the alternative language. You may click the link to switch the active language.9 Eyl\u00fcl \u00dcniversitesi SOLAR\u0130S ekibi T\u00fcrkiye\u2019yi 2 farkl\u0131 k\u0131tada temsil etmeye haz\u0131rlan\u0131yor. \u00dcrettikleri g\u00fcne\u015f ara\u00e7lar\u0131ndan biri olan S7 arac\u0131yla 6-13 Ekim\u2019de Avustralya\u2019da d\u00fczenlenecek [&hellip;]<\/p>\n","protected":false},"author":1,"featured_media":15040,"comment_status":"open","ping_status":"open","sticky":false,"template":"","format":"standard","meta":[],"categories":[53,49],"tags":[8359,63,67,1009,165,227,4397,13,8361,8360,4399,4398,8362],"views":773,"_links":{"self":[{"href":"https:\/\/www.enerjigazetesi.ist\/en\/wp-json\/wp\/v2\/posts\/15039"}],"collection":[{"href":"https:\/\/www.enerjigazetesi.ist\/en\/wp-json\/wp\/v2\/posts"}],"about":[{"href":"https:\/\/www.enerjigazetesi.ist\/en\/wp-json\/wp\/v2\/types\/post"}],"author":[{"embeddable":true,"href":"https:\/\/www.enerjigazetesi.ist\/en\/wp-json\/wp\/v2\/users\/1"}],"replies":[{"embeddable":true,"href":"https:\/\/www.enerjigazetesi.ist\/en\/wp-json\/wp\/v2\/comments?post=15039"}],"version-history":[{"count":2,"href":"https:\/\/www.enerjigazetesi.ist\/en\/wp-json\/wp\/v2\/posts\/15039\/revisions"}],"predecessor-version":[{"id":15042,"href":"https:\/\/www.enerjigazetesi.ist\/en\/wp-json\/wp\/v2\/posts\/15039\/revisions\/15042"}],"wp:featuredmedia":[{"embeddable":true,"href":"https:\/\/www.enerjigazetesi.ist\/en\/wp-json\/wp\/v2\/media\/15040"}],"wp:attachment":[{"href":"https:\/\/www.enerjigazetesi.ist\/en\/wp-json\/wp\/v2\/media?parent=15039"}],"wp:term":[{"taxonomy":"category","embeddable":true,"href":"https:\/\/www.enerjigazetesi.ist\/en\/wp-json\/wp\/v2\/categories?post=15039"},{"taxonomy":"post_tag","embeddable":true,"href":"https:\/\/www.enerjigazetesi.ist\/en\/wp-json\/wp\/v2\/tags?post=15039"}],"curies":[{"name":"wp","href":"https:\/\/api.w.org\/{rel}","templated":true}]}}