{"id":150344,"date":"2022-02-03T16:21:35","date_gmt":"2022-02-03T13:21:35","guid":{"rendered":"https:\/\/www.enerjigazetesi.ist\/?p=150344"},"modified":"2022-02-03T16:21:35","modified_gmt":"2022-02-03T13:21:35","slug":"icci-2022-enerji-ve-cevre-fuari-16-18-mart-2022de-duzenleniyor","status":"publish","type":"post","link":"https:\/\/www.enerjigazetesi.ist\/en\/icci-2022-enerji-ve-cevre-fuari-16-18-mart-2022de-duzenleniyor\/","title":{"rendered":"(Turkish) &#8217;ICCI 2022&#8242; Enerji ve \u00c7evre Fuar\u0131 16-18 Mart 2022&#8217;de D\u00fczenleniyor"},"content":{"rendered":"<p class=\"qtranxs-available-languages-message qtranxs-available-languages-message-en\">Sorry, this entry is only available in <a href=\"https:\/\/www.enerjigazetesi.ist\/tr\/wp-json\/wp\/v2\/posts\/150344\" class=\"qtranxs-available-language-link qtranxs-available-language-link-tr\" title=\"Turkish\">Turkish<\/a>. For the sake of viewer convenience, the content is shown below in the alternative language. You may click the link to switch the active language.<\/p><p><\/p>\n<h2>T.C Enerji ve Tabii Kaynaklar Bakanl\u0131\u011f\u0131, T.C Ticaret Bakanl\u0131\u011f\u0131, EPDK ve KOSGEB destekleri ile d\u00fczenlenen ICCI fuar\u0131, enerji sekt\u00f6r\u00fcn\u00fcn en verimli, en sayg\u0131n fuar ve konferans\u0131 olan <strong>26&#8217;\u0131nc\u0131 ICCI Uluslararas\u0131 Enerji ve \u00c7evre Fuar\u0131<\/strong>, \u0130stanbul Fuar Merkezi&#8217;nde <strong>16-18 Mart 2022 <\/strong>tarihleri aras\u0131nda d\u00fczenleniyor.<\/h2>\n<p style=\"text-align: center;\"><img loading=\"lazy\" class=\"aligncenter size-full wp-image-150346\" src=\"https:\/\/www.enerjigazetesi.ist\/wp-content\/uploads\/2022\/02\/icci-2022-enerji-ve-cevre-fuari-16-18-mart-2022de-duzenleniyor-1.jpg\" alt=\"\" width=\"464\" height=\"254\" srcset=\"https:\/\/www.enerjigazetesi.ist\/wp-content\/uploads\/2022\/02\/icci-2022-enerji-ve-cevre-fuari-16-18-mart-2022de-duzenleniyor-1.jpg 464w, https:\/\/www.enerjigazetesi.ist\/wp-content\/uploads\/2022\/02\/icci-2022-enerji-ve-cevre-fuari-16-18-mart-2022de-duzenleniyor-1-300x164.jpg 300w, https:\/\/www.enerjigazetesi.ist\/wp-content\/uploads\/2022\/02\/icci-2022-enerji-ve-cevre-fuari-16-18-mart-2022de-duzenleniyor-1-80x44.jpg 80w\" sizes=\"(max-width: 464px) 100vw, 464px\" \/><\/p>\n<h3><strong>ICCI 2022 Sponsorlar\u0131;<\/strong><\/h3>\n<p><strong>\u0130\u015f Bankas\u0131<\/strong> &#8211; Finans Sponsoru<br \/>\n<strong>Exxon Mobil<\/strong> &#8211; Enerji Verimlili\u011fi Sponsoru<br \/>\n<strong>Kontek<\/strong> &#8211; Yaka Kart\u0131 Sponsoru<br \/>\n<strong>Limak <\/strong>&#8211; Yat\u0131r\u0131m Sponsor&#8217;udur.<\/p>\n<h3><strong>K\u00fcresel Enerji Politikalar\u0131n\u0131n Tart\u0131\u015f\u0131ld\u0131\u011f\u0131 Konferanslar<\/strong><\/h3>\n<p><strong>ICCI Konferans\u0131<\/strong> her y\u0131l fuara paralel olarak fuar alan\u0131n\u0131n i\u00e7inde yer alan <strong>konferans alan\u0131nda<\/strong> ger\u00e7ekle\u015ftirilecek olup kongrede <strong>siyaset, i\u015f d\u00fcnyas\u0131<\/strong> ve <strong>bilim alan\u0131ndan uzmanlar<\/strong> enerji sekt\u00f6r\u00fcn\u00fcn g\u00fcncel konular\u0131n\u0131 tart\u0131\u015facakt\u0131r.<\/p>\n<p><strong>ICCI 2022 Hakk\u0131nda Detayl\u0131 Bilgi \u0130\u00e7in: <\/strong><a href=\"http:\/\/icci.com.tr\/\" target=\"_blank\" rel=\"noopener\">http:\/\/icci.com.tr\/<\/a>\u00a0adresini ziyaret edebilirsiniz.<\/p>","protected":false},"excerpt":{"rendered":"<p>Sorry, this entry is only available in Turkish. For the sake of viewer convenience, the content is shown below in the alternative language. You may click the link to switch the active language. T.C Enerji ve Tabii Kaynaklar Bakanl\u0131\u011f\u0131, T.C Ticaret Bakanl\u0131\u011f\u0131, EPDK ve KOSGEB destekleri ile d\u00fczenlenen ICCI fuar\u0131, enerji sekt\u00f6r\u00fcn\u00fcn en verimli, en [&hellip;]<\/p>\n","protected":false},"author":1,"featured_media":150347,"comment_status":"open","ping_status":"open","sticky":false,"template":"","format":"standard","meta":[],"categories":[51,53,52],"tags":[744,4792,750,100678,4785,4739,14584,19565,48628],"views":267,"_links":{"self":[{"href":"https:\/\/www.enerjigazetesi.ist\/en\/wp-json\/wp\/v2\/posts\/150344"}],"collection":[{"href":"https:\/\/www.enerjigazetesi.ist\/en\/wp-json\/wp\/v2\/posts"}],"about":[{"href":"https:\/\/www.enerjigazetesi.ist\/en\/wp-json\/wp\/v2\/types\/post"}],"author":[{"embeddable":true,"href":"https:\/\/www.enerjigazetesi.ist\/en\/wp-json\/wp\/v2\/users\/1"}],"replies":[{"embeddable":true,"href":"https:\/\/www.enerjigazetesi.ist\/en\/wp-json\/wp\/v2\/comments?post=150344"}],"version-history":[{"count":0,"href":"https:\/\/www.enerjigazetesi.ist\/en\/wp-json\/wp\/v2\/posts\/150344\/revisions"}],"wp:featuredmedia":[{"embeddable":true,"href":"https:\/\/www.enerjigazetesi.ist\/en\/wp-json\/wp\/v2\/media\/150347"}],"wp:attachment":[{"href":"https:\/\/www.enerjigazetesi.ist\/en\/wp-json\/wp\/v2\/media?parent=150344"}],"wp:term":[{"taxonomy":"category","embeddable":true,"href":"https:\/\/www.enerjigazetesi.ist\/en\/wp-json\/wp\/v2\/categories?post=150344"},{"taxonomy":"post_tag","embeddable":true,"href":"https:\/\/www.enerjigazetesi.ist\/en\/wp-json\/wp\/v2\/tags?post=150344"}],"curies":[{"name":"wp","href":"https:\/\/api.w.org\/{rel}","templated":true}]}}