{"id":150308,"date":"2022-02-03T13:19:01","date_gmt":"2022-02-03T10:19:01","guid":{"rendered":"https:\/\/www.enerjigazetesi.ist\/?p=150308"},"modified":"2022-02-03T13:21:11","modified_gmt":"2022-02-03T10:21:11","slug":"uzmanlar-expo-2020de-halkin-nukleer-enerjiyi-kabulunu-tartisiyor","status":"publish","type":"post","link":"https:\/\/www.enerjigazetesi.ist\/en\/uzmanlar-expo-2020de-halkin-nukleer-enerjiyi-kabulunu-tartisiyor\/","title":{"rendered":"(Turkish) Uzmanlar &#8216;EXPO 2020\u2019de Halk\u0131n N\u00fckleer Enerjiyi Kabul\u00fcn\u00fc Tart\u0131\u015f\u0131yor"},"content":{"rendered":"<p class=\"qtranxs-available-languages-message qtranxs-available-languages-message-en\">Sorry, this entry is only available in <a href=\"https:\/\/www.enerjigazetesi.ist\/tr\/wp-json\/wp\/v2\/posts\/150308\" class=\"qtranxs-available-language-link qtranxs-available-language-link-tr\" title=\"Turkish\">Turkish<\/a>. For the sake of viewer convenience, the content is shown below in the alternative language. You may click the link to switch the active language.<\/p><p><\/p>\n<h2>Rusya Devlet Atom Enerjisi Kurumu Rosatom, Dubai\u2019de d\u00fczenlenen Expo 2020 Rosatom Haftas\u0131 kapsam\u0131nda 24 Ocak 2022\u2019de d\u00fczenlenen \u201cHalk\u0131n n\u00fckleer enerji talebi: N\u00fckleer teknolojiler hayatlar\u0131m\u0131z\u0131 nas\u0131l iyile\u015ftirir\u201d konulu stratejik \u00f6neme sahip oturuma ev sahipli\u011fi yapt\u0131.<\/h2>\n<p>Rusya Devlet Atom Enerjisi Kurumu Rosatom, Dubai\u2019de d\u00fczenlenen <strong>Expo 2020 Rosatom Haftas\u0131<\/strong> kapsam\u0131nda 24 Ocak 2022\u2019de d\u00fczenlenen <em>\u201cHalk\u0131n n\u00fckleer enerji talebi: N\u00fckleer teknolojiler hayatlar\u0131m\u0131z\u0131 nas\u0131l iyile\u015ftirir\u201d konulu stratejik \u00f6neme sahip oturuma ev sahipli\u011fi yapt\u0131. Oturumun <img loading=\"lazy\" class=\"alignright wp-image-150310\" src=\"https:\/\/www.enerjigazetesi.ist\/wp-content\/uploads\/2022\/02\/uzmanlar-expo-2020de-halkin-nukleer-enerjiyi-kabulunu-tartisiyor.jpg\" alt=\"\" width=\"320\" height=\"213\" srcset=\"https:\/\/www.enerjigazetesi.ist\/wp-content\/uploads\/2022\/02\/uzmanlar-expo-2020de-halkin-nukleer-enerjiyi-kabulunu-tartisiyor.jpg 550w, https:\/\/www.enerjigazetesi.ist\/wp-content\/uploads\/2022\/02\/uzmanlar-expo-2020de-halkin-nukleer-enerjiyi-kabulunu-tartisiyor-300x200.jpg 300w, https:\/\/www.enerjigazetesi.ist\/wp-content\/uploads\/2022\/02\/uzmanlar-expo-2020de-halkin-nukleer-enerjiyi-kabulunu-tartisiyor-500x333.jpg 500w, https:\/\/www.enerjigazetesi.ist\/wp-content\/uploads\/2022\/02\/uzmanlar-expo-2020de-halkin-nukleer-enerjiyi-kabulunu-tartisiyor-75x50.jpg 75w, https:\/\/www.enerjigazetesi.ist\/wp-content\/uploads\/2022\/02\/uzmanlar-expo-2020de-halkin-nukleer-enerjiyi-kabulunu-tartisiyor-450x300.jpg 450w\" sizes=\"(max-width: 320px) 100vw, 320px\" \/>moderat\u00f6rl\u00fc\u011f\u00fcn\u00fc <strong>Rosatom Orta Do\u011fu<\/strong> ve Kuzey<strong> Afrika Direkt\u00f6r\u00fc<\/strong> Alexander Voronkov \u00fcstlendi.<\/em><\/p>\n<p><em>Ana konusu halk\u0131n n\u00fckleer enerjiyi kabul\u00fc olan oturumda konu\u015fan Voronkov, <span style=\"text-decoration: underline;\">\u015funlar\u0131 dile getirdi:<\/span> \u201cN\u00fckleer sekt\u00f6rde <strong>\u015feffafl\u0131k<\/strong> ve<strong> a\u00e7\u0131k diyalog<\/strong> <strong>etkili ileti\u015fimin<\/strong> anahtar\u0131d\u0131r. Bunlar, hassas konulara ili\u015fkin do\u011fru bilgilerin verilmesini ve <strong>n\u00fckleer enerjiyle<\/strong> ilgili yayg\u0131n <strong>efsaneler<\/strong> ve<strong> kli\u015felerin<\/strong> \u00e7\u00fcr\u00fct\u00fclmesini sa\u011flar. Dahas\u0131,<strong> halk\u0131n g\u00fcvenini kazanmaya<\/strong> yard\u0131mc\u0131 olur.\u201d<\/em><\/p>\n<p>Oturumda d\u00fcnya genelinden sayg\u0131n konu\u015fmac\u0131lar, n\u00fckleer teknolojilerin yan\u0131 s\u0131ra, \u00fcstesinden gelinmesi gereken zorluklar konusunda <strong>fark\u0131ndal\u0131k kazand\u0131rmak amac\u0131n\u0131<\/strong> ta\u015f\u0131yan <strong>k\u00fcresel ileti\u015fim yakla\u015f\u0131mlar\u0131ndan<\/strong> bahsettiler.<\/p>\n<p>Oturumun a\u00e7\u0131l\u0131\u015f konu\u015fmas\u0131n\u0131 yapan <strong>D\u00fcnya N\u00fckleer Birli\u011fi\u2019nin (WNA)<\/strong> Genel M\u00fcd\u00fcr\u00fc <strong>Sama Bilbao-y-Leon<\/strong>, <strong>g\u00fcvenilir<\/strong> ve<strong> temiz elektri\u011fe<\/strong> eri\u015fimin kamu sa\u011fl\u0131\u011f\u0131n\u0131n do\u011frudan ve dolayl\u0131 olarak g\u00fc\u00e7lendirilmesinde \u00f6nemli bir rol oynad\u0131\u011f\u0131n\u0131 belirtti. <strong>Bilbao-y-Leon<\/strong>,<em> \u201cBu, t\u0131bbi tesislerin \u00f6tesinde <strong>\u00e7ocuklar\u0131n hayat\u0131n\u0131 korumay\u0131, g\u00fcvenli i\u00e7me suyu<\/strong> ve<strong> g\u0131da g\u00fcvenli\u011fini<\/strong> sa\u011flamay\u0131 da kaps\u0131yor\u201d<\/em> diye konu\u015ftu.<\/p>\n<p>\u0130kinci konu\u015fmac\u0131 olan <strong>Uluslararas\u0131 Atom Enerjisi Ajans\u0131 (UAEK)<\/strong> <em>\u0130leti\u015fim, Sosyal Yard\u0131m ve Payda\u015f Kat\u0131l\u0131m\u0131 Sorumlusu<\/em> <strong>Jeffrey Donovan<\/strong>,<strong> UAEK<\/strong>\u2019nin yay\u0131nlad\u0131\u011f\u0131 ve taraflar\u0131n n\u00fckleer konularda etkin bi\u00e7imde nas\u0131l s\u00fcrece dahil edilece\u011fine dair <strong>teorik<\/strong> ve<strong> pratik tavsiyeler<\/strong> sunan yeni bir k\u0131lavuzdan s\u00f6z etti.<\/p>\n<p>Donovan\u2019\u0131n ard\u0131ndan s\u00f6z alan <strong>Uluslararas\u0131 Gen\u00e7lik N\u00fckleer Derne\u011fi Ba\u015fkan Yard\u0131mc\u0131s\u0131<\/strong> <em>Cristian Vega<\/em>, 21. y\u00fczy\u0131l\u0131n temel zorluklar\u0131n\u0131 ele alan, olas\u0131 \u00e7\u00f6z\u00fcmler sunan ve uluslararas\u0131 kurulu\u015flar\u0131n <strong>n\u00fckleer enerjiyle <\/strong>insanlar\u0131n ya\u015famlar\u0131n\u0131 iyile\u015ftirmede oynayabilecekleri rol\u00fc anlatan bir sunum yapt\u0131.<\/p>\n<p>Rosatom Orta ve G\u00fcney Afrika CEO&#8217;su Ryan Collyer da, Rosatom&#8217;un temel hedeflerinden birinin gen\u00e7leri, akranlar\u0131n\u0131 ve b\u00fcy\u00fcklerini n\u00fckleer teknolojilerin yararlar\u0131 konusunda e\u011fitmek ve ayn\u0131 zamanda toplumlar\u0131na ve \u00fclkelerine yard\u0131m i\u00e7in bu sorunlara \u00e7\u00f6z\u00fcmler bulmak amac\u0131yla motive etmek oldu\u011funa dikkati \u00e7ekti. Collyer, <em>\u201cRosatom, gen\u00e7lerin <strong>Birle\u015fmi\u015f Milletler S\u00fcrd\u00fcr\u00fclebilir Kalk\u0131nma Hedeflerine<\/strong> ula\u015fmada ve bilhassa <strong>iklim de\u011fi\u015fikli\u011fiyle m\u00fccadelede<\/strong> hayati bir rol oynamalar\u0131 gerekti\u011fine inanmaktad\u0131r. Yeteneklerini geli\u015ftirmeleri,<strong> g\u00f6r\u00fc\u015f<\/strong> ve<strong> fikirlerini payla\u015fmalar\u0131<\/strong> i\u00e7in gen\u00e7leri desteklemek i\u00e7in \u00e7ok fazla kaynak ay\u0131r\u0131yoruz\u201d<\/em> dedi.<\/p>\n<p>Rosatom, y\u0131lda bir kez <strong>18 ya\u015f\u0131n \u00fczerindeki gen\u00e7lerin<\/strong> videolar\u0131n\u0131 payla\u015fabildikleri ve <strong>n\u00fckleer enerjinin hayatlar\u0131na<\/strong> ve genel olarak<strong> topluma<\/strong> nas\u0131l fayda sa\u011flayabilece\u011finden bahsettikleri <strong>Afrika<\/strong>\u2019y\u0131 <strong>G\u00fc\u00e7lendiren Atom (Atoms Empowering Africa)<\/strong> adl\u0131 bir <strong>video yar\u0131\u015fmas\u0131<\/strong> d\u00fczenleyerek gen\u00e7leri destekliyor. Giri\u015fimi deste\u011fini ifade eden <strong>N\u00fckleer Alan\u0131nda Afrikal\u0131 Gen\u00e7 Nesil (African Young Generation in Nuclear-AYGN) Ba\u015fkan\u0131<\/strong> <em>Gaopalelwe Santswere<\/em> konuya ili\u015fkin olarak \u015funlar\u0131 belirtti:<em> \u201cVideo yar\u0131\u015fmas\u0131, <strong>n\u00fckleer teknolojinin<\/strong> k\u00fcresel zorluklara yenilik\u00e7i \u00e7\u00f6z\u00fcmler sunabilece\u011fini ve k\u0131tam\u0131zdaki insanlar\u0131n ya\u015fam kalitesine fayda sa\u011flama yollar\u0131 yaratabilece\u011fini g\u00f6stermenin yarat\u0131c\u0131 bir yolu.\u201d<\/em><\/p>\n<p><strong>Expo oturumlar\u0131<\/strong>, \u00f6d\u00fcll\u00fc uluslararas\u0131 ileti\u015fim uzman\u0131, <strong>Africa4Nuclear&#8217;\u0131n (Afrika i\u00e7in N\u00fckleer)<\/strong> kurucusu ve ya\u015fam boyu n\u00fckleer teknoloji savunucusu <strong>Princess Mthombeni<\/strong> de dahil olmak \u00fczere pek \u00e7ok <strong>gen\u00e7 n\u00fckleer uzmanla<\/strong> ileti\u015fime ge\u00e7ilmesine de olanak verdi. <strong>N\u00fckleer teknolojinin<\/strong> faydalar\u0131na ili\u015fkin g\u00fc\u00e7l\u00fc mesajlar\u0131n yay\u0131lmas\u0131 i\u00e7in <strong>sosyal medya platformlar\u0131nda<\/strong> takip\u00e7ilerle etkile\u015fim kurman\u0131n \u00f6neminden bahseden Mthombeni, kat\u0131l\u0131mc\u0131lara<strong> Nijerya<\/strong> ve <strong>Kenya<\/strong> da dahil olmak \u00fczere di\u011fer \u00fclkeleri n\u00fckleer tart\u0131\u015fmaya kat\u0131lmaya te\u015fvik eden ba\u015far\u0131l\u0131 bir medya etkinli\u011fi olan<strong> Stand Up for Nuclear (N\u00fckleer \u0130\u00e7in aya\u011fa Kalk)<\/strong> hakk\u0131nda bilgi verdi.<\/p>\n<p><strong>Rosatom Haftas\u0131<\/strong> boyunca, uluslararas\u0131 alanda tan\u0131nan bir\u00e7ok uzman, <strong>n\u00fckleer teknolojinin faydalar\u0131na<\/strong> dair uzun uzun tart\u0131\u015ft\u0131lar. <strong>N\u00fckleer teknolojinin<\/strong> ya\u015fam kalitesini nas\u0131l iyile\u015ftirebilece\u011fini ve topluma kal\u0131c\u0131 faydalar sa\u011flayabilece\u011fini g\u00f6stermek i\u00e7in ger\u00e7ek hayattan pek \u00e7ok \u00f6rnek de payla\u015ft\u0131lar.<\/p>\n<p>En ilham verici \u00f6rneklerden biri, <strong>G\u00fcney Afrika<\/strong>&#8216;n\u0131n <strong>WITS \u00dcniversitesi<\/strong>, d\u00fcnya genelinde \u00f6nde gelen n\u00fckleer bilimciler, ara\u015ft\u0131rmac\u0131lar, G\u00fcney Afrikal\u0131 gergedan sahipleri ve d\u00fcnyan\u0131n <strong>en iyi yabani ya\u015fam veterinerleri<\/strong> i\u015f birli\u011finde,<strong> ka\u00e7ak gergedan avc\u0131l\u0131\u011f\u0131n\u0131<\/strong> \u00f6nemli \u00f6l\u00e7\u00fcde azaltmay\u0131 ama\u00e7layan bir giri\u015fim olan Rhisotope Projesi oldu. Projenin amac\u0131,<strong> radyoaktif izotoplar<\/strong> kullanarak boynuzlar\u0131 i\u00e7in <strong>avlanan gergedanlar\u0131n say\u0131s\u0131n\u0131 azaltman\u0131n<\/strong> kal\u0131c\u0131 ve etkili bir yolunu bulmak olarak a\u00e7\u0131kland\u0131.<\/p>\n<p>Expo oturumunda Ryan Collyer, projeyle ilgili ki\u015fisel g\u00f6r\u00fc\u015flerini de payla\u015farak \u015funlar\u0131 dile getirdi: <em>&#8220;Afrika gergedanlar\u0131n\u0131n durumu vahim ve bu sorun uzun zamand\u0131r devam ediyor. Bence her <strong>G\u00fcney Afrikal\u0131<\/strong> \u00f6yle ya da b\u00f6yle sorunu anl\u0131yor. Ne yaz\u0131k ki, <strong>G\u00fcney Afrika<\/strong>&#8216;da sadece<strong> 16 bin gergedan<\/strong> kald\u0131 ve bu, d\u00fcnyan\u0131n en b\u00fcy\u00fck gergedan pop\u00fclasyonunu olu\u015fturuyor. S\u00f6z konusu durum, benim ve bir\u00e7ok ki\u015fi i\u00e7in kritik bir noktada oldu\u011fumuzu ve <strong>gergedanlar<\/strong> i\u00e7in a\u00e7\u0131k\u00e7as\u0131 yeterince \u015fey yapmad\u0131\u011f\u0131m\u0131z\u0131n fark\u0131na varmam\u0131z gerekti\u011fini g\u00f6steriyor. Art\u0131k onlar\u0131 kurtarmak i\u00e7in daha ciddi \u00f6nlemler almam\u0131z laz\u0131m. <strong>Rhisotope Projesi fikri<\/strong> asl\u0131nda b\u00f6yle ortaya \u00e7\u0131kt\u0131. Esasen, <strong>b\u00fcy\u00fcl\u00fc<\/strong> ve <strong>nesli t\u00fckenmekte<\/strong> olan bir t\u00fcr\u00fc kurtarmaya \u00e7al\u0131\u015f\u0131yoruz. Bir gergedana bakarsan\u0131z, ger\u00e7ek hayattaki tek boynuzlu at\u0131 g\u00f6r\u00fcrs\u00fcn\u00fcz\u201d.<\/em><\/p>\n<p>Oturumun son konu\u015fmas\u0131n\u0131, <strong>kad\u0131nlar\u0131n hikayelerini payla\u015fmas\u0131<\/strong> ve <strong>gelecek nesiller<\/strong> i\u00e7in<strong> do\u011fay\u0131 korumak isteyenlerin<\/strong> ileti\u015fimde olabilmesi amac\u0131yla <strong>Mothers for Nuclear (N\u00fckleer Anneleri Platformu)<\/strong> olu\u015fumunu kuranlardan biri olan Heather Hoff yapt\u0131.<\/p>\n<p>Etkinli\u011fin kapan\u0131\u015f\u0131nda, <strong>Paks n\u00fckleer santrali<\/strong>nde <strong>tipograf<\/strong> olarak g\u00f6rev yapan <strong>B\u00e1lint Vincze<\/strong>&#8216;nin videosu izlendi. Vincze, d\u00fcnyan\u0131n her yerinden insanlar\u0131 n\u00fckleerin hayatlar\u0131n\u0131 nas\u0131l de\u011fi\u015ftirdi\u011fini ve hem b\u00fcy\u00fck hem de k\u00fc\u00e7\u00fck hayallerini ger\u00e7ekle\u015ftirmeye nas\u0131l yard\u0131mc\u0131 oldu\u011funu payla\u015fmay\u0131 ama\u00e7layan bir giri\u015fim olan <strong>\u0130nsanl\u0131k i\u00e7in Atom<\/strong> \u00fczerinde \u00e7al\u0131\u015f\u0131yor. Foto\u011fraflarla<strong> n\u00fckleer enerji<\/strong> hakk\u0131nda <strong>hik\u00e2ye anlat\u0131m\u0131, bilim<\/strong> ve <strong>sanat\u0131n<\/strong> ayn\u0131 amaca ula\u015fmak i\u00e7in nas\u0131l bir araya gelebilece\u011finin harika bir \u00f6rne\u011fini te\u015fkil ediyor.<\/p>","protected":false},"excerpt":{"rendered":"<p>Sorry, this entry is only available in Turkish. For the sake of viewer convenience, the content is shown below in the alternative language. You may click the link to switch the active language. Rusya Devlet Atom Enerjisi Kurumu Rosatom, Dubai\u2019de d\u00fczenlenen Expo 2020 Rosatom Haftas\u0131 kapsam\u0131nda 24 Ocak 2022\u2019de d\u00fczenlenen \u201cHalk\u0131n n\u00fckleer enerji talebi: N\u00fckleer [&hellip;]<\/p>\n","protected":false},"author":1,"featured_media":150311,"comment_status":"open","ping_status":"open","sticky":false,"template":"","format":"standard","meta":[],"categories":[51,53,43],"tags":[100663,100665,100664,19356,35481,12703,2587],"views":446,"_links":{"self":[{"href":"https:\/\/www.enerjigazetesi.ist\/en\/wp-json\/wp\/v2\/posts\/150308"}],"collection":[{"href":"https:\/\/www.enerjigazetesi.ist\/en\/wp-json\/wp\/v2\/posts"}],"about":[{"href":"https:\/\/www.enerjigazetesi.ist\/en\/wp-json\/wp\/v2\/types\/post"}],"author":[{"embeddable":true,"href":"https:\/\/www.enerjigazetesi.ist\/en\/wp-json\/wp\/v2\/users\/1"}],"replies":[{"embeddable":true,"href":"https:\/\/www.enerjigazetesi.ist\/en\/wp-json\/wp\/v2\/comments?post=150308"}],"version-history":[{"count":0,"href":"https:\/\/www.enerjigazetesi.ist\/en\/wp-json\/wp\/v2\/posts\/150308\/revisions"}],"wp:featuredmedia":[{"embeddable":true,"href":"https:\/\/www.enerjigazetesi.ist\/en\/wp-json\/wp\/v2\/media\/150311"}],"wp:attachment":[{"href":"https:\/\/www.enerjigazetesi.ist\/en\/wp-json\/wp\/v2\/media?parent=150308"}],"wp:term":[{"taxonomy":"category","embeddable":true,"href":"https:\/\/www.enerjigazetesi.ist\/en\/wp-json\/wp\/v2\/categories?post=150308"},{"taxonomy":"post_tag","embeddable":true,"href":"https:\/\/www.enerjigazetesi.ist\/en\/wp-json\/wp\/v2\/tags?post=150308"}],"curies":[{"name":"wp","href":"https:\/\/api.w.org\/{rel}","templated":true}]}}