{"id":15028,"date":"2013-09-06T16:26:37","date_gmt":"2013-09-06T13:26:37","guid":{"rendered":"https:\/\/www.enerjigazetesi.ist\/?p=15028"},"modified":"2013-09-06T16:26:37","modified_gmt":"2013-09-06T13:26:37","slug":"fukusima-santralinin-altina-buzdan-duvar-orulecek","status":"publish","type":"post","link":"https:\/\/www.enerjigazetesi.ist\/en\/fukusima-santralinin-altina-buzdan-duvar-orulecek\/","title":{"rendered":"(Turkish) Fuku\u015fima Santrali\u2019nin Alt\u0131na Buzdan Duvar \u00d6r\u00fclecek&#8230;"},"content":{"rendered":"<p class=\"qtranxs-available-languages-message qtranxs-available-languages-message-en\">Sorry, this entry is only available in <a href=\"https:\/\/www.enerjigazetesi.ist\/tr\/wp-json\/wp\/v2\/posts\/15028\" class=\"qtranxs-available-language-link qtranxs-available-language-link-tr\" title=\"Turkish\">Turkish<\/a>. For the sake of viewer convenience, the content is shown below in the alternative language. You may click the link to switch the active language.<\/p><p><strong>Japon yetkililer, Mart 2011\u2019de ya\u015fanan depremden bu yana a\u011f\u0131r hasarl\u0131 olan ve n\u00fckleer at\u0131k s\u0131zd\u0131rmaya devam eden Fuku\u015fima Dai\u00e7i n\u00fckleer santralindeki radyasyonu kontrol alt\u0131na almak i\u00e7in u\u00e7 noktada bir y\u00f6ntem denemeye haz\u0131rlan\u0131yor. Japon h\u00fck\u00fcmeti, dev bir projeyle santralin alt\u0131na buzdan bir duvar \u00f6recek.<\/strong><\/p>\n<p>\u00c7ernobil\u2019in ard\u0131ndan tarihin en b\u00fcy\u00fck n\u00fckleer facias\u0131 olarak kay\u0131tlara ge\u00e7en Fuku\u015fima, 11 Mart 2011\u2019de ya\u015fanan 9.0 b\u00fcy\u00fckl\u00fc\u011f\u00fcndeki depremin neden oldu\u011fu tsunamide ald\u0131\u011f\u0131 hasar\u0131n ard\u0131ndan, neredeyse her g\u00fcn 300 ton radyoaktif su s\u0131zd\u0131rmaya devam ediyor.<\/p>\n<p>Japon h\u00fck\u00fcmeti, bug\u00fcne kadar yap\u0131lan say\u0131s\u0131z giri\u015fimin ard\u0131ndan, Fuku\u015fima\u2019daki s\u0131z\u0131nt\u0131y\u0131 gidermek i\u00e7in 320 milyon dolarl\u0131k bir proje \u00fczerinde \u00e7al\u0131\u015f\u0131yor. Ama\u00e7, \u2018yeralt\u0131nda buzdan bir duvar\u2019 \u00f6rerek radyoaktif sular\u0131n denize kar\u0131\u015fmas\u0131n\u0131 \u00f6nlemek. Buna ek olarak, 150 milyon dolar harcana<a href=\"https:\/\/www.enerjigazetesi.ist\/wp-content\/uploads\/2013\/09\/fukusima-santralinin-altina-buzdan-duvar-orulecek.jpg\"><img loading=\"lazy\" class=\"alignleft size-medium wp-image-15029\" title=\"fukusima-santralinin-altina-buzdan-duvar-orulecek\" src=\"https:\/\/www.enerjigazetesi.ist\/wp-content\/uploads\/2013\/09\/fukusima-santralinin-altina-buzdan-duvar-orulecek-300x195.jpg\" alt=\"\" width=\"300\" height=\"195\" srcset=\"https:\/\/www.enerjigazetesi.ist\/wp-content\/uploads\/2013\/09\/fukusima-santralinin-altina-buzdan-duvar-orulecek-300x195.jpg 300w, https:\/\/www.enerjigazetesi.ist\/wp-content\/uploads\/2013\/09\/fukusima-santralinin-altina-buzdan-duvar-orulecek-76x50.jpg 76w, https:\/\/www.enerjigazetesi.ist\/wp-content\/uploads\/2013\/09\/fukusima-santralinin-altina-buzdan-duvar-orulecek.jpg 430w\" sizes=\"(max-width: 300px) 100vw, 300px\" \/><\/a>rak yeralt\u0131nda su ar\u0131tan sistemler in\u015fa edilecek ve at\u0131k sular\u0131n radyoaktif elementlerden temizlenmesi sa\u011flanacak.<\/p>\n<p>ABC News\u2019a projeyi de\u011ferlendiren New York\u2019taki Brookhaven Ulusal Laboratuvar\u0131\u2019ndan Bill Horak, \u2018Fuku\u015fima\u2019n\u0131n alt\u0131nda yeralt\u0131 su katman\u0131 oldu\u011funu ve at\u0131klar\u0131n buradan denize kar\u0131\u015ft\u0131\u011f\u0131n\u0131\u2019 belirtti.<\/p>\n<p>Horak, in\u015fa edilmesi d\u00fc\u015f\u00fcn\u00fclen buzdan duvar\u0131n \u2018buzdolaplar\u0131 veya derin donduruca bulunan hava so\u011futma sarmallar\u0131ndan olu\u015faca\u011f\u0131n\u0131\u2019 ifade etti. Sarmallarda dola\u015facak olan -230 derece civar\u0131ndaki (30 Kelvin) s\u0131v\u0131 nitrojen, buzdan duvar\u0131 radyoaktif elementlerin delemeyece\u011fi bir z\u0131rha \u00e7evirecek.<\/p>\n<h2>Olimpiyat hayalini sonland\u0131rabilir<\/h2>\n<p>Japonya Ba\u015fbakan\u0131 Shinzo Abe, radyoaktif s\u0131z\u0131nt\u0131n\u0131n giderilmesi i\u00e7in h\u00fck\u00fcmetin gereken her \u015feyi yapaca\u011f\u0131n\u0131 belirterek, \u201cbu i\u015fi sadece Tokyo Elektrik Enerjisi \u015eirketi\u2019ne (TEPCO) b\u0131rakamay\u0131z. H\u00fck\u00fcmet burada devreye girecek\u2026 T\u00fcm d\u00fcnya bu meseleyle nas\u0131l ilgilenece\u011fimizi merak ediyor\u201d dedi.<\/p>\n<p>N\u00fckleer sorunun giderilmesi, 2020 Olimpiyatlar\u0131 i\u00e7in T\u00fcrkiye ve \u0130spanya ile yar\u0131\u015fan Japonya i\u00e7in b\u00fcy\u00fck \u00f6nem ta\u015f\u0131yor. G\u00fcvenlik risklerinin devam etmesi, Tokyo\u2019nun yar\u0131\u015f d\u0131\u015f\u0131 kalmas\u0131na neden olabilir.<\/p>\n<h2>\u2018Kirlilik miktar\u0131 belli de\u011fil\u2019<\/h2>\n<p>Japon bas\u0131n\u0131na g\u00f6re, Fuku\u015fima civar\u0131nda radyasyondan etkilenmi\u015f bozuk sebzeler yeti\u015fen b\u00f6lgeler var.<\/p>\n<p>Horak ise topra\u011fa ve denize kar\u0131\u015fan radyoaktif at\u0131klar\u0131n ne kadar kirli oldu\u011fu hakk\u0131nda kimsenin emin olmad\u0131\u011f\u0131n\u0131 belirtti.<\/p>\n<p>Buzdan duvar\u0131n, radyoaktif elementlerin temizlenmesinde ne kadar etkili olaca\u011f\u0131 konusunda kesin bir fikir sunmayan Horak, \u2018hidrojenin bir izotopu olan radyoaktif element trityumun yar \u00f6mr\u00fcn\u00fcn 12.3 y\u0131l oldu\u011funu ve buzdan bir duvar\u0131n elementlerin do\u011fal olarak par\u00e7alanmas\u0131nda ne kadar etkili olaca\u011f\u0131n\u0131 bug\u00fcne kadar kimsenin denemedi\u011fini\u2019 ifade etti.<\/p>\n<p>Kaynak: <a href=\"http:\/\/enerjienstitusu.com\/2013\/09\/05\/fukusima-santralinin-altina-buzdan-duvar-orulecek\/\" target=\"_blank\">Enerji Enstit\u00fcs\u00fc<\/a><\/p>","protected":false},"excerpt":{"rendered":"<p>Sorry, this entry is only available in Turkish. For the sake of viewer convenience, the content is shown below in the alternative language. You may click the link to switch the active language.Japon yetkililer, Mart 2011\u2019de ya\u015fanan depremden bu yana a\u011f\u0131r hasarl\u0131 olan ve n\u00fckleer at\u0131k s\u0131zd\u0131rmaya devam eden Fuku\u015fima Dai\u00e7i n\u00fckleer santralindeki radyasyonu kontrol [&hellip;]<\/p>\n","protected":false},"author":1,"featured_media":15029,"comment_status":"open","ping_status":"open","sticky":false,"template":"","format":"standard","meta":[],"categories":[53,43],"tags":[63,67,1009,165,3313,1547,71,8355,21,8356,7493,2026,8358,8357],"views":712,"_links":{"self":[{"href":"https:\/\/www.enerjigazetesi.ist\/en\/wp-json\/wp\/v2\/posts\/15028"}],"collection":[{"href":"https:\/\/www.enerjigazetesi.ist\/en\/wp-json\/wp\/v2\/posts"}],"about":[{"href":"https:\/\/www.enerjigazetesi.ist\/en\/wp-json\/wp\/v2\/types\/post"}],"author":[{"embeddable":true,"href":"https:\/\/www.enerjigazetesi.ist\/en\/wp-json\/wp\/v2\/users\/1"}],"replies":[{"embeddable":true,"href":"https:\/\/www.enerjigazetesi.ist\/en\/wp-json\/wp\/v2\/comments?post=15028"}],"version-history":[{"count":1,"href":"https:\/\/www.enerjigazetesi.ist\/en\/wp-json\/wp\/v2\/posts\/15028\/revisions"}],"predecessor-version":[{"id":15030,"href":"https:\/\/www.enerjigazetesi.ist\/en\/wp-json\/wp\/v2\/posts\/15028\/revisions\/15030"}],"wp:featuredmedia":[{"embeddable":true,"href":"https:\/\/www.enerjigazetesi.ist\/en\/wp-json\/wp\/v2\/media\/15029"}],"wp:attachment":[{"href":"https:\/\/www.enerjigazetesi.ist\/en\/wp-json\/wp\/v2\/media?parent=15028"}],"wp:term":[{"taxonomy":"category","embeddable":true,"href":"https:\/\/www.enerjigazetesi.ist\/en\/wp-json\/wp\/v2\/categories?post=15028"},{"taxonomy":"post_tag","embeddable":true,"href":"https:\/\/www.enerjigazetesi.ist\/en\/wp-json\/wp\/v2\/tags?post=15028"}],"curies":[{"name":"wp","href":"https:\/\/api.w.org\/{rel}","templated":true}]}}