{"id":150237,"date":"2022-02-01T14:49:56","date_gmt":"2022-02-01T11:49:56","guid":{"rendered":"https:\/\/www.enerjigazetesi.ist\/?p=150237"},"modified":"2022-02-01T14:49:56","modified_gmt":"2022-02-01T11:49:56","slug":"universite-ogrencileri-icin-surdurulebilirlik-egitimi-5-subatta-basliyor","status":"publish","type":"post","link":"https:\/\/www.enerjigazetesi.ist\/en\/universite-ogrencileri-icin-surdurulebilirlik-egitimi-5-subatta-basliyor\/","title":{"rendered":"(Turkish) \u00dcniversite \u00d6\u011frencileri \u0130\u00e7in &#8216;S\u00fcrd\u00fcr\u00fclebilirlik E\u011fitimi&#8217; 5 \u015eubat&#8217;ta Ba\u015fl\u0131yor!"},"content":{"rendered":"<p class=\"qtranxs-available-languages-message qtranxs-available-languages-message-en\">Sorry, this entry is only available in <a href=\"https:\/\/www.enerjigazetesi.ist\/tr\/wp-json\/wp\/v2\/posts\/150237\" class=\"qtranxs-available-language-link qtranxs-available-language-link-tr\" title=\"Turkish\">Turkish<\/a>. For the sake of viewer convenience, the content is shown below in the alternative language. You may click the link to switch the active language.<\/p><p><\/p>\n<h2>Ak\u0131ll\u0131 Hayat 2030 stratejisi do\u011frultusunda daha iyi bir gelecek i\u00e7in \u00e7al\u0131\u015fmaya devam eden Zorlu Holding, \u201cAk\u0131ll\u0131 Hayat Akademisi\u201d kapsam\u0131nda de\u011fer yaratan bir i\u015f birli\u011finin daha hayata ge\u00e7irilmesine \u00f6nc\u00fcl\u00fck ediyor.<\/h2>\n<p>Bu kapsamda ana partnerli\u011fini \u00fcstlendi\u011fi; kurucu orta\u011f\u0131 imece\u2019nin <strong>a\u00e7\u0131k inovasyon laboratuvar\u0131<\/strong> <strong>imeceLAB<\/strong>\u2019in y\u00fcr\u00fct\u00fcc\u00fcl\u00fc\u011f\u00fcnde, <strong>Bo\u011fazi\u00e7i \u00dcniversitesi Ya\u015fam Boyu E\u011fitim Merkezi (B\u00dcYEM)<\/strong>\u2019nin ve <strong>S\u00fcrd\u00fcr\u00fclebilir Kalk\u0131nma \u00c7\u00f6z\u00fcmleri A\u011f\u0131 (SDSN) T\u00fcrkiye<\/strong>\u2019nin akademik partnerli\u011finde, <strong>S360<\/strong>\u2019\u0131n ise bilgi ve i\u00e7erik partnerli\u011finde hayata ge\u00e7irilecek <strong>\u201cS\u00fcrd\u00fcr\u00fclebilir Bir <img loading=\"lazy\" class=\"alignright wp-image-150240\" src=\"https:\/\/www.enerjigazetesi.ist\/wp-content\/uploads\/2022\/02\/universite-ogrencileri-icin-surdurulebilirlik-egitimi-5-subatta-basliyor-1.jpg\" alt=\"\" width=\"320\" height=\"320\" srcset=\"https:\/\/www.enerjigazetesi.ist\/wp-content\/uploads\/2022\/02\/universite-ogrencileri-icin-surdurulebilirlik-egitimi-5-subatta-basliyor-1.jpg 550w, https:\/\/www.enerjigazetesi.ist\/wp-content\/uploads\/2022\/02\/universite-ogrencileri-icin-surdurulebilirlik-egitimi-5-subatta-basliyor-1-300x300.jpg 300w, https:\/\/www.enerjigazetesi.ist\/wp-content\/uploads\/2022\/02\/universite-ogrencileri-icin-surdurulebilirlik-egitimi-5-subatta-basliyor-1-150x150.jpg 150w, https:\/\/www.enerjigazetesi.ist\/wp-content\/uploads\/2022\/02\/universite-ogrencileri-icin-surdurulebilirlik-egitimi-5-subatta-basliyor-1-400x400.jpg 400w, https:\/\/www.enerjigazetesi.ist\/wp-content\/uploads\/2022\/02\/universite-ogrencileri-icin-surdurulebilirlik-egitimi-5-subatta-basliyor-1-50x50.jpg 50w, https:\/\/www.enerjigazetesi.ist\/wp-content\/uploads\/2022\/02\/universite-ogrencileri-icin-surdurulebilirlik-egitimi-5-subatta-basliyor-1-100x100.jpg 100w, https:\/\/www.enerjigazetesi.ist\/wp-content\/uploads\/2022\/02\/universite-ogrencileri-icin-surdurulebilirlik-egitimi-5-subatta-basliyor-1-500x500.jpg 500w\" sizes=\"(max-width: 320px) 100vw, 320px\" \/>Gelecek E\u011fitimi\u201d<\/strong> Program\u0131, <strong>5 \u015eubat 2022<\/strong> tarihinde ba\u015fl\u0131yor.<\/p>\n<p>Programa, <strong>T\u00fcrkiye\u2019nin<\/strong> her yerinden; daha iyi bir d\u00fcnya i\u00e7in <strong>s\u00fcrd\u00fcr\u00fclebilirli\u011fin g\u00fcc\u00fcne<\/strong> inanan, <strong>toplumsal <\/strong>ve <strong>\u00e7evresel\u00a0meseleleri<\/strong> kendine dert edinen ve bu konulardaki bilgi birikimini art\u0131rmak isteyen <strong>850<\/strong> \u00fcniversite \u00f6\u011frencisi ba\u015fvuru sa\u011flad\u0131. Program; <strong>05 &#8211; 23 \u015eubat 2022<\/strong> tarihleri aras\u0131nda hafta i\u00e7i ak\u015fam ve hafta sonlar\u0131<strong> aktif kat\u0131l\u0131m<\/strong> gerektiren, <strong>\u00e7evrimi\u00e7i e\u011fitim<\/strong> ve <strong>etkinliklerle<\/strong> hayata ge\u00e7irilecek. Program\u0131 ba\u015far\u0131yla tamamlayan \u00f6\u011frencilere, <strong>Bo\u011fazi\u00e7i \u00dcniversitesi Ya\u015fam Boyu E\u011fitim Merkezi\u2019nin<\/strong> akademik onay\u0131yla sertifika verilecek.<\/p>\n<p><strong>Programla ilgi bilgi veren Zorlu Holding Kurumsal \u0130leti\u015fim ve S\u00fcrd\u00fcr\u00fclebilirlik Genel M\u00fcd\u00fcr Yard\u0131mc\u0131s\u0131 \u015eahika \u00d6zcan Orta\u00e7,<\/strong>\u00a0\u201c<em>Zorlu Grubu olarak, Ak\u0131ll\u0131 Hayat 2030 stratejimiz do\u011frultusunda, <strong>s\u00fcrd\u00fcr\u00fclebilirli\u011fi<\/strong> bir i\u015f yap\u0131\u015f bi\u00e7imi haline getirirken, kurucu orta\u011f\u0131 oldu\u011fumuz sosyal inovasyon platformu imece\u2019nin<strong> a\u00e7\u0131k inovasyon laboratuvar\u0131<\/strong> imeceLAB ile <strong>toplumsal, k\u00fclt\u00fcrel, ekonomik <\/strong>ve <strong>\u00e7evresel sorunlara<\/strong> gen\u00e7lerle birlikte <strong>yenilik\u00e7i \u00e7\u00f6z\u00fcmler \u00fcretmeye<\/strong> ve gen\u00e7lerin <strong>daha iyi bir gelecek kurgusuna<\/strong> nas\u0131l zemin a\u00e7\u0131p destek verebilece\u011fimize de odaklan\u0131yoruz<\/em>\u201d dedi.<\/p>\n<p>Konuya y\u00f6nelik fark\u0131ndal\u0131\u011f\u0131 art\u0131rman\u0131n, \u00e7\u00f6z\u00fcm \u00fcretme odakl\u0131 \u00e7al\u0131\u015fman\u0131n ve radikal i\u015f birlikleri yaratman\u0131n \u00f6neminin g\u00fcn\u00fcm\u00fczde \u00e7ok daha net \u00a0 g\u00f6r\u00fcld\u00fc\u011f\u00fcn\u00fc ifade eden <strong>\u015eahika \u00d6zcan Orta\u00e7<\/strong>, s\u00f6zlerini<span style=\"text-decoration: underline;\"> \u015f\u00f6yle s\u00fcrd\u00fcrd\u00fc:<\/span> \u201c<em>K\u00fcresel salg\u0131nla beraber gelen <strong>s\u0131k\u0131nt\u0131lar<\/strong> ve birbiri ard\u0131na ya\u015fanan <strong>do\u011fal afetler<\/strong> nedeniyle t\u00fcm d\u00fcnya i\u00e7in olduk\u00e7a zor bir d\u00f6nemden ge\u00e7tik. <strong>S\u00fcrd\u00fcr\u00fclebilir Kalk\u0131nma Ama\u00e7lar\u0131<\/strong>&#8216;n\u0131n i\u015faret etti\u011fi <strong>\u201cEylem On Y\u0131l\u0131&#8221;<\/strong>n\u0131n neredeyse <strong>\u00fc\u00e7te birini<\/strong> geride b\u0131rak\u0131yoruz. Fark\u0131ndal\u0131\u011f\u0131 art\u0131rmak ve \u00e7\u00f6z\u00fcm \u00fcretmek her zamankinden daha b\u00fcy\u00fck \u00f6nem ta\u015f\u0131yor. Bu ama\u00e7la, <strong>Ak\u0131ll\u0131 Hayat Akademisi<\/strong> kapsam\u0131nda ger\u00e7ekle\u015ftirece\u011fimiz <strong>\u201cS\u00fcrd\u00fcr\u00fclebilir Bir Gelecek E\u011fitimi&#8221; <\/strong>ile gen\u00e7lerin sorunlar\u0131n \u00e7\u00f6z\u00fcm\u00fcnde s\u00f6z sahibi olmalar\u0131na zemin a\u00e7may\u0131 arzu ediyoruz. T\u00fcrkiye\u2019nin her yerinden <strong>s\u00fcrd\u00fcr\u00fclebilirlik odakl\u0131<\/strong> meseleleri kendine dert edinen ve bu konudaki bilgi birikimini art\u0131rmak isteyen<strong> \u00fcniversite \u00f6\u011frencileriyle<\/strong> ger\u00e7ekle\u015ftirece\u011fimiz program kapsam\u0131nda; <strong>s\u00fcrd\u00fcr\u00fclebilirlik liderli\u011finden sistem d\u00fc\u015f\u00fcncesine, tasar\u0131m odakl\u0131 d\u00fc\u015f\u00fcnceden etki \u00f6l\u00e7\u00fcm\u00fcne, iklim krizinden \u00e7e\u015fitlilik ve kapsay\u0131c\u0131l\u0131\u011fa uzanan<\/strong> geni\u015f bir kapsamda <strong>e\u011fitim<\/strong> ve<strong> deney alanlar\u0131<\/strong> sunaca\u011f\u0131z<\/em>.&#8221;<\/p>\n<p><strong>S\u00fcrd\u00fcr\u00fclebilir Bir Gelecek E\u011fitimi\u201d<\/strong> <a href=\"https:\/\/www.enerjigazetesi.ist\/wp-content\/uploads\/2022\/02\/universite-ogrencileri-icin-surdurulebilirlik-egitimi-5-subatta-basliyor-2.jpg\" target=\"_blank\" rel=\"nofollow noopener\">Program\u0131 \u0130\u00e7in<strong> TIKLAYIN&gt;&gt;&gt;<\/strong><\/a><\/p>","protected":false},"excerpt":{"rendered":"<p>Sorry, this entry is only available in Turkish. For the sake of viewer convenience, the content is shown below in the alternative language. You may click the link to switch the active language. Ak\u0131ll\u0131 Hayat 2030 stratejisi do\u011frultusunda daha iyi bir gelecek i\u00e7in \u00e7al\u0131\u015fmaya devam eden Zorlu Holding, \u201cAk\u0131ll\u0131 Hayat Akademisi\u201d kapsam\u0131nda de\u011fer yaratan bir [&hellip;]<\/p>\n","protected":false},"author":1,"featured_media":150240,"comment_status":"open","ping_status":"open","sticky":false,"template":"","format":"standard","meta":[],"categories":[53],"tags":[100619,54609,95344,1949,53412,100618,38918,100617,1305],"views":126,"_links":{"self":[{"href":"https:\/\/www.enerjigazetesi.ist\/en\/wp-json\/wp\/v2\/posts\/150237"}],"collection":[{"href":"https:\/\/www.enerjigazetesi.ist\/en\/wp-json\/wp\/v2\/posts"}],"about":[{"href":"https:\/\/www.enerjigazetesi.ist\/en\/wp-json\/wp\/v2\/types\/post"}],"author":[{"embeddable":true,"href":"https:\/\/www.enerjigazetesi.ist\/en\/wp-json\/wp\/v2\/users\/1"}],"replies":[{"embeddable":true,"href":"https:\/\/www.enerjigazetesi.ist\/en\/wp-json\/wp\/v2\/comments?post=150237"}],"version-history":[{"count":0,"href":"https:\/\/www.enerjigazetesi.ist\/en\/wp-json\/wp\/v2\/posts\/150237\/revisions"}],"wp:featuredmedia":[{"embeddable":true,"href":"https:\/\/www.enerjigazetesi.ist\/en\/wp-json\/wp\/v2\/media\/150240"}],"wp:attachment":[{"href":"https:\/\/www.enerjigazetesi.ist\/en\/wp-json\/wp\/v2\/media?parent=150237"}],"wp:term":[{"taxonomy":"category","embeddable":true,"href":"https:\/\/www.enerjigazetesi.ist\/en\/wp-json\/wp\/v2\/categories?post=150237"},{"taxonomy":"post_tag","embeddable":true,"href":"https:\/\/www.enerjigazetesi.ist\/en\/wp-json\/wp\/v2\/tags?post=150237"}],"curies":[{"name":"wp","href":"https:\/\/api.w.org\/{rel}","templated":true}]}}