{"id":150179,"date":"2022-01-31T11:45:27","date_gmt":"2022-01-31T08:45:27","guid":{"rendered":"https:\/\/www.enerjigazetesi.ist\/?p=150179"},"modified":"2022-01-31T11:45:51","modified_gmt":"2022-01-31T08:45:51","slug":"sabanci-holding-sabanci-unv-ve-teknosa-yuzde-100-yesil-enerji-kullanacak","status":"publish","type":"post","link":"https:\/\/www.enerjigazetesi.ist\/en\/sabanci-holding-sabanci-unv-ve-teknosa-yuzde-100-yesil-enerji-kullanacak\/","title":{"rendered":"(Turkish) Sabanc\u0131 Holding, Sabanc\u0131 \u00dcnv., ve Teknosa&#8217; %100 &#8216;Ye\u015fil Enerji&#8217; Kullanacak"},"content":{"rendered":"<p class=\"qtranxs-available-languages-message qtranxs-available-languages-message-en\">Sorry, this entry is only available in <a href=\"https:\/\/www.enerjigazetesi.ist\/tr\/wp-json\/wp\/v2\/posts\/150179\" class=\"qtranxs-available-language-link qtranxs-available-language-link-tr\" title=\"Turkish\">Turkish<\/a>. For the sake of viewer convenience, the content is shown below in the alternative language. You may click the link to switch the active language.<\/p><p><\/p>\n<h2><strong>Enerjisa Enerji; Sabanc\u0131 Holding, Sabanc\u0131 \u00dcniversitesi ve Teknosa ile \u2018Ye\u015fil Enerji\u2019 kullan\u0131m\u0131 i\u00e7in anla\u015fma imzalad\u0131. <\/strong><\/h2>\n<p>\u0130\u015f birli\u011fi sayesinde, 2022 y\u0131l\u0131nda \u00fc\u00e7 kurulu\u015f toplamda<strong> 8.475<\/strong> hanenin <strong>1 y\u0131ll\u0131k<\/strong> elektrik enerjisi t\u00fcketimine denk gelen <strong>25.425 MWh<\/strong>\u2019l\u0131k enerjisini <strong>yenilenebilir enerji kaynaklar\u0131ndan<\/strong> kullanarak, toplam <strong>14.110 ton CO2 sal\u0131m\u0131n\u0131n<\/strong> \u00f6n\u00fcne ge\u00e7ecek.<\/p>\n<p><em><img loading=\"lazy\" class=\"alignright wp-image-150183\" src=\"https:\/\/www.enerjigazetesi.ist\/wp-content\/uploads\/2022\/01\/sabanci-holding-sabanci-unv-ve-teknosa-yuzde-100-yesil-enerji-kullanacak.jpg\" alt=\"\" width=\"320\" height=\"207\" srcset=\"https:\/\/www.enerjigazetesi.ist\/wp-content\/uploads\/2022\/01\/sabanci-holding-sabanci-unv-ve-teknosa-yuzde-100-yesil-enerji-kullanacak.jpg 820w, https:\/\/www.enerjigazetesi.ist\/wp-content\/uploads\/2022\/01\/sabanci-holding-sabanci-unv-ve-teknosa-yuzde-100-yesil-enerji-kullanacak-300x194.jpg 300w, https:\/\/www.enerjigazetesi.ist\/wp-content\/uploads\/2022\/01\/sabanci-holding-sabanci-unv-ve-teknosa-yuzde-100-yesil-enerji-kullanacak-768x497.jpg 768w, https:\/\/www.enerjigazetesi.ist\/wp-content\/uploads\/2022\/01\/sabanci-holding-sabanci-unv-ve-teknosa-yuzde-100-yesil-enerji-kullanacak-500x324.jpg 500w, https:\/\/www.enerjigazetesi.ist\/wp-content\/uploads\/2022\/01\/sabanci-holding-sabanci-unv-ve-teknosa-yuzde-100-yesil-enerji-kullanacak-77x50.jpg 77w\" sizes=\"(max-width: 320px) 100vw, 320px\" \/>T\u00fcrkiye\u2019nin lider elektrik da\u011f\u0131t\u0131m ve perakende sat\u0131\u015f \u015firketi<\/em> <strong>Enerjisa Enerji, \u0130\u015fimin Enerjisi<\/strong> \u00e7at\u0131s\u0131 alt\u0131nda do\u011fa <strong>dostu ve yenilenebilir enerjiye dayal\u0131 \u00fcr\u00fcnleriyle m\u00fc\u015fterilerine enerji t\u00fcketiminde tasarruf sa\u011flayan \u00e7\u00f6z\u00fcmler sunuyor.\u00a0<\/strong>Enerjisa Enerji bu kapsamda ; Sabanc\u0131 Holding Sabanc\u0131 \u00dcniversitesi ve Teknosa\u2019ya <strong>%100 \u2018Ye\u015fil Enerji\u2019<\/strong> tedari\u011fi sa\u011flayarak <strong>do\u011fan\u0131n korunmas\u0131na katk\u0131<\/strong> sa\u011flayacak \u00f6nemli bir i\u015f birli\u011fine imza att\u0131.<\/p>\n<p>\u0130\u015f birli\u011fi kapsam\u0131nda<strong>\u00a0Sabanc\u0131 Holding ve Sabanc\u0131 \u00dcniversitesi kulland\u0131klar\u0131 enerjinin tamam\u0131n\u0131, Teknosa\u00a0<\/strong>ise<strong>\u00a0<\/strong>Enerjisa abonesi oldu\u011fu t\u00fcm ma\u011faza ve yerle\u015fkelerinde enerjiyi<strong>\u00a0yenilenebilir kaynaklardan kar\u015f\u0131layacak.\u00a0<\/strong>\u015eirketler bu anla\u015fma ile <strong>temiz enerji kaynaklar\u0131n\u0131n<\/strong> genel alanlarda kullan\u0131m\u0131n\u0131 te\u015fvik ederken ayn\u0131 zamanda \u00fclkemizin enerjiye <strong>kesintisiz eri\u015fimi<\/strong> ve <strong>kaynak \u00e7e\u015fitlendirilmesini<\/strong> g\u00fc\u00e7lendirerek,<strong> arz g\u00fcvenli\u011finin<\/strong> garantilenmesine de katk\u0131 sa\u011flayacaklar.<\/p>\n<h3><strong>Sabanc\u0131 Holding yakla\u015f\u0131k 11.000 MWh\u2019l\u0131k enerjinin tamam\u0131n\u0131 yenilenebilir enerji kaynaklar\u0131ndan kar\u015f\u0131layacak<\/strong><\/h3>\n<p>\u0130\u015fimin Enerjisi \u00e7at\u0131s\u0131 alt\u0131nda sundu\u011fu yenilik\u00e7i \u00fcr\u00fcnlerini, s\u00fcrd\u00fcr\u00fclebilirli\u011fi stratejik \u00f6ncelikleri aras\u0131nda g\u00f6ren Sabanc\u0131 Holding ile bulu\u015fturan Enerjisa Enerji, Holding\u2019in yenilenebilir enerji kullan\u0131m\u0131na destek oluyor. <strong>Sabanc\u0131 Holding<\/strong>, anla\u015fma kapsam\u0131nda 2022 y\u0131l\u0131nda kullanmas\u0131 beklenilen yakla\u015f\u0131k <strong>11.000 MWh\u2019l\u0131k<\/strong> enerjinin tamam\u0131n\u0131 yenilenebilir enerji kaynaklar\u0131ndan kar\u015f\u0131layacak. <strong>Sabanc\u0131 Toplulu\u011fu<\/strong>\u2019nda s\u00fcrd\u00fcr\u00fclebilirlik anlay\u0131\u015f\u0131 Holding\u2019den \u015firketlere yay\u0131larak Toplulu\u011fun payda\u015flar i\u00e7in yaratt\u0131\u011f\u0131, ba\u015fta ekonomik olmak \u00fczere farkl\u0131 alanlardaki de\u011feri uzun vadeli hale getirmeye arac\u0131 oluyor.<\/p>\n<h3><strong>Sabanc\u0131 \u00dcniversitesi 5.980 MWh\u2019l\u0131k elektrik enerjisi kullan\u0131m\u0131n\u0131 yenilenebilir enerji kaynaklar\u0131ndan kar\u015f\u0131layacak<\/strong><\/h3>\n<p>T\u00fcrkiye&#8217;de bir <strong>&#8220;D\u00fcnya \u00dcniversitesi&#8221;<\/strong> olma hedefiyle kurulan ve <strong>&#8220;Birlikte yaratmak ve geli\u015ftirmek&#8221;<\/strong> anlay\u0131\u015f\u0131n\u0131 misyon edinen <strong>Sabanc\u0131 \u00dcniversitesi\u00a0<\/strong>ise, Enerjisa Enerji ile ger\u00e7ekle\u015ftirdi\u011fi Ye\u015fil Enerji Anla\u015fmas\u0131 ile \u015febekeden kulland\u0131\u011f\u0131 enerjinin tamam\u0131n\u0131 <strong>yenilenebilir enerji kaynaklar\u0131ndan<\/strong> kar\u015f\u0131layacak. Buna g\u00f6re 2022 y\u0131l\u0131nda \u00fcniversite,<strong> 5.980 MWh<\/strong>\u2019l\u0131k elektrik enerjisi kullan\u0131m\u0131n\u0131 yenilenebilir enerji kaynaklar\u0131ndan kar\u015f\u0131layacak. T\u00fcrkiye\u2019de ve yurt d\u0131\u015f\u0131nda pek \u00e7ok \u00fcniversite taraf\u0131ndan \u00f6rnek al\u0131nan <strong>Tuzla kamp\u00fcs\u00fcnde<\/strong> ayr\u0131ca <strong>Enerjisa<\/strong> ile birlikte kurulumunu ger\u00e7ekle\u015ftirdi\u011fi ve toplam elektrik ihtiyac\u0131n\u0131n<strong> % 60<\/strong>\u2019\u0131n\u0131 kar\u015f\u0131lad\u0131\u011f\u0131 <strong>G\u00fcne\u015f Enerjisi Santrali<\/strong> ile <strong>Kojenerasyon sistemi<\/strong> de bulunuyor.<\/p>\n<p><strong>Sabanc\u0131 \u00dcniversitesi Tuzla kamp\u00fcs\u00fc<\/strong>, 170.000\u2019in \u00fczerinde bitkinin ve do\u011fal bir g\u00f6letin bulundu\u011fu; kendi enerjisini \u00fcreterek elde etti\u011fi <strong>tasarrufla<\/strong> t\u00fcm enerji kullan\u0131m\u0131n\u0131 <strong>%100 ye\u015file d\u00f6n\u00fc\u015ft\u00fcren<\/strong> bir kamp\u00fcs \u00f6zelli\u011fine sahip.<\/p>\n<h3><strong>Teknosa\u00a08.505 MWh\u2019l\u0131k\u00a0enerjinin\u00a0tamam\u0131n\u0131 Ye\u015fil Enerji\u2019den kar\u015f\u0131layacak\u00a0<\/strong><\/h3>\n<p>Teknoloji perakendecili\u011finin ve e-ticaretin \u00f6nc\u00fc markas\u0131 <strong>Teknosa\u00a0<\/strong>ile ge\u00e7ti\u011fimiz g\u00fcnlerde <strong>LED ayd\u0131nlatma d\u00f6n\u00fc\u015f\u00fcm uygulamas\u0131<\/strong> ger\u00e7ekle\u015ftiren Enerjisa Enerji, \u00e7evreye sayg\u0131l\u0131 bir yakla\u015f\u0131mla \u00f6nemli bir i\u015f birli\u011fine daha imza att\u0131. Ayr\u0131ca Teknosa, binalar\u0131nda ve ma\u011fazalar\u0131nda <strong>%100 Ye\u015fil Enerji kullan\u0131m\u0131na da<\/strong> ba\u015fl\u0131yor. 2022 y\u0131l\u0131nda kullan\u0131lmas\u0131 beklenilen<strong> 8.505 MWh<\/strong>\u2019l\u0131k\u00a0enerjinin tamam\u0131n\u0131 <strong>Ye\u015fil Enerji\u2019den<\/strong> kar\u015f\u0131layacak olan Teknosa,<strong> s\u00fcrd\u00fcr\u00fclebilirlik<\/strong> alan\u0131nda ad\u0131mlar atarken, m\u00fc\u015fteri deneyimini de s\u00fcrekli olarak iyile\u015ftiriyor.<\/p>","protected":false},"excerpt":{"rendered":"<p>Sorry, this entry is only available in Turkish. For the sake of viewer convenience, the content is shown below in the alternative language. You may click the link to switch the active language. Enerjisa Enerji; Sabanc\u0131 Holding, Sabanc\u0131 \u00dcniversitesi ve Teknosa ile \u2018Ye\u015fil Enerji\u2019 kullan\u0131m\u0131 i\u00e7in anla\u015fma imzalad\u0131. \u0130\u015f birli\u011fi sayesinde, 2022 y\u0131l\u0131nda \u00fc\u00e7 kurulu\u015f [&hellip;]<\/p>\n","protected":false},"author":1,"featured_media":150183,"comment_status":"open","ping_status":"open","sticky":false,"template":"","format":"standard","meta":[],"categories":[51,53,52],"tags":[37825,80308,21192,1296,793],"views":228,"_links":{"self":[{"href":"https:\/\/www.enerjigazetesi.ist\/en\/wp-json\/wp\/v2\/posts\/150179"}],"collection":[{"href":"https:\/\/www.enerjigazetesi.ist\/en\/wp-json\/wp\/v2\/posts"}],"about":[{"href":"https:\/\/www.enerjigazetesi.ist\/en\/wp-json\/wp\/v2\/types\/post"}],"author":[{"embeddable":true,"href":"https:\/\/www.enerjigazetesi.ist\/en\/wp-json\/wp\/v2\/users\/1"}],"replies":[{"embeddable":true,"href":"https:\/\/www.enerjigazetesi.ist\/en\/wp-json\/wp\/v2\/comments?post=150179"}],"version-history":[{"count":0,"href":"https:\/\/www.enerjigazetesi.ist\/en\/wp-json\/wp\/v2\/posts\/150179\/revisions"}],"wp:featuredmedia":[{"embeddable":true,"href":"https:\/\/www.enerjigazetesi.ist\/en\/wp-json\/wp\/v2\/media\/150183"}],"wp:attachment":[{"href":"https:\/\/www.enerjigazetesi.ist\/en\/wp-json\/wp\/v2\/media?parent=150179"}],"wp:term":[{"taxonomy":"category","embeddable":true,"href":"https:\/\/www.enerjigazetesi.ist\/en\/wp-json\/wp\/v2\/categories?post=150179"},{"taxonomy":"post_tag","embeddable":true,"href":"https:\/\/www.enerjigazetesi.ist\/en\/wp-json\/wp\/v2\/tags?post=150179"}],"curies":[{"name":"wp","href":"https:\/\/api.w.org\/{rel}","templated":true}]}}