{"id":150135,"date":"2022-01-30T17:38:42","date_gmt":"2022-01-30T14:38:42","guid":{"rendered":"https:\/\/www.enerjigazetesi.ist\/?p=150135"},"modified":"2022-01-30T17:41:20","modified_gmt":"2022-01-30T14:41:20","slug":"bakanlik-ve-botas-tan-elektrik-ve-dogalgaz-kesintisine-yonelik-aciklama","status":"publish","type":"post","link":"https:\/\/www.enerjigazetesi.ist\/en\/bakanlik-ve-botas-tan-elektrik-ve-dogalgaz-kesintisine-yonelik-aciklama\/","title":{"rendered":"(Turkish) Bakanl\u0131k ve BOTA\u015e\u2019tan Elektrik ve Do\u011falgaz Kesintisine Y\u00f6nelik A\u00e7\u0131klama"},"content":{"rendered":"<p class=\"qtranxs-available-languages-message qtranxs-available-languages-message-en\">Sorry, this entry is only available in <a href=\"https:\/\/www.enerjigazetesi.ist\/tr\/wp-json\/wp\/v2\/posts\/150135\" class=\"qtranxs-available-language-link qtranxs-available-language-link-tr\" title=\"Turkish\">Turkish<\/a>. For the sake of viewer convenience, the content is shown below in the alternative language. You may click the link to switch the active language.<\/p><p><\/p>\n<h2 class=\"spot\">Enerji ve Tabii Kaynaklar Bakan\u0131 Fatih D\u00f6nmez, sanayi tesislerine uygulanan elektrik k\u0131s\u0131tlamas\u0131n\u0131n 29 Ocak 2022&#8217;de son buldu\u011funu belirterek do\u011falgazda uygulanan k\u0131s\u0131nt\u0131n\u0131n ise 31 Ocak 2022\u2019tan itibaren %40\u2019tan % 20\u2019ye d\u00fc\u015f\u00fcr\u00fclece\u011fini ifade etti. Konu ile ilgili BOTA\u015e&#8217;tan da bir a\u00e7\u0131klama geldi.<\/h2>\n<p><em>Enerji ve Tabii Kaynaklar Bakan\u0131<\/em> Fatih D\u00f6nmez, <strong>resmi sosyal medya hesab\u0131ndan<\/strong> a\u00e7\u0131klama da <img loading=\"lazy\" class=\"alignright wp-image-150137\" src=\"https:\/\/www.enerjigazetesi.ist\/wp-content\/uploads\/2022\/01\/bakanlik-ve-botas-tan-elektrik-ve-dogalgaz-kesintisine-yonelik-aciklama.jpg\" alt=\"\" width=\"320\" height=\"192\" srcset=\"https:\/\/www.enerjigazetesi.ist\/wp-content\/uploads\/2022\/01\/bakanlik-ve-botas-tan-elektrik-ve-dogalgaz-kesintisine-yonelik-aciklama.jpg 763w, https:\/\/www.enerjigazetesi.ist\/wp-content\/uploads\/2022\/01\/bakanlik-ve-botas-tan-elektrik-ve-dogalgaz-kesintisine-yonelik-aciklama-300x180.jpg 300w, https:\/\/www.enerjigazetesi.ist\/wp-content\/uploads\/2022\/01\/bakanlik-ve-botas-tan-elektrik-ve-dogalgaz-kesintisine-yonelik-aciklama-500x300.jpg 500w, https:\/\/www.enerjigazetesi.ist\/wp-content\/uploads\/2022\/01\/bakanlik-ve-botas-tan-elektrik-ve-dogalgaz-kesintisine-yonelik-aciklama-80x48.jpg 80w\" sizes=\"(max-width: 320px) 100vw, 320px\" \/>bulundu.<\/p>\n<p><strong>Sanayide<\/strong> ya\u015fanan kesintilere y\u00f6nelik D\u00f6nmez, <em>Sanayi tesislerine uygulanan elektrik k\u0131s\u0131tlamas\u0131n\u0131n <strong>29 Ocak itibar\u0131<\/strong>yla kald\u0131r\u0131larak son buldu\u011funu ve do\u011falgazda <strong>uygulanan k\u0131s\u0131nt\u0131n\u0131n<\/strong>\u00a0ise <strong>31 Ocak<\/strong>&#8216;tan itibaren <strong>% 40<\/strong>&#8216;tan <strong>% 20<\/strong>&#8216;ye d\u00fc\u015f\u00fcr\u00fclece\u011fini. Sanayicilerin ise bu s\u00fcre\u00e7te g\u00f6sterdi\u011fi anlay\u0131\u015f ve i\u015f birli\u011finden \u00f6t\u00fcr\u00fc te\u015fekk\u00fcr ederiz.<\/em>\u00a0payla\u015f\u0131m\u0131nda bulundu.<\/p>\n<h3><strong>BOTA\u015e\u2019TAN DA A\u00c7IKLAMA GELD\u0130<\/strong><\/h3>\n<p><strong>\u0130ran\u2019dan<\/strong> gelen do\u011falgaz kesintisiyle ilgili<strong> BOTA\u015e\u2019tan<\/strong> yap\u0131lan a\u00e7\u0131klamada ise <span style=\"text-decoration: underline;\">\u015fu ifadelere yer verildi:<\/span><\/p>\n<p>&#8211; Bilindi\u011fi gibi \u00fclkemize <strong>G\u00fcrbulak-A\u011fr\u0131 giri\u015f noktas\u0131<\/strong>ndan sa\u011flanan <strong>do\u011falgaz arz\u0131<\/strong>n\u0131n, \u0130ran taraf\u0131ndaki<strong> do\u011falgaz iletim sisteminde<\/strong> meydana gelen bir ar\u0131za nedeniyle<strong> 20.01.2022<\/strong>&#8216;den itibaren <strong>10 g\u00fcn s\u00fcre<\/strong> ile yap\u0131lamayaca\u011f\u0131 bildirilmi\u015fti.<\/p>\n<p>&#8211; \u0130ran&#8217;dan \u00fclkemize <strong>gaz arz\u0131<\/strong> test ama\u00e7l\u0131<strong> s\u0131n\u0131rl\u0131 miktarda ba\u015flam\u0131\u015f olup<\/strong> BOTA\u015e&#8217;\u0131n sanayi t\u00fcketicilerine yapm\u0131\u015f oldu\u011fu<strong> % 40<\/strong> k\u0131s\u0131nt\u0131 oran\u0131 <strong>31.01.2022<\/strong> tarih ve saat<strong> 08.00<\/strong> itibari ile <strong>% 20<\/strong>&#8216;ye d\u00fc\u015f\u00fcr\u00fclm\u00fc\u015ft\u00fcr.<\/p>\n<p>&#8211; Sanayicilerimize g\u00f6stermi\u015f olduklar\u0131 <strong>anlay\u0131\u015f<\/strong> ve <strong>i\u015f birli\u011finden dolay\u0131<\/strong> te\u015fekk\u00fcr ederiz. Kamuoyuna sayg\u0131yla duyurulur.<\/p>","protected":false},"excerpt":{"rendered":"<p>Sorry, this entry is only available in Turkish. For the sake of viewer convenience, the content is shown below in the alternative language. You may click the link to switch the active language. Enerji ve Tabii Kaynaklar Bakan\u0131 Fatih D\u00f6nmez, sanayi tesislerine uygulanan elektrik k\u0131s\u0131tlamas\u0131n\u0131n 29 Ocak 2022&#8217;de son buldu\u011funu belirterek do\u011falgazda uygulanan k\u0131s\u0131nt\u0131n\u0131n ise [&hellip;]<\/p>\n","protected":false},"author":1,"featured_media":150137,"comment_status":"open","ping_status":"open","sticky":false,"template":"","format":"standard","meta":[],"categories":[46,51,53],"tags":[531,13665,28750,23219,100567,100566,26353,1333,36491],"views":382,"_links":{"self":[{"href":"https:\/\/www.enerjigazetesi.ist\/en\/wp-json\/wp\/v2\/posts\/150135"}],"collection":[{"href":"https:\/\/www.enerjigazetesi.ist\/en\/wp-json\/wp\/v2\/posts"}],"about":[{"href":"https:\/\/www.enerjigazetesi.ist\/en\/wp-json\/wp\/v2\/types\/post"}],"author":[{"embeddable":true,"href":"https:\/\/www.enerjigazetesi.ist\/en\/wp-json\/wp\/v2\/users\/1"}],"replies":[{"embeddable":true,"href":"https:\/\/www.enerjigazetesi.ist\/en\/wp-json\/wp\/v2\/comments?post=150135"}],"version-history":[{"count":0,"href":"https:\/\/www.enerjigazetesi.ist\/en\/wp-json\/wp\/v2\/posts\/150135\/revisions"}],"wp:featuredmedia":[{"embeddable":true,"href":"https:\/\/www.enerjigazetesi.ist\/en\/wp-json\/wp\/v2\/media\/150137"}],"wp:attachment":[{"href":"https:\/\/www.enerjigazetesi.ist\/en\/wp-json\/wp\/v2\/media?parent=150135"}],"wp:term":[{"taxonomy":"category","embeddable":true,"href":"https:\/\/www.enerjigazetesi.ist\/en\/wp-json\/wp\/v2\/categories?post=150135"},{"taxonomy":"post_tag","embeddable":true,"href":"https:\/\/www.enerjigazetesi.ist\/en\/wp-json\/wp\/v2\/tags?post=150135"}],"curies":[{"name":"wp","href":"https:\/\/api.w.org\/{rel}","templated":true}]}}