{"id":1501,"date":"2012-08-16T09:26:54","date_gmt":"2012-08-16T06:26:54","guid":{"rendered":"https:\/\/www.enerjigazetesi.ist\/?p=1501"},"modified":"2012-08-16T09:26:54","modified_gmt":"2012-08-16T06:26:54","slug":"petrol-sessiz-sedasiz-ucuyor","status":"publish","type":"post","link":"https:\/\/www.enerjigazetesi.ist\/en\/petrol-sessiz-sedasiz-ucuyor\/","title":{"rendered":"(Turkish) Petrol Sessiz Sedas\u0131z U\u00e7uyor"},"content":{"rendered":"<p class=\"qtranxs-available-languages-message qtranxs-available-languages-message-en\">Sorry, this entry is only available in <a href=\"https:\/\/www.enerjigazetesi.ist\/tr\/wp-json\/wp\/v2\/posts\/1501\" class=\"qtranxs-available-language-link qtranxs-available-language-link-tr\" title=\"Turkish\">Turkish<\/a>. For the sake of viewer convenience, the content is shown below in the alternative language. You may click the link to switch the active language.<\/p><p><strong>Merkez bankalar\u0131n\u0131n ekonomiyi canland\u0131rmak i\u00e7in para basaca\u011f\u0131 ve Ortado\u011fu\u2019da yeni bir sava\u015f\u0131n \u00e7\u0131kaca\u011f\u0131na y\u00f6nelik endi\u015feler nedeniyle petrol fiyatlar\u0131ndaki y\u00fckseli\u015f son 1.5 ayda y\u00fczde 30&#8217;u a\u015ft\u0131.<\/strong><\/p>\n<p><img loading=\"lazy\" class=\"alignright size-medium wp-image-1502\" title=\"petrol-fiyatlari-artis\" src=\"https:\/\/www.enerjigazetesi.ist\/wp-content\/uploads\/2012\/08\/petrol-fiyatlari-artis-300x199.jpg\" alt=\"\" width=\"300\" height=\"199\" srcset=\"https:\/\/www.enerjigazetesi.ist\/wp-content\/uploads\/2012\/08\/petrol-fiyatlari-artis-300x199.jpg 300w, https:\/\/www.enerjigazetesi.ist\/wp-content\/uploads\/2012\/08\/petrol-fiyatlari-artis-500x331.jpg 500w, https:\/\/www.enerjigazetesi.ist\/wp-content\/uploads\/2012\/08\/petrol-fiyatlari-artis-75x50.jpg 75w, https:\/\/www.enerjigazetesi.ist\/wp-content\/uploads\/2012\/08\/petrol-fiyatlari-artis.jpg 600w\" sizes=\"(max-width: 300px) 100vw, 300px\" \/>Brent petrol\u00fcn varil fiyat\u0131 Mart ay\u0131nda \u0130ran\u2019\u0131n kendisine kar\u015f\u0131 uygulanan yapt\u0131r\u0131mlara kar\u015f\u0131, d\u00fcnyan\u0131n en b\u00fcy\u00fck petrol nakliyat ge\u00e7i\u015flerinden biri olan H\u00fcrm\u00fcz Bo\u011faz\u0131n\u0131 kapataca\u011f\u0131na y\u00f6nelik a\u00e7\u0131klamalar\u0131 ile 128 dolara kadar \u00e7\u0131km\u0131\u015ft\u0131. Ancak sonras\u0131nda d\u00fcnyan\u0131n en b\u00fcy\u00fck petrol \u00fcreticilerinden Suudi Arabistan\u2019\u0131n, petrol nakliyat\u0131 i\u00e7in yeni rotalar belirleyebileceklerini a\u00e7\u0131klamas\u0131n\u0131n ard\u0131ndan petrol fiyatlar\u0131 kademeli olarak d\u00fc\u015ft\u00fc.<\/p>\n<p><strong>PETROLDE SERT HAREKETLER<\/strong><\/p>\n<p>Y\u0131la 107 dolardan ba\u015flayan Brent petrol, Haziran sonlar\u0131nda 88 dolara kadar gerilirken A\u011fustos ortas\u0131 itibariyle 113 dolar\u0131n \u00fcst\u00fcne \u00e7\u0131km\u0131\u015f durumda.<\/p>\n<p>\u00a0Petrol fiyatlar\u0131 k\u00fcresel ekonominin yava\u015flad\u0131\u011f\u0131 ve petrol talebinin olduk\u00e7a d\u00fc\u015f\u00fck oldu\u011fu bir d\u00f6nemde neredeyse y\u00fczde 30\u2019un \u00fcst\u00fcnde bir de\u011fer art\u0131\u015f\u0131 g\u00f6rd\u00fc.<\/p>\n<p><strong>\u00a0NEDEN Y\u00dcKSEL\u0130YOR?<\/strong><\/p>\n<p>\u00a0Petrol fiyatlar\u0131n\u0131n y\u00fckseli\u015finde temel etken, ABD Merkez Bankas\u0131\u2019n\u0131n (Fed) ekonomiyi canland\u0131rmak i\u00e7in \u00fc\u00e7\u00fcnc\u00fc parasal gev\u015feme paketini a\u00e7\u0131klayaca\u011f\u0131 y\u00f6n\u00fcndeki beklentiler olarak g\u00f6steriliyor.<\/p>\n<p>\u00a0Alman Commerzbank\u2019\u0131n emtia analistlerinden Carsten Fritsch, \u201cPiyasa art\u0131k temel g\u00f6stergelerden farkl\u0131la\u015fm\u0131\u015f durumda. \u015eu anda petrol\u00fcn temel etkeni \u0130ran-\u0130srail kavgas\u0131ndan \u00e7ok ABD\u2019den gelecek parasal geni\u015fleme paketi olarak g\u00f6steriliyor\u201d dedi.<\/p>\n<p>\u00a0Brent petrol bu Pazartesi, Haziran\u2019dan sonundan bu yana y\u00fczde 30\u2019un \u00fczerinde de\u011ferlenerek 115 dolar\u0131 g\u00f6rd\u00fc.<\/p>\n<p>\u00a0Petrol fiyatlar\u0131 k\u00fcresel kriz hen\u00fcz etkisini b\u00fct\u00fcn \u015fiddetiyle hissettirmemi\u015fken, 147 dolar ile t\u00fcm zamanlar\u0131n en y\u00fcksek seviyesine \u00e7\u0131kt\u0131. Ancak bu seviyeyi g\u00f6rd\u00fckten alt\u0131 ay sonra fiyatlar 36 dolar birden geriledi.<\/p>\n<p>\u00a0<strong>F\u0130YATLAR Y\u00dcZDE 14 ARTAB\u0130L\u0130R<\/strong><\/p>\n<p>\u00a0ABD\u2019li banka Merrill Lynch, \u201cFed, \u00fc\u00e7\u00fcnc\u00fc parasal gev\u015feme paketini a\u00e7\u0131klad\u0131ktan sonra, petrol fiyatlar\u0131n\u0131n y\u00fczde 15\u2019e yak\u0131n bir art\u0131\u015f ya\u015fayaca\u011f\u0131n\u0131 s\u00f6yleyebiliriz\u201d dedi.<\/p>\n<p>\u00a0Di\u011fer yandan Fed\u2019in \u00fc\u00e7\u00fcnc\u00fc parasal gev\u015feme paketini a\u00e7\u0131klayaca\u011f\u0131 ise net de\u011fil.<\/p>\n<p>\u00a0Goldman Sachs\u2019\u0131n Varl\u0131k Y\u00f6netim Birimi Ba\u015fkan\u0131 Jim O\u2019Neill, Pazartesi g\u00fcn\u00fc yapt\u0131\u011f\u0131 a\u00e7\u0131klamada Fed\u2019in parasal gev\u015feme paketi a\u00e7\u0131klamas\u0131 i\u00e7in acele etmemesi gerekti\u011fini s\u00f6yledi.<\/p>\n<p>\u00a0Barclays Capital ekonomisti Dean Maki ise \u201cEyl\u00fclde yeni bir parasal geni\u015fleme paketine gerek duymuyoruz\u201d dedi.<\/p>\n<p>Kaynak: <a href=\"http:\/\/piyasanet.hurriyet.com.tr\/haberler\/Petrol-sessiz-sedasz-ucuyor\/?storyId=100885&amp;goToHomePageParam=true&amp;siteLanguage=en\" target=\"_blank\">H\u00fcrriyet<\/a><\/p>","protected":false},"excerpt":{"rendered":"<p>Sorry, this entry is only available in Turkish. For the sake of viewer convenience, the content is shown below in the alternative language. You may click the link to switch the active language.Merkez bankalar\u0131n\u0131n ekonomiyi canland\u0131rmak i\u00e7in para basaca\u011f\u0131 ve Ortado\u011fu\u2019da yeni bir sava\u015f\u0131n \u00e7\u0131kaca\u011f\u0131na y\u00f6nelik endi\u015feler nedeniyle petrol fiyatlar\u0131ndaki y\u00fckseli\u015f son 1.5 ayda y\u00fczde [&hellip;]<\/p>\n","protected":false},"author":1,"featured_media":1502,"comment_status":"open","ping_status":"open","sticky":false,"template":"","format":"standard","meta":[],"categories":[53,44],"tags":[349,348,347],"views":664,"_links":{"self":[{"href":"https:\/\/www.enerjigazetesi.ist\/en\/wp-json\/wp\/v2\/posts\/1501"}],"collection":[{"href":"https:\/\/www.enerjigazetesi.ist\/en\/wp-json\/wp\/v2\/posts"}],"about":[{"href":"https:\/\/www.enerjigazetesi.ist\/en\/wp-json\/wp\/v2\/types\/post"}],"author":[{"embeddable":true,"href":"https:\/\/www.enerjigazetesi.ist\/en\/wp-json\/wp\/v2\/users\/1"}],"replies":[{"embeddable":true,"href":"https:\/\/www.enerjigazetesi.ist\/en\/wp-json\/wp\/v2\/comments?post=1501"}],"version-history":[{"count":2,"href":"https:\/\/www.enerjigazetesi.ist\/en\/wp-json\/wp\/v2\/posts\/1501\/revisions"}],"predecessor-version":[{"id":1504,"href":"https:\/\/www.enerjigazetesi.ist\/en\/wp-json\/wp\/v2\/posts\/1501\/revisions\/1504"}],"wp:featuredmedia":[{"embeddable":true,"href":"https:\/\/www.enerjigazetesi.ist\/en\/wp-json\/wp\/v2\/media\/1502"}],"wp:attachment":[{"href":"https:\/\/www.enerjigazetesi.ist\/en\/wp-json\/wp\/v2\/media?parent=1501"}],"wp:term":[{"taxonomy":"category","embeddable":true,"href":"https:\/\/www.enerjigazetesi.ist\/en\/wp-json\/wp\/v2\/categories?post=1501"},{"taxonomy":"post_tag","embeddable":true,"href":"https:\/\/www.enerjigazetesi.ist\/en\/wp-json\/wp\/v2\/tags?post=1501"}],"curies":[{"name":"wp","href":"https:\/\/api.w.org\/{rel}","templated":true}]}}