{"id":150068,"date":"2022-01-28T14:33:54","date_gmt":"2022-01-28T11:33:54","guid":{"rendered":"https:\/\/www.enerjigazetesi.ist\/?p=150068"},"modified":"2022-01-28T14:33:54","modified_gmt":"2022-01-28T11:33:54","slug":"sentrum-projesi-yesil-cozumler-ve-enerji-verimli-yatirimlari-tesvik-ediyor","status":"publish","type":"post","link":"https:\/\/www.enerjigazetesi.ist\/en\/sentrum-projesi-yesil-cozumler-ve-enerji-verimli-yatirimlari-tesvik-ediyor\/","title":{"rendered":"(Turkish) &#8217;SENTRUM Projesi&#8217; Ye\u015fil \u00c7\u00f6z\u00fcmler ve Enerji Verimli Yat\u0131r\u0131mlar\u0131 Te\u015fvik Ediyor"},"content":{"rendered":"<p class=\"qtranxs-available-languages-message qtranxs-available-languages-message-en\">Sorry, this entry is only available in <a href=\"https:\/\/www.enerjigazetesi.ist\/tr\/wp-json\/wp\/v2\/posts\/150068\" class=\"qtranxs-available-language-link qtranxs-available-language-link-tr\" title=\"Turkish\">Turkish<\/a>. For the sake of viewer convenience, the content is shown below in the alternative language. You may click the link to switch the active language.<\/p><p><\/p>\n<h2>Enerjisa Enerji, Sabanc\u0131 \u00dcniversitesi ve Birle\u015fmi\u015f Milletler Kalk\u0131nma Program\u0131 (UNDP) taraf\u0131ndan Ayval\u0131k K\u00fc\u00e7\u00fckk\u00f6y\u2019\u00fc s\u00fcrd\u00fcr\u00fclebilir enerji temelli bir turizm uygulama merkezi haline getirmek i\u00e7in ge\u00e7ti\u011fimiz A\u011fustos ay\u0131nda duyurulan SENTRUM projesinde ilk faz \u00e7al\u0131\u015fmalar\u0131 tamamland\u0131. SENTRUM,<strong>\u00a0<\/strong>T\u00fcrk ekonomisinin en \u00f6nemli sekt\u00f6rleri aras\u0131nda yer alan turizm sekt\u00f6r\u00fcn\u00fcn yenilenebilir enerjiye eri\u015fimini art\u0131rmay\u0131 ve enerji verimlili\u011fi potansiyelini geli\u015ftirerek s\u00fcrd\u00fcr\u00fclebilir bir yap\u0131ya d\u00f6n\u00fc\u015fmesine katk\u0131 sa\u011flamay\u0131 hedefliyor.<\/h2>\n<p>T\u00fcrkiye\u2019ye<strong> \u201cye\u015fil destinasyon modeli\u201d<\/strong> ile \u00f6rnek olmaya haz\u0131rlanan K\u00fc\u00e7\u00fckk\u00f6y\u2019de turizm i\u015fletmeleri ve kamu binalar\u0131nda <strong>enerji verimlili\u011fi, yenilenebilir enerji<\/strong> ve di\u011fer <strong>s\u00fcrd\u00fcr\u00fclebilir turizm uygulamalar\u0131n\u0131 yayg\u0131nla\u015ft\u0131rmaya<\/strong> y\u00f6nelik \u00e7al\u0131\u015fmalar son h\u0131z\u0131yla devam ediyor.<\/p>\n<h3><strong>Ye\u015fil \u00e7\u00f6z\u00fcmler ve enerji verimli uygulamalar artacak<\/strong><\/h3>\n<p>Bu kapsamda b\u00f6lgede bulunan turizm sekt\u00f6r\u00fcndeki<strong> 8 k\u00fc\u00e7\u00fck \u00f6l\u00e7ekli i\u015fletmeye<\/strong> y\u00f6nelik<strong> \u00f6n et\u00fct <img loading=\"lazy\" class=\"alignright wp-image-150070\" src=\"https:\/\/www.enerjigazetesi.ist\/wp-content\/uploads\/2022\/01\/sentrum-projesi-yesil-cozumler-ve-enerji-verimli-yatirimlari-tesvik-ediyor-2.jpg\" alt=\"\" width=\"320\" height=\"229\" srcset=\"https:\/\/www.enerjigazetesi.ist\/wp-content\/uploads\/2022\/01\/sentrum-projesi-yesil-cozumler-ve-enerji-verimli-yatirimlari-tesvik-ediyor-2.jpg 550w, https:\/\/www.enerjigazetesi.ist\/wp-content\/uploads\/2022\/01\/sentrum-projesi-yesil-cozumler-ve-enerji-verimli-yatirimlari-tesvik-ediyor-2-300x214.jpg 300w, https:\/\/www.enerjigazetesi.ist\/wp-content\/uploads\/2022\/01\/sentrum-projesi-yesil-cozumler-ve-enerji-verimli-yatirimlari-tesvik-ediyor-2-500x357.jpg 500w, https:\/\/www.enerjigazetesi.ist\/wp-content\/uploads\/2022\/01\/sentrum-projesi-yesil-cozumler-ve-enerji-verimli-yatirimlari-tesvik-ediyor-2-70x50.jpg 70w\" sizes=\"(max-width: 320px) 100vw, 320px\" \/>\u00e7al\u0131\u015fmas\u0131<\/strong> yap\u0131larak i\u015fletmelerde enerji t\u00fcketim noktalar\u0131n\u0131n mevcut durumu, <strong>enerji performans\u0131n\u0131n analizi, enerji verimlili\u011fi<\/strong> ve <strong>tasarruf imkanlar\u0131<\/strong> de\u011ferlendirildi. Bu i\u015fletmelerde \u00f6ne \u00e7\u0131kan verimlilik alan\u0131 ayd\u0131nlatma olarak tespit edildi. Sadece kullan\u0131lan ampullerin<strong> LED ampuller<\/strong> ile de\u011fi\u015ftirilmesiyle <strong>%80-95<\/strong> oran\u0131nda <strong>enerji tasarruf<\/strong> edilebilecek.<\/p>\n<p>\u0130\u015fletmeler baz\u0131nda ger\u00e7ekle\u015ftirilen bu \u00e7al\u0131\u015fmayla birlikte b\u00f6lgede se\u00e7ilecek i\u015fletmelere kulland\u0131klar\u0131 verimsiz ekipmanlar\u0131 yenileyebilmeleri i\u00e7in destek verilecek. Buna ek olarak, <strong>enerji, \u00e7evre<\/strong> ve <strong>s\u00fcrd\u00fcr\u00fclebilir turizm<\/strong> konular\u0131nda i\u015fletme sahipleri ve <strong>b\u00f6lge halk\u0131na bilin\u00e7lendirici<\/strong> ve <strong>fark\u0131ndal\u0131k art\u0131r\u0131c\u0131 e\u011fitim<\/strong> ve<strong> etkinlikler<\/strong> d\u00fczenlenecek.<\/p>\n<p>B\u00f6lgenin \u00f6nemli gelir kaynaklar\u0131ndan biri olan tar\u0131m\u0131 da desteklemek amac\u0131yla sorumlu \u00fcretim ve t\u00fcketim \u00e7er\u00e7evesinde yereldeki \u00fcreticilerle i\u015f birli\u011fi sa\u011flanarak <strong>tar\u0131m<\/strong> ve <strong>turizmin<\/strong> birbirini desteklemesi sa\u011flanacak.<\/p>\n<p>Ayr\u0131ca, b\u00f6lgenin <strong>ye\u015fil destinasyon olmas\u0131<\/strong> \u00e7al\u0131\u015fmalar\u0131 kapsam\u0131nda turizm de\u011ferleri tespit edilerek k\u00fcresel \u00f6l\u00e7ekte <strong>ye\u015fil destinasyon standartlar\u0131<\/strong> ve farkl\u0131 \u00fclkelerdeki iyi uygulamalar incelendi.<\/p>\n<h3><strong>B\u00f6lgedeki simge yap\u0131lara yenilik\u00e7i enerji uygulamalar\u0131 tesis ediliyor<\/strong><\/h3>\n<p><strong>S\u00fcrd\u00fcr\u00fclebilir turizm uygulamalar\u0131<\/strong>na \u00f6nc\u00fcl\u00fck edebilecek bir bak\u0131\u015f a\u00e7\u0131s\u0131yla, \u00e7al\u0131\u015fma kapsam\u0131ndaki binalar\u0131n yap\u0131lar\u0131n\u0131 bozmadan <strong>enerji verimlili\u011fi sa\u011flanarak<\/strong> kendine yetecek yap\u0131lar olu\u015fturulmas\u0131 hedefleniyor. <strong>Halis Komili \u0130lk\u00f6\u011fretim Okulu, K\u00fc\u00e7\u00fckk\u00f6y K\u00fclt\u00fcr Merkezi, K\u00fc\u00e7\u00fckk\u00f6y Merkez Camii, \u015eehir M\u00fczesi ve Yarat\u0131c\u0131 Teknolojiler At\u00f6lyesi<\/strong>nde ger\u00e7ekle\u015ftirilen<strong> et\u00fct \u00e7al\u0131\u015fmalar\u0131<\/strong> ile <strong>enerjinin verimli kullan\u0131laca\u011f\u0131<\/strong> alanlar ve iyile\u015ftirilmesi gereken noktalar ele al\u0131nd\u0131. Bu \u00e7al\u0131\u015fma sayesinde enerjisini etkin kullanan, kulland\u0131\u011f\u0131 enerjiyi ise do\u011fadan alan yap\u0131lar\u0131n olu\u015fturulmas\u0131 b\u00f6lgede rol model olacak ve <strong>s\u00fcrd\u00fcr\u00fclebilirlik hedeflerine<\/strong> bir ad\u0131m daha yakla\u015f\u0131lacak. \u0130\u015fimin Enerjisi \u00e7at\u0131s\u0131 alt\u0131nda yer alan <strong>G\u00fcne\u015f Enerji Sistemi, LED Ayd\u0131nlatma D\u00f6n\u00fc\u015f\u00fcm\u00fc<\/strong> ve<strong> E\u015farj<\/strong> ile <strong>Elektrikli Ara\u00e7lar \u015earj \u0130stasyonu \u00e7\u00f6z\u00fcmleri<\/strong>ni entegre edecek olan <strong>Enerjisa Enerji<\/strong>, b\u00f6ylece<strong> SENTRUM projesi<\/strong> kapsam\u0131ndaki \u00e7al\u0131\u015fmalara <strong>5 milyon TL<\/strong> kaynak aktarm\u0131\u015f olacak.<\/p>\n<p>SENTRUM projesindeki mevcut durumla ilgili konu\u015fan <strong>Enerjisa Enerji S\u00fcrd\u00fcr\u00fclebilirlik ve Kurumsal Yetkinlikler B\u00f6l\u00fcm Ba\u015fkan\u0131 Ebru Ta\u015f\u00e7\u0131o\u011flu:<\/strong> <em>\u201cB\u00f6lge ve \u00fclke turizminin gelece\u011fine de\u011fer kataca\u011f\u0131na inand\u0131\u011f\u0131m\u0131z SENTRUM projesi K\u00fc\u00e7\u00fckk\u00f6y\u2019\u00fcn potansiyelini ortaya \u00e7\u0131kartmas\u0131na yard\u0131mc\u0131 olacak ve bu potansiyeli hak etti\u011fi noktaya ta\u015f\u0131yacakt\u0131r. Lansman\u0131m\u0131z\u0131n ard\u0131ndan b\u00f6lge halk\u0131ndan ve yerel y\u00f6netimlerden olumlu d\u00f6n\u00fc\u015fler al\u0131yoruz ve bu da bizi olduk\u00e7a heyecanland\u0131r\u0131yor ve motive ediyor. Projemizin kapsam\u0131n\u0131 b\u00f6lgedeki turizm i\u015fletmeleriyle, binalarla ve m\u00fczelerle s\u0131n\u0131rl\u0131 tutmayaca\u011f\u0131z. Enerjisa Enerji olarak b\u00fcy\u00fck bir d\u00f6n\u00fc\u015f\u00fcm\u00fcn ba\u015flang\u0131c\u0131 olacak bu s\u00fcrece, s\u00fcrd\u00fcr\u00fclebilirlik oda\u011f\u0131ndaki,<strong> enerji verimlili\u011fi, tasarruf, karbon sal\u0131m\u0131n\u0131n azalt\u0131lmas\u0131, yenilenebilir enerji kaynaklar\u0131n\u0131n kullan\u0131m\u0131n\u0131n te\u015fvik edilmesi<\/strong> gibi konular\u0131 bir arada de\u011ferlendirdi\u011fimiz \u201c<strong>\u0130\u015fimin Enerjisi\u201d\u00a0<\/strong>\u00e7at\u0131s\u0131 alt\u0131ndaki \u00fcr\u00fcnlerin entegrasyonu ile destek veriyoruz. Bu g\u00f6r\u00fc\u015fle hareket ederek daha ye\u015fil bir d\u00fcnya i\u00e7in \u00fclkemizin ve enerji sekt\u00f6r\u00fcn\u00fcn gelece\u011fine katk\u0131 sa\u011flayacak projelere imza atmaya devam edece\u011fiz.<\/em><\/p>\n<p><em>Ayr\u0131ca bug\u00fcn buraya 11 y\u0131ldan bu yana s\u00fcrd\u00fcrd\u00fc\u011f\u00fcm\u00fcz <strong>Enerjimi Koruyorum \u00c7ocuk Tiyatromuz<\/strong> ile gelerek ayn\u0131 zamanda b\u00f6lge halk\u0131n\u0131n ve<strong> \u00e7ocuklar\u0131m\u0131z\u0131n enerji verimlili\u011fi <\/strong>ve<strong> s\u00fcrd\u00fcr\u00fclebilir turizm konusunda<\/strong> fark\u0131ndal\u0131\u011f\u0131n\u0131 art\u0131rmaya katk\u0131 sa\u011flamay\u0131 ama\u00e7l\u0131yoruz.\u201d<\/em> dedi.<\/p>\n<p><strong>UNDP T\u00fcrkiye Kamu Sekt\u00f6r\u00fc ve Sosyal Politikalar Portf\u00f6y\u00fc Y\u00f6neticisi<\/strong> <strong>Mustafa Ali Yurdupak\u00a0<\/strong>ise\u00a0projeye ili\u015fkin; \u201cUNDP olarak uzun y\u0131llard\u0131r s\u00fcrd\u00fcr\u00fclebilir kalk\u0131nmay\u0131 desteklemek amac\u0131yla T\u00fcrkiye\u2019nin farkl\u0131 b\u00f6lgelerinde<strong> s\u00fcrd\u00fcr\u00fclebilir turizm, enerji verimlili\u011fi<\/strong> ve <strong>yenilenebilir enerji kaynaklar\u0131n\u0131n kullan\u0131lmas\u0131<\/strong> ile ilgili \u00e7al\u0131\u015fmalar y\u00fcr\u00fct\u00fcyoruz. K\u00fc\u00e7\u00fckk\u00f6y\u2019de ger\u00e7ekle\u015ftirdi\u011fimiz <strong>SENTRUM projesi<\/strong> bu alanlardaki deneyimimizi aktard\u0131\u011f\u0131m\u0131z ve<strong> yerel ekonomik kalk\u0131nmaya da<\/strong> katk\u0131s\u0131 olaca\u011f\u0131na inand\u0131\u011f\u0131m\u0131z bir giri\u015fim.<\/p>\n<p>Hedefimiz; olu\u015fturmaya \u00e7al\u0131\u015ft\u0131\u011f\u0131m\u0131z<strong> ye\u015fil destinasyon modeli<\/strong> ile <strong>K\u00fc\u00e7\u00fckk\u00f6y\u2019\u00fc<\/strong> ticari i\u015fletmelerden kamu binalar\u0131na her alanda<strong> enerji verimlili\u011finin<\/strong> sa\u011fland\u0131\u011f\u0131, <strong>yenilenebilir enerji uygulamalar\u0131n\u0131n<\/strong> oldu\u011fu, <strong>i\u015fletmelerin tar\u0131msal \u00fcr\u00fcnlerini<\/strong> yerel \u00fcreticiden tedarik etti\u011fi, <strong>suyunu verimli kullanan, at\u0131klar\u0131n\u0131 ayr\u0131\u015ft\u0131ran<\/strong>, b\u00f6lge halk\u0131n\u0131n k\u00fclt\u00fcr\u00fcn\u00fc koruyan ve ziyaret\u00e7ilerin sadece yaz aylar\u0131nda de\u011fil d\u00f6rt mevsim ziyaret etmek isteyecekleri bir destinasyona d\u00f6n\u00fc\u015ft\u00fcrmek. B\u00f6lgede yapaca\u011f\u0131m\u0131z uygulamalar ve e\u011fitimlerle <strong>s\u00fcrd\u00fcr\u00fclebilir turizm<\/strong> ve <strong>enerji<\/strong> konular\u0131nda topyek\u00fbn bir fark\u0131ndal\u0131k yarataca\u011f\u0131m\u0131za inan\u0131yorum.\u201d dedi.<\/p>\n<p><strong>Sabanc\u0131 \u00dcniversitesi Genel Sekreteri Rasim Karas ise <\/strong><em>&#8220;Sabanc\u0131 \u00dcniversitesi olarak her zaman birlikte yaratmak ve geli\u015ftirmenin g\u00fcc\u00fcne inanmaktay\u0131z. Bu do\u011frultuda \u00f6zel sekt\u00f6r, kamu ve sanayi kurulu\u015flar\u0131 ile i\u015f birlikleri ger\u00e7ekle\u015ftirerek topluma katk\u0131 sa\u011flayan proje ve \u00e7al\u0131\u015fmalara imza at\u0131yoruz. D\u00fcnyan\u0131n problemlerinden haberdar, sorunlara \u00e7\u00f6z\u00fcm bulma iste\u011fi ve yetisi olan, <strong>s\u00fcrd\u00fcr\u00fclebilir kalk\u0131nmay\u0131<\/strong> ger\u00e7ekle\u015ftirebilecek bireyler yeti\u015ftirmeyi hedeflemek amac\u0131yla 2019 y\u0131l\u0131nda hayata ge\u00e7irdi\u011fimiz<strong> Sabanc\u0131 \u00dcniversitesi Yarat\u0131c\u0131 Teknolojiler At\u00f6lyesi<\/strong>\u2019nde bug\u00fcne kadar<strong> 24 farkl\u0131<\/strong> okuldan <strong>1649 \u00f6\u011frenciye<\/strong> bilim ve teknoloji a\u011f\u0131rl\u0131kl\u0131 e\u011fitimler sunduk.<\/em><\/p>\n<p><em>\u015eimdi de <strong>Sabanc\u0131 \u00dcniversitesi Yarat\u0131c\u0131 Teknolojiler At\u00f6lyesi<\/strong> ev sahipli\u011findeki <strong>SENTRUM Projesi<\/strong>\u2019nde <strong>Enerjisa Enerji<\/strong> ve<strong> UNDP<\/strong> ile ortak hareket ederek, <strong>K\u00fc\u00e7\u00fckk\u00f6y<\/strong>\u2019\u00fc <strong>S\u00fcrd\u00fcr\u00fclebilir Ye\u015fil Destinasyon Modeli<\/strong>\u2019ne d\u00f6n\u00fc\u015ft\u00fcr\u00fcyoruz. \u00c7ok k\u0131sa s\u00fcrede hayata ge\u00e7irdi\u011fimiz ve proje sonu\u00e7lar\u0131n\u0131 g\u00f6zlemleyebildi\u011fimiz SENTRUM projesi <strong>ye\u015fil turizmi desteklemek<\/strong> i\u00e7in \u00f6nc\u00fc olacak. <strong>Yarat\u0131c\u0131 Teknolojiler At\u00f6lyesi<\/strong>\u2019nin b\u00f6ylesine \u00f6nemli bir projeye ev sahipli\u011fi yapmas\u0131ndan dolay\u0131 gurur duyuyoruz.&#8221;<\/em>\u00a0dedi.<\/p>\n<p>Yerelde <strong>sahiplenme<\/strong> ve <strong>kapsay\u0131c\u0131l\u0131\u011f\u0131<\/strong> sa\u011flamak \u00fczere, proje faaliyetlerine ayn\u0131 zamanda<strong> belediyeler,<\/strong> ilgili <strong>kamu kurumlar\u0131, STK\u2019lar, \u00fcniversiteler<\/strong> ve <strong>b\u00f6lge halk\u0131n\u0131n kat\u0131l\u0131m\u0131<\/strong> da sa\u011flanacak. Bu amaca y\u00f6nelik olarak <strong>K\u00fc\u00e7\u00fckk\u00f6y\u2019de<\/strong> bulunan <strong>Sabanc\u0131 \u00dcniversitesi Yarat\u0131c\u0131 Teknolojiler At\u00f6lyesi<\/strong>\u2019nde olu\u015fturulacak <strong>Ye\u015fil Enerji Merkezi<\/strong> ile <strong>enerji verimlili\u011fi<\/strong> ve<strong> yenilenebilir enerji alan\u0131nda<\/strong> fark\u0131ndal\u0131k art\u0131r\u0131lacak.<\/p>\n<p><strong>Enerjisa Enerji, Sabanc\u0131 \u00dcniversitesi<\/strong> ve <strong>UNDP<\/strong> ortakl\u0131\u011f\u0131nda<strong> A\u011fustos 2021<\/strong>\u2019de lansman\u0131 yap\u0131lan <strong>S\u00fcrd\u00fcr\u00fclebilir Enerji Temelli Turizm Uygulama Merkezi (SENTRUM)<\/strong> giri\u015fiminin<strong> 18 ayl\u0131k<\/strong> s\u00fcrenin sonunda tamamlanmas\u0131 hedefleniyor.<\/p>\n<p><strong>*S\u00fcrd\u00fcr\u00fclebilir Kalk\u0131nma Ama\u00e7lar\u0131 hakk\u0131nda bilgi i\u00e7in:<\/strong> <a href=\"https:\/\/www.kureselamaclar.org\/\" target=\"_blank\" rel=\"noopener\"><u>kureselamaclar.org<\/u><\/a>\u00a0adresini ziyaret edebilirsiniz.<\/p>","protected":false},"excerpt":{"rendered":"<p>Sorry, this entry is only available in Turkish. For the sake of viewer convenience, the content is shown below in the alternative language. You may click the link to switch the active language. Enerjisa Enerji, Sabanc\u0131 \u00dcniversitesi ve Birle\u015fmi\u015f Milletler Kalk\u0131nma Program\u0131 (UNDP) taraf\u0131ndan Ayval\u0131k K\u00fc\u00e7\u00fckk\u00f6y\u2019\u00fc s\u00fcrd\u00fcr\u00fclebilir enerji temelli bir turizm uygulama merkezi haline getirmek [&hellip;]<\/p>\n","protected":false},"author":1,"featured_media":150071,"comment_status":"open","ping_status":"open","sticky":false,"template":"","format":"standard","meta":[],"categories":[51,53,52],"tags":[100526,55424,26559,37825,1075,95237,100529,99022,100527,26829,100528],"views":261,"_links":{"self":[{"href":"https:\/\/www.enerjigazetesi.ist\/en\/wp-json\/wp\/v2\/posts\/150068"}],"collection":[{"href":"https:\/\/www.enerjigazetesi.ist\/en\/wp-json\/wp\/v2\/posts"}],"about":[{"href":"https:\/\/www.enerjigazetesi.ist\/en\/wp-json\/wp\/v2\/types\/post"}],"author":[{"embeddable":true,"href":"https:\/\/www.enerjigazetesi.ist\/en\/wp-json\/wp\/v2\/users\/1"}],"replies":[{"embeddable":true,"href":"https:\/\/www.enerjigazetesi.ist\/en\/wp-json\/wp\/v2\/comments?post=150068"}],"version-history":[{"count":0,"href":"https:\/\/www.enerjigazetesi.ist\/en\/wp-json\/wp\/v2\/posts\/150068\/revisions"}],"wp:featuredmedia":[{"embeddable":true,"href":"https:\/\/www.enerjigazetesi.ist\/en\/wp-json\/wp\/v2\/media\/150071"}],"wp:attachment":[{"href":"https:\/\/www.enerjigazetesi.ist\/en\/wp-json\/wp\/v2\/media?parent=150068"}],"wp:term":[{"taxonomy":"category","embeddable":true,"href":"https:\/\/www.enerjigazetesi.ist\/en\/wp-json\/wp\/v2\/categories?post=150068"},{"taxonomy":"post_tag","embeddable":true,"href":"https:\/\/www.enerjigazetesi.ist\/en\/wp-json\/wp\/v2\/tags?post=150068"}],"curies":[{"name":"wp","href":"https:\/\/api.w.org\/{rel}","templated":true}]}}