{"id":150062,"date":"2022-01-28T14:09:58","date_gmt":"2022-01-28T11:09:58","guid":{"rendered":"https:\/\/www.enerjigazetesi.ist\/?p=150062"},"modified":"2022-01-28T14:09:58","modified_gmt":"2022-01-28T11:09:58","slug":"epson-uretimde-yeralti-kaynagi-kullanmayacak","status":"publish","type":"post","link":"https:\/\/www.enerjigazetesi.ist\/en\/epson-uretimde-yeralti-kaynagi-kullanmayacak\/","title":{"rendered":"(Turkish) &#8217;Epson&#8217; \u00dcretimde Yeralt\u0131 Kayna\u011f\u0131 Kullanmayacak"},"content":{"rendered":"<p class=\"qtranxs-available-languages-message qtranxs-available-languages-message-en\">Sorry, this entry is only available in <a href=\"https:\/\/www.enerjigazetesi.ist\/tr\/wp-json\/wp\/v2\/posts\/150062\" class=\"qtranxs-available-language-link qtranxs-available-language-link-tr\" title=\"Turkish\">Turkish<\/a>. For the sake of viewer convenience, the content is shown below in the alternative language. You may click the link to switch the active language.<\/p><p><\/p>\n<h2><strong>Epson, Y\u0131ll\u0131k S\u00fcrd\u00fcr\u00fclebilirlik Raporu\u2019nu yay\u0131mlarken k\u0131sa vadede faaliyetlerinde % 100 yenilenebilir enerjiye ge\u00e7meyi hedeflenirken 2050 y\u0131l\u0131na gelindi\u011finde ise faaliyetlerinin hi\u00e7birinde yeralt\u0131 fosil kaynaklar\u0131 kullan\u0131lmayacak.<\/strong><\/h2>\n<p>Global teknoloji lideri Epson, <strong>Y\u0131ll\u0131k S\u00fcrd\u00fcr\u00fclebilirlik Raporu<\/strong>\u2019nu a\u00e7\u0131klad\u0131. Rapora g\u00f6re Epson, 2023 y\u0131l\u0131nda faaliyetlerinde <strong>% 100<\/strong> yenilenebilir enerjiye ge\u00e7meyi hedefliyor. <strong>2050 y\u0131l\u0131na<\/strong> kadar ise <img loading=\"lazy\" class=\"alignright wp-image-150065\" src=\"https:\/\/www.enerjigazetesi.ist\/wp-content\/uploads\/2022\/01\/epson-uretimde-yeralti-kaynagi-kullanmayacak-1.jpg\" alt=\"\" width=\"320\" height=\"216\" srcset=\"https:\/\/www.enerjigazetesi.ist\/wp-content\/uploads\/2022\/01\/epson-uretimde-yeralti-kaynagi-kullanmayacak-1.jpg 499w, https:\/\/www.enerjigazetesi.ist\/wp-content\/uploads\/2022\/01\/epson-uretimde-yeralti-kaynagi-kullanmayacak-1-300x203.jpg 300w, https:\/\/www.enerjigazetesi.ist\/wp-content\/uploads\/2022\/01\/epson-uretimde-yeralti-kaynagi-kullanmayacak-1-74x50.jpg 74w\" sizes=\"(max-width: 320px) 100vw, 320px\" \/>faaliyetlerinin hi\u00e7birinde <strong>yeralt\u0131 fosil kaynaklar\u0131<\/strong> kullan\u0131lmayacak.<\/p>\n<p>Raporda Epson&#8217;un kendi d\u00f6n\u00fc\u015f\u00fcm\u00fcne yapt\u0131\u011f\u0131 yat\u0131r\u0131m\u0131n \u00f6tesinde, her m\u00fc\u015fterinin <strong>s\u00fcrd\u00fcr\u00fclebilir bir gelece\u011fe<\/strong> ula\u015fmas\u0131na yard\u0131mc\u0131 olacak <strong>\u0131s\u0131s\u0131z teknolojiler<\/strong> gibi <strong>inovasyonlar\u0131n<\/strong> ayr\u0131nt\u0131lar\u0131na da yer verildi. Epson, <strong>2030 y\u0131l\u0131na<\/strong> kadar<strong> 1,5\u00b0C<\/strong> senaryosu uyar\u0131nca toplam <strong>emisyonlar\u0131 azaltmay\u0131<\/strong> hedeflerken, <strong>2050\u2019de<\/strong> <strong>karbon negatif<\/strong> ve<strong> s\u0131f\u0131r yeralt\u0131 kayna\u011f\u0131<\/strong> kullan\u0131m\u0131n\u0131 hedefliyor. Epson, \u00fcr\u00fcn ve hizmetlerle tedarik zincirlerinin \u00e7evresel etkilerini azalt\u0131rken, <strong>d\u00f6ng\u00fcsel bir ekonomide<\/strong> s\u00fcrd\u00fcr\u00fclebilirli\u011fi sa\u011flayacak.<\/p>\n<h3><strong>\u0130lk kez 2008\u2019de duyurdu<\/strong><\/h3>\n<p>2008 y\u0131l\u0131nda Epson, 2050 y\u0131l\u0131na kadar \u00e7evresel hedeflerin bir ifadesi olarak <strong>\u00c7evresel Vizyon 2050<\/strong>&#8216;yi olu\u015fturmu\u015ftu. <strong>Birle\u015fmi\u015f Milletler<\/strong>&#8216;in<strong> S\u00fcrd\u00fcr\u00fclebilir Kalk\u0131nma Hedefleri<\/strong>ni (SDG&#8217;ler) kabul etmesi ve <strong>Paris Anla\u015fmas\u0131<\/strong>&#8216;n\u0131n<strong> karbonsuzla\u015ft\u0131rmaya<\/strong> do\u011fru bir rota \u00e7izmesiyle, Epson, 2018&#8217;de \u00e7evre vizyonunu revize etti.<\/p>\n<p>\u015eirket <strong>Mart 2021<\/strong>&#8216;de vizyonunu revize ederek<strong> karbondan ar\u0131nd\u0131rma<\/strong> ve <strong>kaynak geri d\u00f6n\u00fc\u015f\u00fcm\u00fc<\/strong> gibi \u00f6nemli toplumsal sorunlar\u0131 ele alma konusundaki g\u00fc\u00e7l\u00fc kararl\u0131l\u0131\u011f\u0131n\u0131 yans\u0131tan belirli hedefler belirledi.<\/p>\n<h3><strong>Kaynaklar\u0131 tekrar tekrar kullan\u0131yor<\/strong><\/h3>\n<p>Epson, do\u011fal zenginliklerin kullan\u0131m \u015feklini \u00f6nemli \u00f6l\u00e7\u00fcde de\u011fi\u015ftirecek. 2025 y\u0131l\u0131na kadar emisyonlar\u0131n\u0131 <strong>% 44<\/strong>\u2019e varan oranda azaltmay\u0131 planlayan marka, 2050 y\u0131l\u0131ndan itibaren yeralt\u0131 kaynaklar\u0131n\u0131 kullanmayacak. \u015eirket, daha \u00f6nce \u00e7\u0131kar\u0131lan yeralt\u0131 kaynaklar\u0131n\u0131 mevcut yer \u00fcst\u00fc kaynaklar\u0131 olarak kullanacak. Epson ekosistem sermayesinin, ak\u0131ll\u0131ca kullan\u0131l\u0131rsa <strong>yenilenebilir<\/strong> ve <strong>t\u00fckenmez<\/strong> oldu\u011funu d\u00fc\u015f\u00fcn\u00fcyor. Do\u011fal d\u00fcnyada<strong> g\u00fcne\u015f enerjisi kullan\u0131lan tek enerji kayna\u011f<\/strong>\u0131 ve t\u00fcm maddeler <strong>at\u0131k \u00fcretmeden<\/strong> dola\u015f\u0131yor. Epson do\u011fadan \u00f6\u011frenmeye, at\u0131k \u00fcretmekten ka\u00e7\u0131nmaya ve ticari faaliyetlerinde kaynaklar\u0131 tekrar tekrar kullanmaya \u00e7al\u0131\u015f\u0131yor.<\/p>\n<h3><strong>% 100 geri d\u00f6n\u00fc\u015ft\u00fcr\u00fclen kaynaklar<\/strong><\/h3>\n<p>Epson, ticari faaliyetlerinden kaynaklanan t\u00fcm<strong> sera gaz\u0131 emisyonlar\u0131n\u0131n s\u0131n\u0131rland\u0131r\u0131lmas\u0131<\/strong> olarak tan\u0131mlanan <strong>\u2018karbon negatif\u2019<\/strong> olmay\u0131 ama\u00e7l\u0131yor. \u0130lk olarak, <strong>\u00fcretim<\/strong> ve<strong> \u00fcr\u00fcnlerle<\/strong> ilgili <strong>enerji kullan\u0131m\u0131n\u0131<\/strong> en aza indirecek ve yenilenebilir enerji kaynaklar\u0131na ge\u00e7ecek. Epson, kullan\u0131m s\u0131ras\u0131nda daha k\u00fc\u00e7\u00fck <strong>\u00e7evresel ayak izine sahip<\/strong> \u00fcr\u00fcnler sa\u011flayarak m\u00fc\u015fterilerinin <strong>sera gaz\u0131 emisyonlar\u0131n\u0131<\/strong> azalt\u0131yor. Teknoloji devi gelecekte de toplam <strong>kaynak girdilerini azaltmak, at\u0131klar\u0131\/imha etmeyi<\/strong> ortadan kald\u0131rmak ve<strong> % 100 geri d\u00f6n\u00fc\u015ft\u00fcr\u00fclm\u00fc\u015f kaynaklar<\/strong> kullanmak i\u00e7in \u00e7aba g\u00f6sterecek.<\/p>\n<h3><strong>National Geographic ile i\u015fbirli\u011fi<\/strong><\/h3>\n<p>S\u00fcrd\u00fcr\u00fclebilirlik Raporu, Epson&#8217;un m\u00fc\u015fteri odakl\u0131 ve s\u00fcrd\u00fcr\u00fclebilirlik odakl\u0131 inovasyonlar\u0131n\u0131 detayland\u0131r\u0131yor, \u00d6rne\u011fin, <strong>\u0131s\u0131s\u0131z yaz\u0131c\u0131lar\u0131 <\/strong>g\u00fc\u00e7 t\u00fcketimini ve <strong>karbondioksit emisyonlar\u0131<\/strong>n\u0131 <strong>% 83<\/strong>&#8216;e varan oranda azalt\u0131yor. Bu teknolojilerin t\u00fcm Avrupa&#8217;da benimsenmesi, y\u0131ll\u0131k enerji kullan\u0131m\u0131nda <strong>1 milyar kW\/saat<\/strong>\u00a0ve karbondioksit emisyonlar\u0131nda <strong>410.000 ton azalma<\/strong> sa\u011fl\u0131yor. Epson&#8217;un \u0131s\u0131s\u0131z teknolojileri, <a href=\"https:\/\/epson.com\/heat-free-national-geographic\" target=\"_blank\" rel=\"noopener\"><strong>National Geographic<\/strong> ile \u00e7\u00f6z\u00fcm ortakl\u0131\u011f\u0131na ve kurulu\u015fun kutuplardaki donmu\u015f haldeki <strong>toprak tabakas\u0131n\u0131n \u00e7\u00f6z\u00fclmesini <\/strong>ve <\/a>buna e\u015flik eden <strong>metan emisyonlar\u0131ndaki art\u0131\u015f\u0131 tersine \u00e7evirmeye<\/strong> y\u00f6nelik \u00e7abalar\u0131na ilham kayna\u011f\u0131 oluyor.<\/p>\n<p><strong>Epson CEO\u2019su Yasunori Ogawa<\/strong> raporda \u015funlar\u0131 ifade ediyor: <em>\u201c\u0130nsanlar her zaman zenginle\u015fmeyi arad\u0131lar ancak odak noktas\u0131 maddi ve ekonomik zenginlikti. Bu zenginlik arzusu, <strong>\u00e7evresel sorunlara katk\u0131da<\/strong> bulundu. \u0130leriye d\u00f6n\u00fck olarak, sadece kendimizi de\u011fil, <strong>d\u00fcnyan\u0131n geri kalan\u0131n\u0131<\/strong> ve bir b\u00fct\u00fcn olarak <strong>k\u00fcresel \u00e7evreyi zenginle\u015ftirmek<\/strong> gerekiyor. <strong>S\u00fcrd\u00fcr\u00fclebilirlik<\/strong> bunu ba\u015farmak i\u00e7in temel bir ihtiya\u00e7. Epson olarak hedeflerimizi<strong> revize ettik<\/strong> ve buna ula\u015fmak i\u00e7in vizyon belirledik. <strong>Epson&#8217;lar<\/strong> benzersiz <strong>Micro Piezo inkjet teknolojisi<\/strong> ile \u00e7evresel etkilerin azalt\u0131lmas\u0131na yard\u0131mc\u0131 oluyor. Ayr\u0131ca t\u00fcm faaliyetlerimizde <strong>\u00e7evresel eylemlerimizi<\/strong> h\u0131zland\u0131raca\u011f\u0131z. M\u00fc\u015fterilerimiz ve ortaklar\u0131m\u0131zla birlikte \u00e7al\u0131\u015farak \u00e7abalar\u0131m\u0131z\u0131 daha da h\u0131zland\u0131racak ve s\u00fcrd\u00fcr\u00fclebilirli\u011fin sa\u011flanmas\u0131na ve topluluklar\u0131n zenginle\u015fmesine katk\u0131da bulunaca\u011f\u0131z.\u201d<\/em><\/p>\n<p><strong>Raporun Tamam\u0131 <a href=\"https:\/\/global.epson.com\/SR\/report\/\" target=\"_blank\" rel=\"noopener\">\u0130\u00e7in TIKLAYIN&gt;&gt;&gt;<\/a><\/strong><\/p>","protected":false},"excerpt":{"rendered":"<p>Sorry, this entry is only available in Turkish. For the sake of viewer convenience, the content is shown below in the alternative language. You may click the link to switch the active language. Epson, Y\u0131ll\u0131k S\u00fcrd\u00fcr\u00fclebilirlik Raporu\u2019nu yay\u0131mlarken k\u0131sa vadede faaliyetlerinde % 100 yenilenebilir enerjiye ge\u00e7meyi hedeflenirken 2050 y\u0131l\u0131na gelindi\u011finde ise faaliyetlerinin hi\u00e7birinde yeralt\u0131 fosil [&hellip;]<\/p>\n","protected":false},"author":1,"featured_media":150066,"comment_status":"open","ping_status":"open","sticky":false,"template":"","format":"standard","meta":[],"categories":[53,52],"tags":[99579,89462,89463,872,105],"views":195,"_links":{"self":[{"href":"https:\/\/www.enerjigazetesi.ist\/en\/wp-json\/wp\/v2\/posts\/150062"}],"collection":[{"href":"https:\/\/www.enerjigazetesi.ist\/en\/wp-json\/wp\/v2\/posts"}],"about":[{"href":"https:\/\/www.enerjigazetesi.ist\/en\/wp-json\/wp\/v2\/types\/post"}],"author":[{"embeddable":true,"href":"https:\/\/www.enerjigazetesi.ist\/en\/wp-json\/wp\/v2\/users\/1"}],"replies":[{"embeddable":true,"href":"https:\/\/www.enerjigazetesi.ist\/en\/wp-json\/wp\/v2\/comments?post=150062"}],"version-history":[{"count":0,"href":"https:\/\/www.enerjigazetesi.ist\/en\/wp-json\/wp\/v2\/posts\/150062\/revisions"}],"wp:featuredmedia":[{"embeddable":true,"href":"https:\/\/www.enerjigazetesi.ist\/en\/wp-json\/wp\/v2\/media\/150066"}],"wp:attachment":[{"href":"https:\/\/www.enerjigazetesi.ist\/en\/wp-json\/wp\/v2\/media?parent=150062"}],"wp:term":[{"taxonomy":"category","embeddable":true,"href":"https:\/\/www.enerjigazetesi.ist\/en\/wp-json\/wp\/v2\/categories?post=150062"},{"taxonomy":"post_tag","embeddable":true,"href":"https:\/\/www.enerjigazetesi.ist\/en\/wp-json\/wp\/v2\/tags?post=150062"}],"curies":[{"name":"wp","href":"https:\/\/api.w.org\/{rel}","templated":true}]}}