{"id":150041,"date":"2022-01-28T12:35:28","date_gmt":"2022-01-28T09:35:28","guid":{"rendered":"https:\/\/www.enerjigazetesi.ist\/?p=150041"},"modified":"2022-01-28T12:36:44","modified_gmt":"2022-01-28T09:36:44","slug":"escevder-olagan-genel-kurul-sonrasi-yeni-yonetimi-ile-ziyaretcilerini-agirliyor","status":"publish","type":"post","link":"https:\/\/www.enerjigazetesi.ist\/en\/escevder-olagan-genel-kurul-sonrasi-yeni-yonetimi-ile-ziyaretcilerini-agirliyor\/","title":{"rendered":"(Turkish) &#8217;Escevder&#8217; Ola\u011fan Genel Kurul Sonras\u0131 Yeni Y\u00f6netimi ile Ziyaret\u00e7ilerini A\u011f\u0131rl\u0131yor"},"content":{"rendered":"<p class=\"qtranxs-available-languages-message qtranxs-available-languages-message-en\">Sorry, this entry is only available in <a href=\"https:\/\/www.enerjigazetesi.ist\/tr\/wp-json\/wp\/v2\/posts\/150041\" class=\"qtranxs-available-language-link qtranxs-available-language-link-tr\" title=\"Turkish\">Turkish<\/a>. For the sake of viewer convenience, the content is shown below in the alternative language. You may click the link to switch the active language.<\/p><p><\/p>\n<h2>Eski\u015fehir \u00c7evre Koruma ve Geli\u015ftirme Derne\u011fi ( ESCEVDER )\u00a0 yeni Ola\u011fan genel kurulu sonras\u0131 yeni y\u00f6netimi ziyaretleri kabule ba\u015flad\u0131. 22 Ocak 2022&#8217;de yap\u0131lan ola\u011fan genel kurulda Sad\u0131k Yurtman, Filiz Fatma \u00d6zko\u00e7, A.Bar\u0131\u015f Ad\u0131g\u00fczel, \u00d6zg\u00fcr \u00d6zlem \u00d6ngel ve Serap Y\u00fccel yeni y\u00f6netim kurulunu meydana getirdi.<\/h2>\n<p><strong>Escevder<\/strong> \/ <strong>Eski\u015fehir \u00c7evre Koruma ve Geli\u015ftirme Derne\u011fi<\/strong>\u2019ne se\u00e7im sonras\u0131 yeni genel kurulununa ziyaretini \u00e7evreye verdi\u011fi \u00f6nemden dolay\u0131 ger\u00e7ekle\u015ftiren <em>Millet Partisi Odunpazar\u0131 il\u00e7esi y\u00f6neticilerinden \u0130l\u00e7e Ba\u015fkan\u0131<\/em> <strong>Zafer Ya\u015f, Bar\u0131\u015f Ceyhan<\/strong> ve<strong> Davut Keskin<\/strong>, \u00c7evre derne\u011fi <img loading=\"lazy\" class=\"alignright wp-image-150044\" src=\"https:\/\/www.enerjigazetesi.ist\/wp-content\/uploads\/2022\/01\/escevderin-olagan-genel-kurul-sonrasi-yeni-yonetimi-ziyaretcilerini-agirliyor-2.jpg\" alt=\"\" width=\"320\" height=\"240\" srcset=\"https:\/\/www.enerjigazetesi.ist\/wp-content\/uploads\/2022\/01\/escevderin-olagan-genel-kurul-sonrasi-yeni-yonetimi-ziyaretcilerini-agirliyor-2.jpg 550w, https:\/\/www.enerjigazetesi.ist\/wp-content\/uploads\/2022\/01\/escevderin-olagan-genel-kurul-sonrasi-yeni-yonetimi-ziyaretcilerini-agirliyor-2-300x225.jpg 300w, https:\/\/www.enerjigazetesi.ist\/wp-content\/uploads\/2022\/01\/escevderin-olagan-genel-kurul-sonrasi-yeni-yonetimi-ziyaretcilerini-agirliyor-2-500x375.jpg 500w, https:\/\/www.enerjigazetesi.ist\/wp-content\/uploads\/2022\/01\/escevderin-olagan-genel-kurul-sonrasi-yeni-yonetimi-ziyaretcilerini-agirliyor-2-67x50.jpg 67w\" sizes=\"(max-width: 320px) 100vw, 320px\" \/>y\u00f6neticilerinden Ba\u015fkan <strong>Sad\u0131k Yurtman<\/strong>,\u00a0 Ba\u015fkan Yard\u0131mc\u0131s\u0131 <strong>Filiz Fatma \u00d6zko\u00e7<\/strong> ve \u00fcye <strong>Serap Y\u00fccel <\/strong>taraf\u0131ndan a\u011f\u0131rland\u0131.<\/p>\n<p><strong>Eski\u015fehir \u00c7evre Derne\u011fi\u2019<\/strong>nin( ESCEVDER ) <strong>\u00e7al\u0131\u015fmalar\u0131n\u0131<\/strong> ve <strong>verdi\u011fi m\u00fccadeleyi<\/strong> takdir ile kar\u015f\u0131lad\u0131klar\u0131n\u0131 ve son olarak <strong>Sevin\u00e7 Mahallesi<\/strong>&#8216;nde en kalabal\u0131k grup olarak<strong> derne\u011fi g\u00f6rmekten<\/strong> Eski\u015fehir ad\u0131na b\u00fcy\u00fck gurur duyduklar\u0131n\u0131 dile getiren <strong>Memleket Partisi<\/strong> y\u00f6neticileri, partinin ilkelerinden birisi olan <strong>&#8216;\u00c7evre&#8217;<\/strong> temas\u0131na s\u00fcrd\u00fcr\u00fclebilir ya\u015fam ad\u0131na \u00e7ok \u00f6nemsediklerini belirterek dernek y\u00f6neticilerini tebrik etti.<\/p>\n<p><strong>Memleket Partisi<\/strong><em> Odunpazar\u0131 il\u00e7e Ba\u015fkan<\/em>\u0131 <strong>Zafer Ya\u015f<\/strong> <em>\u201cParti olarak \u00e7evreye \u00e7ok \u00f6nem veriyoruz ve bu nedenle ilk ziyaretimizi Eski\u015fehir \u00c7evre Koruma ve Geli\u015ftirme Derne\u011fi &#8216;ne ( ESCEVDER ) yapmaktan ve <strong>yeni y\u00f6netim kurulunu kutlamaktan<\/strong> b\u00fcy\u00fck mutluluk duyuyoruz\u201d dedi. Escevder Ba\u015fkan\u0131 Sad\u0131k Yurtman ise &#8220;<strong>Memleket Partisi<\/strong>&#8216;nin ziyaretinden y\u00f6netim kurulu arkada\u015flar\u0131m ve \u015fahs\u0131m ad\u0131na \u00e7ok mutlu olduk ve yeni se\u00e7ilen y\u00f6netim kurulumuzu kutluyoruz. Parti olarak \u00e7evreyi \u00f6nemsemenizden ise b\u00fcy\u00fck gurur duyduk.&#8221;<\/em> ifadelerini kulland\u0131. Kar\u015f\u0131l\u0131kl\u0131 <strong>fikir al\u0131\u015fveri\u015fi<\/strong> ve <strong>\u00e7evre derne\u011fine \u00fcyelik<\/strong> sonras\u0131 <strong>hat\u0131ra foto\u011fraf\u0131 \u00e7ekilerek<\/strong> toplant\u0131 son buldu. 28.01.2022<\/p>","protected":false},"excerpt":{"rendered":"<p>Sorry, this entry is only available in Turkish. For the sake of viewer convenience, the content is shown below in the alternative language. You may click the link to switch the active language. Eski\u015fehir \u00c7evre Koruma ve Geli\u015ftirme Derne\u011fi ( ESCEVDER )\u00a0 yeni Ola\u011fan genel kurulu sonras\u0131 yeni y\u00f6netimi ziyaretleri kabule ba\u015flad\u0131. 22 Ocak 2022&#8217;de [&hellip;]<\/p>\n","protected":false},"author":1,"featured_media":150045,"comment_status":"open","ping_status":"open","sticky":false,"template":"","format":"standard","meta":[],"categories":[53],"tags":[100518,40039,55978,71840,54878,100517,100516,49070,100519,54887,99211,4033,2448],"views":83,"_links":{"self":[{"href":"https:\/\/www.enerjigazetesi.ist\/en\/wp-json\/wp\/v2\/posts\/150041"}],"collection":[{"href":"https:\/\/www.enerjigazetesi.ist\/en\/wp-json\/wp\/v2\/posts"}],"about":[{"href":"https:\/\/www.enerjigazetesi.ist\/en\/wp-json\/wp\/v2\/types\/post"}],"author":[{"embeddable":true,"href":"https:\/\/www.enerjigazetesi.ist\/en\/wp-json\/wp\/v2\/users\/1"}],"replies":[{"embeddable":true,"href":"https:\/\/www.enerjigazetesi.ist\/en\/wp-json\/wp\/v2\/comments?post=150041"}],"version-history":[{"count":0,"href":"https:\/\/www.enerjigazetesi.ist\/en\/wp-json\/wp\/v2\/posts\/150041\/revisions"}],"wp:featuredmedia":[{"embeddable":true,"href":"https:\/\/www.enerjigazetesi.ist\/en\/wp-json\/wp\/v2\/media\/150045"}],"wp:attachment":[{"href":"https:\/\/www.enerjigazetesi.ist\/en\/wp-json\/wp\/v2\/media?parent=150041"}],"wp:term":[{"taxonomy":"category","embeddable":true,"href":"https:\/\/www.enerjigazetesi.ist\/en\/wp-json\/wp\/v2\/categories?post=150041"},{"taxonomy":"post_tag","embeddable":true,"href":"https:\/\/www.enerjigazetesi.ist\/en\/wp-json\/wp\/v2\/tags?post=150041"}],"curies":[{"name":"wp","href":"https:\/\/api.w.org\/{rel}","templated":true}]}}