{"id":15002,"date":"2013-09-06T09:23:01","date_gmt":"2013-09-06T06:23:01","guid":{"rendered":"https:\/\/www.enerjigazetesi.ist\/?p=15002"},"modified":"2013-09-06T09:23:42","modified_gmt":"2013-09-06T06:23:42","slug":"almanyada-ruzgar-ongorusu-buyurken-fotovoltaik-dustu","status":"publish","type":"post","link":"https:\/\/www.enerjigazetesi.ist\/en\/almanyada-ruzgar-ongorusu-buyurken-fotovoltaik-dustu\/","title":{"rendered":"(Turkish) Almanya&#8217;da R\u00fczgar \u00d6ng\u00f6r\u00fcs\u00fc B\u00fcy\u00fcrken, Fotovoltaik D\u00fc\u015ft\u00fc!"},"content":{"rendered":"<p class=\"qtranxs-available-languages-message qtranxs-available-languages-message-en\">Sorry, this entry is only available in <a href=\"https:\/\/www.enerjigazetesi.ist\/tr\/wp-json\/wp\/v2\/posts\/15002\" class=\"qtranxs-available-language-link qtranxs-available-language-link-tr\" title=\"Turkish\">Turkish<\/a>. For the sake of viewer convenience, the content is shown below in the alternative language. You may click the link to switch the active language.<\/p><p><strong>Almanya Federal A\u011f Kurumu (Bundesnetzagentur), \u00fclkenin kurulu enerji g\u00fcc\u00fcnde\u00a0 2034&#8217;e kadar g\u00f6r\u00fclecek art\u0131\u015f\u0131n miktar\u0131 ve enerji kaynaklar\u0131na g\u00f6re da\u011f\u0131l\u0131m\u0131\u00a0 dolay\u0131s\u0131 ile Almanya&#8217;n\u0131n elektrik iletim altyap\u0131s\u0131nda yap\u0131lmas\u0131 gereken\u00a0 \u00e7al\u0131\u015fmalar ile ilgili \u00e7er\u00e7eve plan\u0131 onaylad\u0131.<\/strong><\/p>\n<p>Kurulu\u015fun internet sitesinde yay\u0131nlanan planda \u00fc\u00e7 ayr\u0131 senaryo \u00fczerinde durulurken, senaryolarda\u00a0 \u00fclkede k\u00f6m\u00fcr ve do\u011fal gaz kullan\u0131m\u0131n\u0131n geli\u015fimi ile Alman h\u00fck\u00fcmetinin iklim\u00a0 de\u011fi\u015fikli\u011fi alan\u0131ndaki m\u00fccadele ve yenilenebilir enerji kullan\u0131m\u0131n\u0131n art\u0131\u015f\u0131na\u00a0 y\u00f6nelik politikalar\u0131 gibi fakt\u00f6rler g\u00f6z \u00f6n\u00fcne al\u0131nd\u0131.<\/p>\n<p>\u00c7al\u0131\u015fman\u0131n en g\u00fc\u00e7l\u00fc senaryosu olarak kabul edilen ve Almanya&#8217;n\u0131n\u00a0 yenilenebilir enerji ve iklim de\u011fi\u015fikli\u011fi ile m\u00fccadeledeki mevcut\u00a0 politikalar\u0131n\u0131n devam\u0131n\u0131 \u00f6ng\u00f6ren B senaryosuna g\u00f6re \u00fclkede r\u00fczgar enerjisi\u00a0 kurulu g\u00fcc\u00fcnde \u00f6nemli art\u0131<a href=\"https:\/\/www.enerjigazetesi.ist\/wp-content\/uploads\/2013\/09\/almanyada-ruzgar-ongorusu-buyurken-fotovoltaik-dustu.jpg\"><img loading=\"lazy\" class=\"alignright size-medium wp-image-15003\" title=\"almanyada-ruzgar-ongorusu-buyurken-fotovoltaik-dustu\" src=\"https:\/\/www.enerjigazetesi.ist\/wp-content\/uploads\/2013\/09\/almanyada-ruzgar-ongorusu-buyurken-fotovoltaik-dustu-300x194.jpg\" alt=\"\" width=\"300\" height=\"194\" srcset=\"https:\/\/www.enerjigazetesi.ist\/wp-content\/uploads\/2013\/09\/almanyada-ruzgar-ongorusu-buyurken-fotovoltaik-dustu-300x194.jpg 300w, https:\/\/www.enerjigazetesi.ist\/wp-content\/uploads\/2013\/09\/almanyada-ruzgar-ongorusu-buyurken-fotovoltaik-dustu-77x50.jpg 77w, https:\/\/www.enerjigazetesi.ist\/wp-content\/uploads\/2013\/09\/almanyada-ruzgar-ongorusu-buyurken-fotovoltaik-dustu.jpg 385w\" sizes=\"(max-width: 300px) 100vw, 300px\" \/><\/a>\u015f g\u00f6r\u00fclecek iken, fotovoltaik alan\u0131ndaki art\u0131\u015f ise\u00a0 kurulu\u015fun \u00f6nceki \u00f6ng\u00f6r\u00fclerinin gerisinde kalacak.<\/p>\n<p>Bu senaryoya g\u00f6re g\u00f6re Almanya&#8217;n\u0131n karasal r\u00fczgar enerjisinde kurulu g\u00fcc\u00fc\u00a0 2024 y\u0131l\u0131nda 55 GW&#8217;a, 2034&#8217;te ise 72 GW&#8217;a y\u00fckselecek.<\/p>\n<p>\u00d6zellikle r\u00fczgar enerjisinde \u00f6nemli geli\u015fmelerin olaca\u011f\u0131n\u0131 \u00f6ng\u00f6ren C\u00a0 senaryosuna g\u00f6re ise 2024&#8217;te Almanya&#8217;n\u0131n karasal r\u00fczgar enerjisi alan\u0131ndaki\u00a0 kurulu g\u00fcc\u00fc 87.4 GW olacak.<\/p>\n<p>Ayn\u0131 senaryoda deniz \u00fcst\u00fc r\u00fczgar enerjisinde ise kurulu g\u00fc\u00e7 2024&#8217;te 12.7 GW,\u00a0 2034&#8217;te ise 25.3 GW olarak \u00f6ng\u00f6r\u00fcl\u00fcyor.<\/p>\n<p>Daha \u00f6nceki \u00e7al\u0131\u015fmas\u0131nda fotovoltaik alan\u0131nda 2034 i\u00e7in \u00fclkede 61.3 GW&#8217;l\u0131k\u00a0 kurulu g\u00fc\u00e7 \u00f6ng\u00f6ren kurulu\u015f, bu \u00f6ng\u00f6r\u00fcs\u00fcn\u00fc g\u00fcne\u015f elektri\u011fi alan\u0131na sa\u011flanan kamu\u00a0 te\u015fviklerinin d\u00fc\u015fmesini gerek\u00e7e g\u00f6stererek ikinci senaryoya g\u00f6re 2024 i\u00e7in 56\u00a0 GW, 2034 i\u00e7in 59.5 GW&#8217;l\u0131k kurulu g\u00fc\u00e7 \u00f6ng\u00f6r\u00fcs\u00fcnde bulunuyor.<\/p>\n<p>2012 itibari ile Almanya&#8217;n\u0131n karasal r\u00fczgar enerjisinde kurulu g\u00fcc\u00fc 31 GW,\u00a0 g\u00fcne\u015f elektri\u011finde ise 33.1 GW d\u00fczeyinde bulunuyor.<\/p>\n<p>Kaynak: <a href=\"http:\/\/www.yesilekonomi.com\/yenilenebilir-enerji\/almanyada-ruzgar-ongorusu-buyurken-fotovoltaik-dustu\" target=\"_blank\">Ye\u015fil Ekonomi<\/a><\/p>","protected":false},"excerpt":{"rendered":"<p>Sorry, this entry is only available in Turkish. For the sake of viewer convenience, the content is shown below in the alternative language. You may click the link to switch the active language.Almanya Federal A\u011f Kurumu (Bundesnetzagentur), \u00fclkenin kurulu enerji g\u00fcc\u00fcnde\u00a0 2034&#8217;e kadar g\u00f6r\u00fclecek art\u0131\u015f\u0131n miktar\u0131 ve enerji kaynaklar\u0131na g\u00f6re da\u011f\u0131l\u0131m\u0131\u00a0 dolay\u0131s\u0131 ile Almanya&#8217;n\u0131n elektrik [&hellip;]<\/p>\n","protected":false},"author":1,"featured_media":15003,"comment_status":"open","ping_status":"open","sticky":false,"template":"","format":"standard","meta":[],"categories":[53,49,50],"tags":[929,8324,8323,68,19,63,8325,67,165,502,227,1169,13,69,8326,16],"views":737,"_links":{"self":[{"href":"https:\/\/www.enerjigazetesi.ist\/en\/wp-json\/wp\/v2\/posts\/15002"}],"collection":[{"href":"https:\/\/www.enerjigazetesi.ist\/en\/wp-json\/wp\/v2\/posts"}],"about":[{"href":"https:\/\/www.enerjigazetesi.ist\/en\/wp-json\/wp\/v2\/types\/post"}],"author":[{"embeddable":true,"href":"https:\/\/www.enerjigazetesi.ist\/en\/wp-json\/wp\/v2\/users\/1"}],"replies":[{"embeddable":true,"href":"https:\/\/www.enerjigazetesi.ist\/en\/wp-json\/wp\/v2\/comments?post=15002"}],"version-history":[{"count":3,"href":"https:\/\/www.enerjigazetesi.ist\/en\/wp-json\/wp\/v2\/posts\/15002\/revisions"}],"predecessor-version":[{"id":15006,"href":"https:\/\/www.enerjigazetesi.ist\/en\/wp-json\/wp\/v2\/posts\/15002\/revisions\/15006"}],"wp:featuredmedia":[{"embeddable":true,"href":"https:\/\/www.enerjigazetesi.ist\/en\/wp-json\/wp\/v2\/media\/15003"}],"wp:attachment":[{"href":"https:\/\/www.enerjigazetesi.ist\/en\/wp-json\/wp\/v2\/media?parent=15002"}],"wp:term":[{"taxonomy":"category","embeddable":true,"href":"https:\/\/www.enerjigazetesi.ist\/en\/wp-json\/wp\/v2\/categories?post=15002"},{"taxonomy":"post_tag","embeddable":true,"href":"https:\/\/www.enerjigazetesi.ist\/en\/wp-json\/wp\/v2\/tags?post=15002"}],"curies":[{"name":"wp","href":"https:\/\/api.w.org\/{rel}","templated":true}]}}