{"id":149954,"date":"2022-01-26T16:03:24","date_gmt":"2022-01-26T13:03:24","guid":{"rendered":"https:\/\/www.enerjigazetesi.ist\/?p=149954"},"modified":"2022-01-26T16:04:52","modified_gmt":"2022-01-26T13:04:52","slug":"etkinlik-avrupa-yesil-mutabakatinin-hukuki-boyutu-av-selma-karaduman","status":"publish","type":"post","link":"https:\/\/www.enerjigazetesi.ist\/en\/etkinlik-avrupa-yesil-mutabakatinin-hukuki-boyutu-av-selma-karaduman\/","title":{"rendered":"(Turkish) Avrupa Ye\u015fil Mutabakat\u0131\u2019n\u0131n Hukuki Boyutu 01 \u015eubat&#8217;ta Ele Al\u0131n\u0131yor"},"content":{"rendered":"<p class=\"qtranxs-available-languages-message qtranxs-available-languages-message-en\">Sorry, this entry is only available in <a href=\"https:\/\/www.enerjigazetesi.ist\/tr\/wp-json\/wp\/v2\/posts\/149954\" class=\"qtranxs-available-language-link qtranxs-available-language-link-tr\" title=\"Turkish\">Turkish<\/a>. For the sake of viewer convenience, the content is shown below in the alternative language. You may click the link to switch the active language.<\/p><p><\/p>\n<h2>Kadir Has \u00dcniversitesi\u00a0Enerji ve S\u00fcrd\u00fcr\u00fclebilir Kalk\u0131nma <img loading=\"lazy\" class=\"alignright wp-image-149956\" src=\"https:\/\/www.enerjigazetesi.ist\/wp-content\/uploads\/2022\/01\/etkinlik-avrupa-yesil-mutabakatinin-hukuki-boyutu-av-selma-karaduman-01.jpg\" alt=\"\" width=\"320\" height=\"239\" srcset=\"https:\/\/www.enerjigazetesi.ist\/wp-content\/uploads\/2022\/01\/etkinlik-avrupa-yesil-mutabakatinin-hukuki-boyutu-av-selma-karaduman-01.jpg 550w, https:\/\/www.enerjigazetesi.ist\/wp-content\/uploads\/2022\/01\/etkinlik-avrupa-yesil-mutabakatinin-hukuki-boyutu-av-selma-karaduman-01-300x224.jpg 300w, https:\/\/www.enerjigazetesi.ist\/wp-content\/uploads\/2022\/01\/etkinlik-avrupa-yesil-mutabakatinin-hukuki-boyutu-av-selma-karaduman-01-500x374.jpg 500w, https:\/\/www.enerjigazetesi.ist\/wp-content\/uploads\/2022\/01\/etkinlik-avrupa-yesil-mutabakatinin-hukuki-boyutu-av-selma-karaduman-01-67x50.jpg 67w\" sizes=\"(max-width: 320px) 100vw, 320px\" \/>Merkezi (CESD)\u00a0ile\u00a0Enerji ve \u0130klim De\u011fi\u015fikli\u011fi Vakf\u0131 (EN\u0130VA)\u00a0taraf\u0131ndan d\u00fczenlenen\u00a0<strong>\u201cYe\u015fil Mutabakat ve T\u00fcrkiye-9\u201d\u00a0<\/strong>etkinli\u011fi, 01 \u015eubat 2022 Sal\u0131 g\u00fcn\u00fc 18:00-19:00 aras\u0131nda d\u00fczenleniyor.<\/h2>\n<p>KHAS CESD M\u00fcd\u00fcr\u00fc ve EN\u0130VA YK Ba\u015fkan\u0131\u00a0<strong>Prof. Dr. Volkan \u015e. Ediger<\/strong> moderat\u00f6rl\u00fc\u011f\u00fcnde ki etkinli\u011fi konu\u011fu <strong>Karaduman Hukuk B\u00fcrosu<\/strong> Kurucusu<strong>\u00a0Av. Arb. Selma Karaduman<\/strong>\u00a0ile\u00a0<strong>\u201cAvrupa Ye\u015fil Mutabakat\u0131\u2019n\u0131n Hukuki Boyutu\u201d<\/strong> konusunda keyifli bir sohbet ger\u00e7ekle\u015ftiriliyor&#8230;<\/p>\n<p><strong>Etkinli\u011fe Kat\u0131l\u0131m \u0130\u00e7in:<\/strong> <a href=\"https:\/\/bit.ly\/3tCUFUI\" target=\"_blank\" rel=\"nofollow noopener\">https:\/\/bit.ly\/3tCUFUI<\/a> adresinden kay\u0131t yap\u0131lmas\u0131 gereklidir.<\/p>","protected":false},"excerpt":{"rendered":"<p>Sorry, this entry is only available in Turkish. For the sake of viewer convenience, the content is shown below in the alternative language. You may click the link to switch the active language. Kadir Has \u00dcniversitesi\u00a0Enerji ve S\u00fcrd\u00fcr\u00fclebilir Kalk\u0131nma Merkezi (CESD)\u00a0ile\u00a0Enerji ve \u0130klim De\u011fi\u015fikli\u011fi Vakf\u0131 (EN\u0130VA)\u00a0taraf\u0131ndan d\u00fczenlenen\u00a0\u201cYe\u015fil Mutabakat ve T\u00fcrkiye-9\u201d\u00a0etkinli\u011fi, 01 \u015eubat 2022 Sal\u0131 g\u00fcn\u00fc [&hellip;]<\/p>\n","protected":false},"author":1,"featured_media":149957,"comment_status":"open","ping_status":"open","sticky":false,"template":"","format":"standard","meta":[],"categories":[51,53,52],"tags":[100467,100468,33146,82052,25910,22657,1203,100466,85540],"views":265,"_links":{"self":[{"href":"https:\/\/www.enerjigazetesi.ist\/en\/wp-json\/wp\/v2\/posts\/149954"}],"collection":[{"href":"https:\/\/www.enerjigazetesi.ist\/en\/wp-json\/wp\/v2\/posts"}],"about":[{"href":"https:\/\/www.enerjigazetesi.ist\/en\/wp-json\/wp\/v2\/types\/post"}],"author":[{"embeddable":true,"href":"https:\/\/www.enerjigazetesi.ist\/en\/wp-json\/wp\/v2\/users\/1"}],"replies":[{"embeddable":true,"href":"https:\/\/www.enerjigazetesi.ist\/en\/wp-json\/wp\/v2\/comments?post=149954"}],"version-history":[{"count":0,"href":"https:\/\/www.enerjigazetesi.ist\/en\/wp-json\/wp\/v2\/posts\/149954\/revisions"}],"wp:featuredmedia":[{"embeddable":true,"href":"https:\/\/www.enerjigazetesi.ist\/en\/wp-json\/wp\/v2\/media\/149957"}],"wp:attachment":[{"href":"https:\/\/www.enerjigazetesi.ist\/en\/wp-json\/wp\/v2\/media?parent=149954"}],"wp:term":[{"taxonomy":"category","embeddable":true,"href":"https:\/\/www.enerjigazetesi.ist\/en\/wp-json\/wp\/v2\/categories?post=149954"},{"taxonomy":"post_tag","embeddable":true,"href":"https:\/\/www.enerjigazetesi.ist\/en\/wp-json\/wp\/v2\/tags?post=149954"}],"curies":[{"name":"wp","href":"https:\/\/api.w.org\/{rel}","templated":true}]}}