{"id":14990,"date":"2013-09-05T18:30:27","date_gmt":"2013-09-05T15:30:27","guid":{"rendered":"https:\/\/www.enerjigazetesi.ist\/?p=14990"},"modified":"2013-09-05T18:31:23","modified_gmt":"2013-09-05T15:31:23","slug":"turkiyenin-kurulu-gucu-son-1-yilda-yuzde-10-artti","status":"publish","type":"post","link":"https:\/\/www.enerjigazetesi.ist\/en\/turkiyenin-kurulu-gucu-son-1-yilda-yuzde-10-artti\/","title":{"rendered":"(Turkish) T\u00fcrkiye\u2019nin Kurulu G\u00fcc\u00fc son 1 Y\u0131lda Y\u00fczde 10 Artt\u0131!"},"content":{"rendered":"<p class=\"qtranxs-available-languages-message qtranxs-available-languages-message-en\">Sorry, this entry is only available in <a href=\"https:\/\/www.enerjigazetesi.ist\/tr\/wp-json\/wp\/v2\/posts\/14990\" class=\"qtranxs-available-language-link qtranxs-available-language-link-tr\" title=\"Turkish\">Turkish<\/a>. For the sake of viewer convenience, the content is shown below in the alternative language. You may click the link to switch the active language.<\/p><p><strong>Enerji ve Tabii Kaynaklar Bakan\u0131 Taner Y\u0131ld\u0131z, T\u00fcrkiye\u2019nin A\u011fustos ay\u0131 elektrik kurulu g\u00fcc\u00fcn\u00fcn bir \u00f6nceki y\u0131l\u0131n ayn\u0131 ay\u0131ndaki kapasiteye g\u00f6re y\u00fczde 10, santral say\u0131s\u0131n\u0131n ise y\u00fczde 17 artt\u0131\u011f\u0131n\u0131 s\u00f6yledi.<\/strong><\/p>\n<p>Enerji ve Tabii Kaynaklar Bakan\u0131 Taner Y\u0131ld\u0131z, A\u011fustos 2013 sonu itibariyle T\u00fcrkiye\u2019deki kurulu enerji g\u00fcc\u00fc konusunda \u015fu a\u00e7\u0131klamay\u0131 yapt\u0131:<br \/>\n\u201cEnerji yat\u0131r\u0131mlar\u0131nda 2013 y\u0131l\u0131nda h<a href=\"https:\/\/www.enerjigazetesi.ist\/wp-content\/uploads\/2013\/09\/turkiyenin-kurulu-gucu-son-1-yilda-yuzde-10-artti.jpg\"><img loading=\"lazy\" class=\"alignleft size-medium wp-image-14991\" title=\"turkiyenin-kurulu-gucu-son-1-yilda-yuzde-10-artti\" src=\"https:\/\/www.enerjigazetesi.ist\/wp-content\/uploads\/2013\/09\/turkiyenin-kurulu-gucu-son-1-yilda-yuzde-10-artti-300x192.jpg\" alt=\"\" width=\"300\" height=\"192\" srcset=\"https:\/\/www.enerjigazetesi.ist\/wp-content\/uploads\/2013\/09\/turkiyenin-kurulu-gucu-son-1-yilda-yuzde-10-artti-300x192.jpg 300w, https:\/\/www.enerjigazetesi.ist\/wp-content\/uploads\/2013\/09\/turkiyenin-kurulu-gucu-son-1-yilda-yuzde-10-artti-77x50.jpg 77w, https:\/\/www.enerjigazetesi.ist\/wp-content\/uploads\/2013\/09\/turkiyenin-kurulu-gucu-son-1-yilda-yuzde-10-artti.jpg 441w\" sizes=\"(max-width: 300px) 100vw, 300px\" \/><\/a>edeflenen seviyede gidiyoruz. 2012 y\u0131l\u0131 A\u011fustos ay\u0131 sonunda 55.380 MW olan T\u00fcrkiye toplam enerji kurulu g\u00fcc\u00fc 2013 A\u011fustos sonu itibar\u0131yla %10,4 art\u0131\u015fla 61.151 MW de\u011ferine ula\u015ft\u0131. Santral say\u0131s\u0131 ise ayn\u0131 d\u00f6nemde %17 art\u0131\u015fla 733\u2019den 861\u2019e \u00e7\u0131kt\u0131. 2012\u2019nin tamam\u0131nda 4150 MW devreye girmi\u015fken, sadece bu y\u0131l\u0131n ilk 8 ay\u0131nda 4100 MW g\u00fcc\u00fcnde 131 santral devreye girdi. Yani enerji \u00fcretim sekt\u00f6r\u00fcne yakla\u015f\u0131k 6 milyar dolarl\u0131k bir yat\u0131r\u0131m yap\u0131ld\u0131.<\/p>\n<p>A\u011fustos aylar\u0131n\u0131 baz ald\u0131\u011f\u0131m\u0131zda ge\u00e7en y\u0131l bir ay i\u00e7inde 367 MW devreye girmi\u015fken, bu y\u0131l bu rakam 870 MW oldu. As\u0131l sevindirici olan husus, yerli ve yenilenebilir kaynaklardan devreye giren kurulu g\u00fcc\u00fcn ge\u00e7en y\u0131l\u0131n ayn\u0131 ay\u0131na g\u00f6re yakla\u015f\u0131k 6 kat artmas\u0131 oldu. Di\u011fer yandan 10 y\u0131l \u00f6nce \u00f6zel sekt\u00f6r\u00fcn pay\u0131 %34 iken, bug\u00fcn % 62\u2019ye \u00e7\u0131kt\u0131. Enerji yat\u0131r\u0131mlar\u0131nda T\u00fcrkiye`ye duyulan g\u00fcven s\u00fcrmekte, T\u00fcrkiye istikrarl\u0131 bir \u015fekilde yoluna devam etmektedir\u201d<\/p>\n<p>T\u00fcrkiye Elektrik \u0130letim A.\u015e (TE\u0130A\u015e)\u2019\u0131n A\u011fustos sonu itibariyle yay\u0131nlad\u0131\u011f\u0131 verilerine g\u00f6re T\u00fcrkiye\u2019de kurulu g\u00fc\u00e7le ilgili baz\u0131 de\u011ferler \u015fu \u015fekilde olu\u015ftu:<\/p>\n<p><strong>2012 A\u011eUSTOS AYINDA YAPILAN ENERJ\u0130 YATIRIMLARI<\/strong><br \/>\n&#8211; Yabanc\u0131 Kaynak: 240,0 MW<br \/>\n&#8211; Yerli Kaynak: 127,4 MW ;<\/p>\n<p><strong>2013 A\u011eUSTOS AYINDA YAPILAN ENERJ\u0130 YATIRIMLARI<\/strong><br \/>\n&#8211; Yabanc\u0131 Kaynak: 144,8 MW<br \/>\n&#8211; Yerli Kaynak: 725,8 MW<\/p>\n<p><strong>2012 A\u011fustos Ay\u0131nda T\u00fcrkiye\u2019de Devreye Giren Santraller<\/strong><\/p>\n<table width=\"600\" border=\"1\" cellspacing=\"1\" cellpadding=\"1\">\n<tbody>\n<tr>\n<td>YAKIT T\u00dcR\u00dc<\/td>\n<td>\u00a0SANTRAL SAYISI (ADET)<\/td>\n<td>\u00a0KURULU G\u00dcC\u00dc (MW)<\/td>\n<\/tr>\n<tr>\n<td>\u00a0TERM\u0130K<\/td>\n<td>\u00a03<\/td>\n<td>\u00a0240,0<\/td>\n<\/tr>\n<tr>\n<td>\u00a0HES<\/td>\n<td>\u00a06<\/td>\n<td>\u00a0101,7<\/td>\n<\/tr>\n<tr>\n<td>\u00a0RES<\/td>\n<td>\u00a02<\/td>\n<td>\u00a025,8<\/td>\n<\/tr>\n<tr>\n<td>\u00a0\u00c7\u00d6P+B\u0130OGAZ+ATIK ISI+JEOTERMAL<\/td>\n<td>\u00a00<\/td>\n<td>\u00a00<\/td>\n<\/tr>\n<tr>\n<td>\u00a0TOPLAM<\/td>\n<td>\u00a011<\/td>\n<td>\u00a0367,4<\/td>\n<\/tr>\n<\/tbody>\n<\/table>\n<p><strong>2013 A\u011fustos Ay\u0131nda T\u00fcrkiye\u2019de Devreye Giren Santraller<\/strong><\/p>\n<table width=\"600\" border=\"1\" cellspacing=\"1\" cellpadding=\"1\">\n<tbody>\n<tr>\n<td>\u00a0YAKIT T\u00dcR\u00dc<\/td>\n<td>\u00a0SANTRAL SAYISI (ADET)<\/td>\n<td>\u00a0KURULU G\u00dcC\u00dc (MW)<\/td>\n<\/tr>\n<tr>\n<td>\u00a0TERM\u0130K<\/td>\n<td>\u00a05<\/td>\n<td>\u00a0144,8<\/td>\n<\/tr>\n<tr>\n<td>\u00a0HES<\/td>\n<td>9<\/td>\n<td>611,1<\/td>\n<\/tr>\n<tr>\n<td>\u00a0RES<\/td>\n<td>\u00a00<\/td>\n<td>27,0<\/td>\n<\/tr>\n<tr>\n<td>\u00a0\u00c7\u00d6P+B\u0130OGAZ+ATIK ISI+JEOTERMAL<\/td>\n<td>2<\/td>\n<td>87,7<\/td>\n<\/tr>\n<tr>\n<td>\u00a0TOPLAM<\/td>\n<td>\u00a011<\/td>\n<td>870,6<\/td>\n<\/tr>\n<\/tbody>\n<\/table>\n<p><strong>T\u00fcrkiye\u2019de kurulu g\u00fcc\u00fcn kaynaklara g\u00f6re da\u011f\u0131l\u0131m<\/strong><\/p>\n<table width=\"600\" border=\"1\" cellspacing=\"1\" cellpadding=\"1\">\n<tbody>\n<tr>\n<td>\u00a0KAYNAKLAR<\/td>\n<td>\u00a0KURULU G\u00dcC\u00dc (MW)<\/td>\n<td>\u00a0KATKI (%)<\/td>\n<\/tr>\n<tr>\n<td>\u00a0K\u00d6M\u00dcR<\/td>\n<td>12.427,8<\/td>\n<td>20,3<\/td>\n<\/tr>\n<tr>\n<td>\u00a0DO\u011eALGAZ + LNG<\/td>\n<td>19.304,8<\/td>\n<td>31,6<\/td>\n<\/tr>\n<tr>\n<td>\u00a0H\u0130DROL\u0130K<\/td>\n<td>21.132,7<\/td>\n<td>34,6<\/td>\n<\/tr>\n<tr>\n<td>R\u00dcZGAR<\/td>\n<td>2.604,1<\/td>\n<td>4,3<\/td>\n<\/tr>\n<tr>\n<td>YEN\u0130LENEB\u0130L\u0130R+ATIK +JEO<\/td>\n<td>448,2<\/td>\n<td>0,7<\/td>\n<\/tr>\n<tr>\n<td>D\u0130\u011eER-1- (F.O\u0130L+NAFTA+LPG + ASFALT\u0130T)<\/td>\n<td>1.338,3<\/td>\n<td>2,2<\/td>\n<\/tr>\n<tr>\n<td>\u00a0D\u0130\u011eER-2- (\u00c7OK YAKITLI KATI+SIVI+D.GAZ)<\/td>\n<td>3.895,6<\/td>\n<td>6,4<\/td>\n<\/tr>\n<tr>\n<td>\u00a0TOPLAM<\/td>\n<td>61.151<\/td>\n<td>100<\/td>\n<\/tr>\n<\/tbody>\n<\/table>\n<p><strong>T\u00fcrkiye\u2019de kurulu g\u00fcc\u00fcn kamu-\u00f6zel sekt\u00f6r da\u011f\u0131l\u0131m\u0131<\/strong><\/p>\n<table width=\"600\" border=\"1\" cellspacing=\"1\" cellpadding=\"1\">\n<tbody>\n<tr>\n<td>KURULU\u015eLAR<\/td>\n<td>\u00a0KURULU G\u00dc\u00c7 (MW)<\/td>\n<td>\u00a0KATKI (%)<\/td>\n<\/tr>\n<tr>\n<td>KAMU<\/td>\n<td>23.025<\/td>\n<td>37,7<\/td>\n<\/tr>\n<tr>\n<td>\u00d6ZEL SEKT\u00d6R<\/td>\n<td>38.126<\/td>\n<td>62,3<\/td>\n<\/tr>\n<tr>\n<td>\u00a0TOPLAM<\/td>\n<td>61.151<\/td>\n<td>100<\/td>\n<\/tr>\n<\/tbody>\n<\/table>\n<p>Kaynak: <a href=\"http:\/\/enerjigunlugu.net\/turkiyenin-kurulu-gucu-son-1-yilda-yuzde-10-artti_4799.html\" target=\"_blank\">Enerji G\u00fcnl\u00fc\u011f\u00fc<\/a><\/p>","protected":false},"excerpt":{"rendered":"<p>Sorry, this entry is only available in Turkish. For the sake of viewer convenience, the content is shown below in the alternative language. You may click the link to switch the active language.Enerji ve Tabii Kaynaklar Bakan\u0131 Taner Y\u0131ld\u0131z, T\u00fcrkiye\u2019nin A\u011fustos ay\u0131 elektrik kurulu g\u00fcc\u00fcn\u00fcn bir \u00f6nceki y\u0131l\u0131n ayn\u0131 ay\u0131ndaki kapasiteye g\u00f6re y\u00fczde 10, santral [&hellip;]<\/p>\n","protected":false},"author":1,"featured_media":14991,"comment_status":"open","ping_status":"open","sticky":false,"template":"","format":"standard","meta":[],"categories":[51,53],"tags":[1674,710,2837,1901,8309,68,61,8304,63,67,1009,165,532,2326,35370,1090,8310,58,56,1675,8305,474,16,667,1582,438,846,4309,8308,8306,8307],"views":780,"_links":{"self":[{"href":"https:\/\/www.enerjigazetesi.ist\/en\/wp-json\/wp\/v2\/posts\/14990"}],"collection":[{"href":"https:\/\/www.enerjigazetesi.ist\/en\/wp-json\/wp\/v2\/posts"}],"about":[{"href":"https:\/\/www.enerjigazetesi.ist\/en\/wp-json\/wp\/v2\/types\/post"}],"author":[{"embeddable":true,"href":"https:\/\/www.enerjigazetesi.ist\/en\/wp-json\/wp\/v2\/users\/1"}],"replies":[{"embeddable":true,"href":"https:\/\/www.enerjigazetesi.ist\/en\/wp-json\/wp\/v2\/comments?post=14990"}],"version-history":[{"count":2,"href":"https:\/\/www.enerjigazetesi.ist\/en\/wp-json\/wp\/v2\/posts\/14990\/revisions"}],"predecessor-version":[{"id":14993,"href":"https:\/\/www.enerjigazetesi.ist\/en\/wp-json\/wp\/v2\/posts\/14990\/revisions\/14993"}],"wp:featuredmedia":[{"embeddable":true,"href":"https:\/\/www.enerjigazetesi.ist\/en\/wp-json\/wp\/v2\/media\/14991"}],"wp:attachment":[{"href":"https:\/\/www.enerjigazetesi.ist\/en\/wp-json\/wp\/v2\/media?parent=14990"}],"wp:term":[{"taxonomy":"category","embeddable":true,"href":"https:\/\/www.enerjigazetesi.ist\/en\/wp-json\/wp\/v2\/categories?post=14990"},{"taxonomy":"post_tag","embeddable":true,"href":"https:\/\/www.enerjigazetesi.ist\/en\/wp-json\/wp\/v2\/tags?post=14990"}],"curies":[{"name":"wp","href":"https:\/\/api.w.org\/{rel}","templated":true}]}}