{"id":149878,"date":"2022-01-25T14:23:03","date_gmt":"2022-01-25T11:23:03","guid":{"rendered":"https:\/\/www.enerjigazetesi.ist\/?p=149878"},"modified":"2022-01-25T14:23:03","modified_gmt":"2022-01-25T11:23:03","slug":"z-kusagi-icin-iklim-krizinin-onemini-vurgulayan-arastirma-yayinlandi","status":"publish","type":"post","link":"https:\/\/www.enerjigazetesi.ist\/en\/z-kusagi-icin-iklim-krizinin-onemini-vurgulayan-arastirma-yayinlandi\/","title":{"rendered":"(Turkish) Z Ku\u015fa\u011f\u0131 \u0130\u00e7in \u0130klim Krizinin \u00d6nemini Vurgulayan Ara\u015ft\u0131rma Yay\u0131nland\u0131"},"content":{"rendered":"<p class=\"qtranxs-available-languages-message qtranxs-available-languages-message-en\">Sorry, this entry is only available in <a href=\"https:\/\/www.enerjigazetesi.ist\/tr\/wp-json\/wp\/v2\/posts\/149878\" class=\"qtranxs-available-language-link qtranxs-available-language-link-tr\" title=\"Turkish\">Turkish<\/a>. For the sake of viewer convenience, the content is shown below in the alternative language. You may click the link to switch the active language.<\/p><p><\/p>\n<h2>2021\u2019de dijital d\u00f6n\u00fc\u015f\u00fcm\u00fcne ba\u015flayan EKOIQ, 98. say\u0131s\u0131nda \u201cKendisinin Bug\u00fcn\u00fc Olmak \u0130steyen Gen\u00e7lik\u201d \u00fczerine haz\u0131rlad\u0131\u011f\u0131 \u201cZ Raporunu\u201d dijital platformlarda takip\u00e7ileriyle payla\u015f\u0131yor.<strong><img loading=\"lazy\" class=\"alignright wp-image-149880\" src=\"https:\/\/www.enerjigazetesi.ist\/wp-content\/uploads\/2022\/01\/z-kusagi-icin-iklim-krizinin-onemini-vurgulayan-arastirma-yayinlandi.jpg\" alt=\"\" width=\"320\" height=\"240\" srcset=\"https:\/\/www.enerjigazetesi.ist\/wp-content\/uploads\/2022\/01\/z-kusagi-icin-iklim-krizinin-onemini-vurgulayan-arastirma-yayinlandi.jpg 550w, https:\/\/www.enerjigazetesi.ist\/wp-content\/uploads\/2022\/01\/z-kusagi-icin-iklim-krizinin-onemini-vurgulayan-arastirma-yayinlandi-300x225.jpg 300w, https:\/\/www.enerjigazetesi.ist\/wp-content\/uploads\/2022\/01\/z-kusagi-icin-iklim-krizinin-onemini-vurgulayan-arastirma-yayinlandi-500x375.jpg 500w, https:\/\/www.enerjigazetesi.ist\/wp-content\/uploads\/2022\/01\/z-kusagi-icin-iklim-krizinin-onemini-vurgulayan-arastirma-yayinlandi-67x50.jpg 67w\" sizes=\"(max-width: 320px) 100vw, 320px\" \/><\/strong><\/h2>\n<p>Bug\u00fcne kadar 98 say\u0131, binlerce sayfa <strong>bas\u0131l\u0131<\/strong> ve<strong> \u00e7evirimi\u00e7i<\/strong> yay\u0131n yapan platformun <em>Genel Yay\u0131n Y\u00f6netmeni<\/em> <strong>Bar\u0131\u015f Do\u011fru<\/strong>, g\u00fcndelik ya\u015fam k\u00fclt\u00fcr\u00fcm\u00fcz\u00fcn ve t\u00fcketim kal\u0131plar\u0131m\u0131z\u0131n <strong>s\u00fcrd\u00fcr\u00fclebilir olmad\u0131\u011f\u0131n\u0131n<\/strong> art\u0131k<strong> a\u00e7\u0131k bir ger\u00e7ek<\/strong> haline geldi\u011fini ve herkesin konfor alanlar\u0131ndan \u00e7\u0131karak <strong>de\u011fi\u015fime kat\u0131lmas\u0131<\/strong> gerekti\u011fini s\u00f6yl\u00fcyor.<\/p>\n<p>EKOIQ, <strong>iklim krizi<\/strong>nden ile <strong>toplumsal cinsiyet e\u015fitli\u011fi<\/strong> ve <strong>toplumsal e\u015fitsizliklere<\/strong> kadar uzanan \u00e7al\u0131\u015fmalar\u0131na 2022\u2019de h\u0131z kazand\u0131r\u0131rken, iklim krizinden \u00e7\u0131k\u0131\u015fta, krizin en b\u00fcy\u00fck ma\u011fdurlar\u0131ndan<strong> Z ku\u015fa\u011f\u0131n\u0131n<\/strong> \u00f6nemli bir rol oynayaca\u011f\u0131n\u0131; herkesin onlara kulak vermesi gerekti\u011fini ortaya koyan <strong>ZRaporu<\/strong> dosyas\u0131yla <strong>tart\u0131\u015fmay\u0131<\/strong> ve <strong>d\u00f6n\u00fc\u015f\u00fcm\u00fc<\/strong> geni\u015fletmeye \u00e7al\u0131\u015f\u0131yor.<\/p>\n<p>\u201cDijital d\u00fcnyaya do\u011fmu\u015f <strong>bu yeni iklim ku\u015fa\u011f\u0131n\u0131<\/strong> tan\u0131mak, t\u00fcm bu sorunlar\u0131n \u00fcstesinden gelebilmeleri i\u00e7in kendi d\u00fcnyalar\u0131n\u0131 kurmalar\u0131na<strong> izin vermek<\/strong> ve onlara bu zorlu yolculukta<strong> e\u015flik etmekten<\/strong> ba\u015fka ne yapabiliriz\u201d sorusu \u00e7evresinde haz\u0131rlanan bu dosyayla <strong>EKOIQ<\/strong>, herkese ret edemeyece\u011fi bir yeni bak\u0131\u015f kazand\u0131rmaya \u00e7al\u0131\u015f\u0131yor.&#8221;<\/p>\n<p><strong>EKOIQ Ocak 2022<\/strong> Say\u0131s\u0131na <a href=\"https:\/\/ekoiq.com\/2022-2\/\" target=\"_blank\" rel=\"nofollow noopener\">Ula\u015fmak \u0130\u00e7in TIKLAYIN&gt;&gt;&gt;<\/a><\/p>","protected":false},"excerpt":{"rendered":"<p>Sorry, this entry is only available in Turkish. For the sake of viewer convenience, the content is shown below in the alternative language. You may click the link to switch the active language. 2021\u2019de dijital d\u00f6n\u00fc\u015f\u00fcm\u00fcne ba\u015flayan EKOIQ, 98. say\u0131s\u0131nda \u201cKendisinin Bug\u00fcn\u00fc Olmak \u0130steyen Gen\u00e7lik\u201d \u00fczerine haz\u0131rlad\u0131\u011f\u0131 \u201cZ Raporunu\u201d dijital platformlarda takip\u00e7ileriyle payla\u015f\u0131yor. Bug\u00fcne kadar [&hellip;]<\/p>\n","protected":false},"author":1,"featured_media":149880,"comment_status":"open","ping_status":"open","sticky":false,"template":"","format":"standard","meta":[],"categories":[51,53,52],"tags":[31910,100425,4033,100426,100424],"views":137,"_links":{"self":[{"href":"https:\/\/www.enerjigazetesi.ist\/en\/wp-json\/wp\/v2\/posts\/149878"}],"collection":[{"href":"https:\/\/www.enerjigazetesi.ist\/en\/wp-json\/wp\/v2\/posts"}],"about":[{"href":"https:\/\/www.enerjigazetesi.ist\/en\/wp-json\/wp\/v2\/types\/post"}],"author":[{"embeddable":true,"href":"https:\/\/www.enerjigazetesi.ist\/en\/wp-json\/wp\/v2\/users\/1"}],"replies":[{"embeddable":true,"href":"https:\/\/www.enerjigazetesi.ist\/en\/wp-json\/wp\/v2\/comments?post=149878"}],"version-history":[{"count":0,"href":"https:\/\/www.enerjigazetesi.ist\/en\/wp-json\/wp\/v2\/posts\/149878\/revisions"}],"wp:featuredmedia":[{"embeddable":true,"href":"https:\/\/www.enerjigazetesi.ist\/en\/wp-json\/wp\/v2\/media\/149880"}],"wp:attachment":[{"href":"https:\/\/www.enerjigazetesi.ist\/en\/wp-json\/wp\/v2\/media?parent=149878"}],"wp:term":[{"taxonomy":"category","embeddable":true,"href":"https:\/\/www.enerjigazetesi.ist\/en\/wp-json\/wp\/v2\/categories?post=149878"},{"taxonomy":"post_tag","embeddable":true,"href":"https:\/\/www.enerjigazetesi.ist\/en\/wp-json\/wp\/v2\/tags?post=149878"}],"curies":[{"name":"wp","href":"https:\/\/api.w.org\/{rel}","templated":true}]}}