{"id":149874,"date":"2022-01-25T13:53:10","date_gmt":"2022-01-25T10:53:10","guid":{"rendered":"https:\/\/www.enerjigazetesi.ist\/?p=149874"},"modified":"2022-01-25T13:53:56","modified_gmt":"2022-01-25T10:53:56","slug":"turkiye-nin-ilk-en-kapsamli-kronik-komur-kirliligi-saglik-maliyeti-calismasi","status":"publish","type":"post","link":"https:\/\/www.enerjigazetesi.ist\/en\/turkiye-nin-ilk-en-kapsamli-kronik-komur-kirliligi-saglik-maliyeti-calismasi\/","title":{"rendered":"(Turkish) T\u00fcrkiye\u2019nin \u0130lk En Kapsaml\u0131 &#8216;Kronik K\u00f6m\u00fcr Kirlili\u011fi Sa\u011fl\u0131k Maliyeti&#8217; \u00c7al\u0131\u015fmas\u0131"},"content":{"rendered":"<p class=\"qtranxs-available-languages-message qtranxs-available-languages-message-en\">Sorry, this entry is only available in <a href=\"https:\/\/www.enerjigazetesi.ist\/tr\/wp-json\/wp\/v2\/posts\/149874\" class=\"qtranxs-available-language-link qtranxs-available-language-link-tr\" title=\"Turkish\">Turkish<\/a>. For the sake of viewer convenience, the content is shown below in the alternative language. You may click the link to switch the active language.<\/p><p><\/p>\n<h2>HEAL &#8211; Sa\u011fl\u0131k ve \u00c7evre Birli\u011fi taraf\u0131ndan T\u00fcrkiye\u2019nin ilk en kapsaml\u0131 \u201cKronik K\u00f6m\u00fcr Kirlili\u011fi Sa\u011fl\u0131k Maliyeti\u201d \u00e7al\u0131\u015fmas\u0131 a\u00e7\u0131klan\u0131yor.<\/h2>\n<p><strong>HEAL<\/strong>, her y\u0131l d\u00fczenli yay\u0131nlad\u0131\u011f\u0131 <strong>Kronik K\u00f6m\u00fcr Kirlili\u011fi<\/strong> \u00e7al\u0131\u015fmas\u0131nda bu y\u0131l ilk defa <strong>1965 -2020<\/strong> aras\u0131ndaki verileri bir araya getirdi. \u00c7al\u0131\u015fmada, <strong>T\u00fcrkiye\u2019de<\/strong> (Mu\u011fla, Manisa, Zonguldak, Kahramanmara\u015f, \u00c7anakkale, Adana ve K\u00fctahya gibi illerde) faaliyette olan <strong>31<\/strong> b\u00fcy\u00fck<strong> k\u00f6m\u00fcrl\u00fc termik <img loading=\"lazy\" class=\"alignright wp-image-149876\" src=\"https:\/\/www.enerjigazetesi.ist\/wp-content\/uploads\/2022\/01\/turkiye-nin-ilk-en-kapsamli-kronik-komur-kirliligi-saglik-maliyeti-calismasi.jpg\" alt=\"\" width=\"320\" height=\"212\" srcset=\"https:\/\/www.enerjigazetesi.ist\/wp-content\/uploads\/2022\/01\/turkiye-nin-ilk-en-kapsamli-kronik-komur-kirliligi-saglik-maliyeti-calismasi.jpg 550w, https:\/\/www.enerjigazetesi.ist\/wp-content\/uploads\/2022\/01\/turkiye-nin-ilk-en-kapsamli-kronik-komur-kirliligi-saglik-maliyeti-calismasi-300x199.jpg 300w, https:\/\/www.enerjigazetesi.ist\/wp-content\/uploads\/2022\/01\/turkiye-nin-ilk-en-kapsamli-kronik-komur-kirliligi-saglik-maliyeti-calismasi-500x332.jpg 500w, https:\/\/www.enerjigazetesi.ist\/wp-content\/uploads\/2022\/01\/turkiye-nin-ilk-en-kapsamli-kronik-komur-kirliligi-saglik-maliyeti-calismasi-75x50.jpg 75w, https:\/\/www.enerjigazetesi.ist\/wp-content\/uploads\/2022\/01\/turkiye-nin-ilk-en-kapsamli-kronik-komur-kirliligi-saglik-maliyeti-calismasi-450x300.jpg 450w\" sizes=\"(max-width: 320px) 100vw, 320px\" \/>santralin<\/strong>, kurulduklar\u0131 g\u00fcnden bu yana yaratt\u0131klar\u0131 <strong>hava kirlili\u011fi<\/strong> ile neden olduklar\u0131 <strong>toplam sa\u011fl\u0131k y\u00fck\u00fc<\/strong> mercek alt\u0131na al\u0131nd\u0131.<\/p>\n<p>T\u00fcrkiye\u2019de bug\u00fcne kadar bu alanda haz\u0131rlanan<strong> en kapsaml\u0131 ara\u015ft\u0131rma<\/strong> olan \u00e7al\u0131\u015fma, santrallerin neden oldu\u011fu<strong> sa\u011fl\u0131k kay\u0131plar\u0131n\u0131n<\/strong> ve <strong>harcamalar\u0131n\u0131n<\/strong> toplam b\u00fcy\u00fckl\u00fc\u011f\u00fcne dikkat \u00e7ekerken, bu alanda <strong>al\u0131nabilecek \u00f6nlemlerin<\/strong> sa\u011flayaca\u011f\u0131 faydalar\u0131 da inceledi.<\/p>\n<p><em>HEAL T\u00fcrkiye Sa\u011fl\u0131k ve Enerji Politikalar\u0131 K\u0131demli Dan\u0131\u015fman\u0131<\/em><strong> Funda Gacal<\/strong> taraf\u0131ndan a\u00e7\u0131klanacak \u00e7al\u0131\u015fman\u0131n sonu\u00e7lar\u0131<strong> 26 Ocak \u00c7ar\u015famba<\/strong> g\u00fcn\u00fc ger\u00e7ekle\u015fecek <strong>online bas\u0131n toplant\u0131s\u0131<\/strong> ile duyurulacak olup <strong>ara\u015ft\u0131rma ekibi<\/strong> ve<strong> sa\u011fl\u0131k uzmanlar\u0131<\/strong>n\u0131n da kat\u0131larak sorular\u0131 yan\u0131tlayaca\u011f\u0131 etkinlik, siz de\u011ferli kat\u0131l\u0131mc\u0131lar\u0131n\u0131 g\u00f6rmekten mutluluk duyacakt\u0131r&#8230;<\/p>\n<p><strong>Program<\/strong><\/p>\n<p><strong>11:00 &#8211; 11:05<\/strong> A\u00e7\u0131l\u0131\u015f Konu\u015fmas\u0131<\/p>\n<p><strong>11:05 \u2013 11:25<\/strong> Rapor Sunumu<br \/>\nFunda Gacal, HEAL T\u00fcrkiye, Sa\u011fl\u0131k ve Enerji Politikalar\u0131 K\u0131demli Dan\u0131\u015fman\u0131<\/p>\n<p><strong>11:25 \u2013 11:45<\/strong> Konu\u015fmac\u0131lar<br \/>\n&#8211; Anne Strauffer, HEAL Genel M\u00fcd\u00fcr Yard\u0131mc\u0131s\u0131<br \/>\n&#8211; Prof. Dr. Sebahat Gen\u00e7, T\u00fcrk Toraks Derne\u011fi \u00c7evre Sorunlar\u0131 ve Akci\u011fer Sa\u011fl\u0131\u011f\u0131 \u00c7al\u0131\u015fma Grubu \u00dcyesi<\/p>\n<p><strong>11:45 \u2013 12:00<\/strong> Soru-Cevap \/ Kapan\u0131\u015f<\/p>\n<p><strong>Yer:<\/strong> ZOOM &#8211; <a href=\"https:\/\/us02web.zoom.us\/webinar\/register\/WN_SdMQo2GkQoaKeR-N7VpDYg\" target=\"_blank\" rel=\"noopener\">https:\/\/us02web.zoom.us\/webinar\/register\/WN_SdMQo2GkQoaKeR-N7VpDYg<\/a><br \/>\n<strong>Tarih:<\/strong> 26 Ocak 2022, \u00c7ar\u015famba<br \/>\n<strong>Saat:<\/strong> 11:00 \u2013 12:00<\/p>\n<p><em><strong>\u0130ngilizce<\/strong> &#8211; <strong>T\u00fcrk\u00e7e<\/strong> e\u015fzamanl\u0131 \u00e7eviri yap\u0131lacakt\u0131r.<\/em><\/p>","protected":false},"excerpt":{"rendered":"<p>Sorry, this entry is only available in Turkish. For the sake of viewer convenience, the content is shown below in the alternative language. You may click the link to switch the active language. HEAL &#8211; Sa\u011fl\u0131k ve \u00c7evre Birli\u011fi taraf\u0131ndan T\u00fcrkiye\u2019nin ilk en kapsaml\u0131 \u201cKronik K\u00f6m\u00fcr Kirlili\u011fi Sa\u011fl\u0131k Maliyeti\u201d \u00e7al\u0131\u015fmas\u0131 a\u00e7\u0131klan\u0131yor. HEAL, her y\u0131l d\u00fczenli [&hellip;]<\/p>\n","protected":false},"author":1,"featured_media":149876,"comment_status":"open","ping_status":"open","sticky":false,"template":"","format":"standard","meta":[],"categories":[51,53,24649],"tags":[100420,100422,2660,15199,100419,100423,100421],"views":154,"_links":{"self":[{"href":"https:\/\/www.enerjigazetesi.ist\/en\/wp-json\/wp\/v2\/posts\/149874"}],"collection":[{"href":"https:\/\/www.enerjigazetesi.ist\/en\/wp-json\/wp\/v2\/posts"}],"about":[{"href":"https:\/\/www.enerjigazetesi.ist\/en\/wp-json\/wp\/v2\/types\/post"}],"author":[{"embeddable":true,"href":"https:\/\/www.enerjigazetesi.ist\/en\/wp-json\/wp\/v2\/users\/1"}],"replies":[{"embeddable":true,"href":"https:\/\/www.enerjigazetesi.ist\/en\/wp-json\/wp\/v2\/comments?post=149874"}],"version-history":[{"count":0,"href":"https:\/\/www.enerjigazetesi.ist\/en\/wp-json\/wp\/v2\/posts\/149874\/revisions"}],"wp:featuredmedia":[{"embeddable":true,"href":"https:\/\/www.enerjigazetesi.ist\/en\/wp-json\/wp\/v2\/media\/149876"}],"wp:attachment":[{"href":"https:\/\/www.enerjigazetesi.ist\/en\/wp-json\/wp\/v2\/media?parent=149874"}],"wp:term":[{"taxonomy":"category","embeddable":true,"href":"https:\/\/www.enerjigazetesi.ist\/en\/wp-json\/wp\/v2\/categories?post=149874"},{"taxonomy":"post_tag","embeddable":true,"href":"https:\/\/www.enerjigazetesi.ist\/en\/wp-json\/wp\/v2\/tags?post=149874"}],"curies":[{"name":"wp","href":"https:\/\/api.w.org\/{rel}","templated":true}]}}