{"id":149862,"date":"2022-01-25T13:16:18","date_gmt":"2022-01-25T10:16:18","guid":{"rendered":"https:\/\/www.enerjigazetesi.ist\/?p=149862"},"modified":"2022-01-25T13:17:16","modified_gmt":"2022-01-25T10:17:16","slug":"teslanin-tum-modellerini-turkiyedeki-tesla-motorlari-sirketi-getirecek","status":"publish","type":"post","link":"https:\/\/www.enerjigazetesi.ist\/en\/teslanin-tum-modellerini-turkiyedeki-tesla-motorlari-sirketi-getirecek\/","title":{"rendered":"(Turkish) Tesla&#8217;n\u0131n T\u00fcm Modellerini T\u00fcrkiye\u2019deki &#8216;Tesla Motorlar\u0131&#8217; \u015eirketi Getirecek"},"content":{"rendered":"<p class=\"qtranxs-available-languages-message qtranxs-available-languages-message-en\">Sorry, this entry is only available in <a href=\"https:\/\/www.enerjigazetesi.ist\/tr\/wp-json\/wp\/v2\/posts\/149862\" class=\"qtranxs-available-language-link qtranxs-available-language-link-tr\" title=\"Turkish\">Turkish<\/a>. For the sake of viewer convenience, the content is shown below in the alternative language. You may click the link to switch the active language.<\/p><p><\/p>\n<h2><strong>ABD merkezli elektrikli otomotiv devi Tesla taraf\u0131ndan T\u00fcrkiye\u2019de kurulan Tesla Motorlar\u0131 \u015firketiyle t\u00fcm modeller \u00fclkeye getiriliyor.<\/strong><\/h2>\n<h3><strong><img loading=\"lazy\" class=\"alignright wp-image-149865\" src=\"https:\/\/www.enerjigazetesi.ist\/wp-content\/uploads\/2022\/01\/teslanin-tum-modellerini-turkiyedeki-tesla-motorlari-sirketi-getirecek.jpg\" alt=\"\" width=\"320\" height=\"180\" srcset=\"https:\/\/www.enerjigazetesi.ist\/wp-content\/uploads\/2022\/01\/teslanin-tum-modellerini-turkiyedeki-tesla-motorlari-sirketi-getirecek.jpg 550w, https:\/\/www.enerjigazetesi.ist\/wp-content\/uploads\/2022\/01\/teslanin-tum-modellerini-turkiyedeki-tesla-motorlari-sirketi-getirecek-300x169.jpg 300w, https:\/\/www.enerjigazetesi.ist\/wp-content\/uploads\/2022\/01\/teslanin-tum-modellerini-turkiyedeki-tesla-motorlari-sirketi-getirecek-500x281.jpg 500w, https:\/\/www.enerjigazetesi.ist\/wp-content\/uploads\/2022\/01\/teslanin-tum-modellerini-turkiyedeki-tesla-motorlari-sirketi-getirecek-80x45.jpg 80w\" sizes=\"(max-width: 320px) 100vw, 320px\" \/><\/strong><\/h3>\n<h3><strong>\u015eirket sermayesinde 50 milyon lira art\u0131\u015fa gitti<\/strong><\/h3>\n<p>T\u00fcrkiye\u2019deki \u015firketin sermayesini<strong> 50 milyon lira nakit<\/strong> \u00f6deyerek art\u0131ran <strong>Elon Musk,<\/strong> i\u015f g\u00f6r\u00fc\u015fmesini bizzat yaparak 2015 y\u0131l\u0131ndan bu yana <strong>Lufthansa Havayollar\u0131<\/strong>\u2019n\u0131n <em>T\u00fcrkiye-Irak CEO\u2019su<\/em> olarak g\u00f6rev yapan ve \u015firketin <strong>% 20<\/strong> b\u00fcy\u00fcmesinde b\u00fcy\u00fck pay sahibi olan<strong> Kemal Ge\u00e7er<\/strong>\u2019i transfer etti.<\/p>\n<h3><strong>T\u00fcm Modeller T\u00fcrkiye&#8217;ye Geliyor<\/strong><\/h3>\n<p>Tesla, <strong>2022 i\u00e7inde<\/strong> yap\u0131lanmas\u0131n\u0131 h\u0131zla tamamlayarak, \u00fcretti\u011fi <strong>4 modeli<\/strong> de T\u00fcrkiye\u2019ye getirecek. K\u0131sa zamanda yap\u0131lacak lansman ile <strong>ara\u00e7lar tan\u0131t\u0131lacak<\/strong> ve <strong>fiyatlar\u0131 kamuoyu<\/strong> ile payla\u015f\u0131lacak. Ayr\u0131ca <strong>servis, bak\u0131m, yol yard\u0131m\u0131<\/strong> gibi<strong> hizmet a\u011f\u0131<\/strong> ve<strong> ekipler<\/strong> olu\u015fturularak m\u00fc\u015fterilere hizmet verilecek. Tesla\u2019n\u0131n internet sitesinde art\u0131k <strong>Tesla S\u00fcper\u015farj istasyonlar\u0131<\/strong> i\u00e7in il isimleri de bulunuyor. \u0130llerin yan\u0131nda istasyonlar\u0131n adresleri de\u011fil<strong> \u201ccoming soon\u201d (yak\u0131nda) ifadesi<\/strong> yer al\u0131yor. Sitede \u015fimdilik s\u00fcper \u015farj istasyonlar\u0131 i\u00e7in <strong>\u0130stanbul<\/strong> ba\u015fta olmak \u00fczere,<strong> Ankara, Antalya, Ayd\u0131n, Bal\u0131kesir, Bursa, Edirne, Hendek (Sakarya), \u0130zmir ve Konya\u2019n\u0131n<\/strong> isimleri verilmi\u015f. <strong>\u015earj istasyonlar\u0131<\/strong> ana yollar ya da al\u0131\u015fveri\u015f merkezleri gibi herkesin kolayca ula\u015fabilece\u011fi noktalarda yer alacak.<\/p>\n<p>Kaynak: <a href=\"https:\/\/www.hurriyet.com.tr\/ekonomi\/tesladan-turkiye-hamlesi-41988769\" target=\"_blank\" rel=\"nofollow noopener\">H\u00fcrriyet<\/a><\/p>","protected":false},"excerpt":{"rendered":"<p>Sorry, this entry is only available in Turkish. For the sake of viewer convenience, the content is shown below in the alternative language. You may click the link to switch the active language. ABD merkezli elektrikli otomotiv devi Tesla taraf\u0131ndan T\u00fcrkiye\u2019de kurulan Tesla Motorlar\u0131 \u015firketiyle t\u00fcm modeller \u00fclkeye getiriliyor. \u015eirket sermayesinde 50 milyon lira art\u0131\u015fa [&hellip;]<\/p>\n","protected":false},"author":1,"featured_media":149865,"comment_status":"open","ping_status":"open","sticky":false,"template":"","format":"standard","meta":[],"categories":[51,53],"tags":[54965,30577,27894,100417,100418,19437,100416,100415],"views":134,"_links":{"self":[{"href":"https:\/\/www.enerjigazetesi.ist\/en\/wp-json\/wp\/v2\/posts\/149862"}],"collection":[{"href":"https:\/\/www.enerjigazetesi.ist\/en\/wp-json\/wp\/v2\/posts"}],"about":[{"href":"https:\/\/www.enerjigazetesi.ist\/en\/wp-json\/wp\/v2\/types\/post"}],"author":[{"embeddable":true,"href":"https:\/\/www.enerjigazetesi.ist\/en\/wp-json\/wp\/v2\/users\/1"}],"replies":[{"embeddable":true,"href":"https:\/\/www.enerjigazetesi.ist\/en\/wp-json\/wp\/v2\/comments?post=149862"}],"version-history":[{"count":0,"href":"https:\/\/www.enerjigazetesi.ist\/en\/wp-json\/wp\/v2\/posts\/149862\/revisions"}],"wp:featuredmedia":[{"embeddable":true,"href":"https:\/\/www.enerjigazetesi.ist\/en\/wp-json\/wp\/v2\/media\/149865"}],"wp:attachment":[{"href":"https:\/\/www.enerjigazetesi.ist\/en\/wp-json\/wp\/v2\/media?parent=149862"}],"wp:term":[{"taxonomy":"category","embeddable":true,"href":"https:\/\/www.enerjigazetesi.ist\/en\/wp-json\/wp\/v2\/categories?post=149862"},{"taxonomy":"post_tag","embeddable":true,"href":"https:\/\/www.enerjigazetesi.ist\/en\/wp-json\/wp\/v2\/tags?post=149862"}],"curies":[{"name":"wp","href":"https:\/\/api.w.org\/{rel}","templated":true}]}}