{"id":149800,"date":"2022-01-23T18:16:38","date_gmt":"2022-01-23T15:16:38","guid":{"rendered":"https:\/\/www.enerjigazetesi.ist\/?p=149800"},"modified":"2022-01-23T18:17:05","modified_gmt":"2022-01-23T15:17:05","slug":"oppo-kablosuz-sinyallerden-guc-alan-pilsiz-gelecege-isik-tuttu","status":"publish","type":"post","link":"https:\/\/www.enerjigazetesi.ist\/en\/oppo-kablosuz-sinyallerden-guc-alan-pilsiz-gelecege-isik-tuttu\/","title":{"rendered":"(Turkish) OPPO Kablosuz Sinyallerden G\u00fc\u00e7 Alan Pilsiz Gelece\u011fe I\u015f\u0131k Tuttu"},"content":{"rendered":"<p class=\"qtranxs-available-languages-message qtranxs-available-languages-message-en\">Sorry, this entry is only available in <a href=\"https:\/\/www.enerjigazetesi.ist\/tr\/wp-json\/wp\/v2\/posts\/149800\" class=\"qtranxs-available-language-link qtranxs-available-language-link-tr\" title=\"Turkish\">Turkish<\/a>. For the sake of viewer convenience, the content is shown below in the alternative language. You may click the link to switch the active language.<\/p><p><\/p>\n<h2>G\u00fc\u00e7 \u00fcretmek i\u00e7in ortamdaki radyo frekans\u0131ndan enerji alarak pil ihtiyac\u0131n\u0131 ortadan kald\u0131ran &#8216;Zero-Power&#8217; ileti\u015fim teknolojisi, son derece kompakt, verimli ve d\u00fc\u015f\u00fck maliyetli cihazlar\u0131n geli\u015ftirilmesine olanak tan\u0131yor. Bu \u00f6zellikler, depolama, lojistik ve tar\u0131m gibi ticari uygulamalarda, giyilebilir \u00fcr\u00fcnlerde, ak\u0131ll\u0131 evlerde ve son teknoloji t\u00fcketici uygulamalar\u0131nda \u00f6nemli faydalar sunuyor.<\/h2>\n<p><strong>OPPO Ara\u015ft\u0131rma Enstit\u00fcs\u00fc<\/strong>, <strong>Zero-Power<\/strong> ileti\u015fim teknolojisiyle ilgili yeni bir tan\u0131t\u0131m yapt\u0131. Tan\u0131t\u0131mda, bu teknolojiye dair gelece\u011fin di\u011fer ileti\u015fim sistemleriyle birlikte geli\u015fmesine y\u00f6nelik yol haritas\u0131n\u0131n<strong> ana hatlar\u0131 \u00e7izilirken<\/strong> teknik \u00f6zellikler de <strong>Nesnelerin \u0130nterneti<\/strong> alan\u0131nda \u015fu an kar\u015f\u0131lanamayan taleplerle birlikte ele al\u0131nd\u0131.<\/p>\n<p><em><img loading=\"lazy\" class=\"alignright wp-image-149802\" src=\"https:\/\/www.enerjigazetesi.ist\/wp-content\/uploads\/2022\/01\/oppo-kablosuz-sinyallerden-guc-alan-pilsiz-gelecege-isik-tuttu-2.jpg\" alt=\"\" width=\"320\" height=\"224\" srcset=\"https:\/\/www.enerjigazetesi.ist\/wp-content\/uploads\/2022\/01\/oppo-kablosuz-sinyallerden-guc-alan-pilsiz-gelecege-isik-tuttu-2.jpg 524w, https:\/\/www.enerjigazetesi.ist\/wp-content\/uploads\/2022\/01\/oppo-kablosuz-sinyallerden-guc-alan-pilsiz-gelecege-isik-tuttu-2-300x210.jpg 300w, https:\/\/www.enerjigazetesi.ist\/wp-content\/uploads\/2022\/01\/oppo-kablosuz-sinyallerden-guc-alan-pilsiz-gelecege-isik-tuttu-2-500x349.jpg 500w, https:\/\/www.enerjigazetesi.ist\/wp-content\/uploads\/2022\/01\/oppo-kablosuz-sinyallerden-guc-alan-pilsiz-gelecege-isik-tuttu-2-72x50.jpg 72w\" sizes=\"(max-width: 320px) 100vw, 320px\" \/>OPPO 5G Ba\u015f M\u00fchendisi<\/em> <strong>Henry Tang<\/strong>, konuyla ilgili \u015fu de\u011ferlendirmede bulundu: <em>&#8220;Telekom\u00fcnikasyon sekt\u00f6r\u00fc, ilk nesil olan <strong>analogdan dijitale, veriye<\/strong> ve <strong>nihayet d\u00f6rd\u00fcnc\u00fc nesil geni\u015f banda<\/strong> kadar <strong>d\u00f6rt teknolojik s\u0131\u00e7rama<\/strong> ya\u015fad\u0131. Bu s\u0131\u00e7ramalar\u0131n her biri, daha h\u0131zl\u0131 veri iletimi sa\u011flamak \u00fczere geli\u015ftirildi. Ancak, \u00f6n\u00fcm\u00fczdeki on y\u0131lda<strong> 5G teknolojisine<\/strong> ve daha da ilerisine bakt\u0131\u011f\u0131m\u0131zda, veri iletiminin telekom\u00fcnikasyon teknolojisinin b\u00fcy\u00fck bir itici g\u00fcc\u00fc olaca\u011f\u0131na inanm\u0131yoruz. Bunun yerine, bir b\u00fct\u00fcn olarak teknolojinin topluma <strong>daha fazla kolayl\u0131k<\/strong> ve <strong>s\u00fcrd\u00fcr\u00fclebilir de\u011ferler<\/strong> sunmak y\u00f6n\u00fcnde geli\u015fmesi gerekti\u011fine inan\u0131yoruz. <strong>Zero-Power ileti\u015fim teknolojisi<\/strong>, elektronik \u00fcreticilerinin \u00fcr\u00fcnlerinde <strong>art\u0131k pil kullanmamalar\u0131n\u0131<\/strong> sa\u011flayan bir yol sunuyor, bu da s\u00fcre\u00e7teki maliyetleri ve \u00e7evresel etkileri azalt\u0131yor. \u0130\u015fte bu nedenle,<strong> Zero-Power<\/strong> ileti\u015fim teknolojisi, <strong>B5G\/6G nesline ge\u00e7i\u015fte<\/strong> temel odak alanlar\u0131m\u0131zdan biri olma \u00f6zelli\u011fi ta\u015f\u0131yor.&#8221;<\/em><\/p>\n<p><strong>Pasif ileti\u015fim teknolojisi<\/strong>, g\u00fcn\u00fcm\u00fczde <strong>radyo frekans\u0131 tan\u0131mlama (RFID)<\/strong> \u00e7\u00f6z\u00fcmleri dahilinde zaten kullan\u0131l\u0131yor. Ancak mevcut teknoloji, k\u0131sa ileti\u015fim mesafeleri, <strong>d\u00fc\u015f\u00fck verimlilik<\/strong> ve <strong>k\u00fc\u00e7\u00fck sistem kapasitesi<\/strong> gibi baz\u0131 sorunlar\u0131 beraberinde getiriyor. <strong>RFID \u00e7\u00f6z\u00fcm\u00fcn\u00fc<\/strong>,<strong> end\u00fcstriyel sens\u00f6r a\u011flar\u0131, lojistik ve depolama, ak\u0131ll\u0131 evler <\/strong>ve<strong> giyilebilir teknolojiler<\/strong> gibi belli ve karma\u015f\u0131k uygulamalarda kullan\u0131rken baz\u0131 zorluklar kar\u015f\u0131m\u0131za \u00e7\u0131k\u0131yor.<\/p>\n<p>Pil gerektirmeyen ileti\u015fim \u00fcr\u00fcnleri, geleneksel y\u00f6ntemin aksine,<strong> TV kuleleri, FM radyo kuleleri, h\u00fccresel baz istasyonlar\u0131<\/strong> ve <strong>Wi-Fi eri\u015fim noktalar\u0131<\/strong> gibi kaynaklardan yay\u0131nlanan <strong>radyo sinyallerini<\/strong> al\u0131p bunlar\u0131 g\u00fc\u00e7 kayna\u011f\u0131 olarak kullanabiliyor. Bu cihazlar mevcut sinyallerden enerji elde ettikten sonra bunlar\u0131 kendi bilgileriyle mod\u00fcle edebiliyor ve <strong>geri sa\u00e7\u0131lma ileti\u015fimi<\/strong> olarak bilinen y\u00f6ntemle bu sinyalleri d\u0131\u015far\u0131 iletiyor. <strong>Zero-Power ileti\u015fim a\u011flar\u0131<\/strong> tasarlan\u0131rken mevcut <strong>4G\/5G sistemlerinin<\/strong> bir arada bulunmas\u0131na da dikkat etmek gerekiyor.<\/p>\n<p><strong>Nesnelerin \u0130nterneti<\/strong> cihazlar\u0131 yak\u0131n gelecekte enerjilerini do\u011frudan <strong>Bluetooth, Wi-Fi<\/strong> ve<strong> cep telefonu sinyallerinden<\/strong> alabilecek ve bu da daha k\u00fc\u00e7\u00fck boyutlar, artan <strong>dayan\u0131kl\u0131l\u0131k<\/strong> ve<strong> daha d\u00fc\u015f\u00fck maliyet<\/strong> gibi sonu\u00e7lar getirecek. Kullan\u0131lan<strong> elektronik etiketlerle, yerle\u015fik pili de\u011fi\u015ftirmeye<\/strong> veya<strong> \u015farj etmeye<\/strong> gerek kalmadan nesneler konumland\u0131r\u0131labilecek. Ayr\u0131ca, nesli t\u00fckenmekte olan her g\u00f6\u00e7men ku\u015f, <strong>uzun mesafeli izleme cihazlar\u0131yla<\/strong> donat\u0131labilecek. Bu \u00e7\u00f6z\u00fcm\u00fcn uygulanmas\u0131 i\u00e7in gereken pil say\u0131s\u0131 b\u00f6ylece \u00f6nemli \u00f6l\u00e7\u00fcde azalacak. Bunlar, <strong>OPPO<\/strong>&#8216;nun <strong>&#8216;Zero-Power&#8217;<\/strong> tan\u0131t\u0131m\u0131nda g\u00f6sterilen f\u00fct\u00fcristik \u00f6rneklerden sadece birka\u00e7\u0131.<\/p>\n<p>Zero-Power \u0130leti\u015fim tan\u0131t\u0131m\u0131ndan \u00f6nce OPPO, en yeni ileti\u015fim teknolojilerine y\u00f6nelik s\u00fcrd\u00fcrd\u00fc\u011f\u00fc ara\u015ft\u0131rmalar\u0131 kapsam\u0131nda <strong>6G AI-Cube Ak\u0131ll\u0131 A\u011f \u0130leti\u015fimi<\/strong> tan\u0131t\u0131m\u0131n\u0131 da yapt\u0131. OPPO,<strong> &#8216;\u0130nsanl\u0131k i\u00e7in teknoloji, d\u00fcnya i\u00e7in iyilik&#8217;<\/strong> marka misyonu do\u011frultusunda, daha<strong> ak\u0131ll\u0131<\/strong>, daha<strong> kullan\u0131\u015fl\u0131<\/strong> ve daha <strong>ye\u015fil ileti\u015fim sistemleri<\/strong> olu\u015fturmaya devam ederken \u00f6n\u00fcm\u00fczdeki <strong>3<\/strong> ile<strong> 5 y\u0131l<\/strong> i\u00e7inde Zero-Power ileti\u015fim teknolojisini ticari olarak piyasaya s\u00fcrmeyi hedefliyor.<\/p>","protected":false},"excerpt":{"rendered":"<p>Sorry, this entry is only available in Turkish. For the sake of viewer convenience, the content is shown below in the alternative language. You may click the link to switch the active language. G\u00fc\u00e7 \u00fcretmek i\u00e7in ortamdaki radyo frekans\u0131ndan enerji alarak pil ihtiyac\u0131n\u0131 ortadan kald\u0131ran &#8216;Zero-Power&#8217; ileti\u015fim teknolojisi, son derece kompakt, verimli ve d\u00fc\u015f\u00fck maliyetli [&hellip;]<\/p>\n","protected":false},"author":1,"featured_media":149803,"comment_status":"open","ping_status":"open","sticky":false,"template":"","format":"standard","meta":[],"categories":[51,53],"tags":[100387,100388,39268,100382,100385,100386,100383,100384],"views":122,"_links":{"self":[{"href":"https:\/\/www.enerjigazetesi.ist\/en\/wp-json\/wp\/v2\/posts\/149800"}],"collection":[{"href":"https:\/\/www.enerjigazetesi.ist\/en\/wp-json\/wp\/v2\/posts"}],"about":[{"href":"https:\/\/www.enerjigazetesi.ist\/en\/wp-json\/wp\/v2\/types\/post"}],"author":[{"embeddable":true,"href":"https:\/\/www.enerjigazetesi.ist\/en\/wp-json\/wp\/v2\/users\/1"}],"replies":[{"embeddable":true,"href":"https:\/\/www.enerjigazetesi.ist\/en\/wp-json\/wp\/v2\/comments?post=149800"}],"version-history":[{"count":0,"href":"https:\/\/www.enerjigazetesi.ist\/en\/wp-json\/wp\/v2\/posts\/149800\/revisions"}],"wp:featuredmedia":[{"embeddable":true,"href":"https:\/\/www.enerjigazetesi.ist\/en\/wp-json\/wp\/v2\/media\/149803"}],"wp:attachment":[{"href":"https:\/\/www.enerjigazetesi.ist\/en\/wp-json\/wp\/v2\/media?parent=149800"}],"wp:term":[{"taxonomy":"category","embeddable":true,"href":"https:\/\/www.enerjigazetesi.ist\/en\/wp-json\/wp\/v2\/categories?post=149800"},{"taxonomy":"post_tag","embeddable":true,"href":"https:\/\/www.enerjigazetesi.ist\/en\/wp-json\/wp\/v2\/tags?post=149800"}],"curies":[{"name":"wp","href":"https:\/\/api.w.org\/{rel}","templated":true}]}}