{"id":149688,"date":"2022-01-21T12:11:06","date_gmt":"2022-01-21T09:11:06","guid":{"rendered":"https:\/\/www.enerjigazetesi.ist\/?p=149688"},"modified":"2022-01-21T12:11:06","modified_gmt":"2022-01-21T09:11:06","slug":"dijital-enerji-verimliligi-ve-karbon-ayak-izi-meslek-liseleri-nin-gundemi-nde","status":"publish","type":"post","link":"https:\/\/www.enerjigazetesi.ist\/en\/dijital-enerji-verimliligi-ve-karbon-ayak-izi-meslek-liseleri-nin-gundemi-nde\/","title":{"rendered":"(Turkish) Dijital Enerji Verimlili\u011fi ve Karbon Ayak \u0130zi Meslek Liseleri&#8217;nin G\u00fcndeminde"},"content":{"rendered":"<p class=\"qtranxs-available-languages-message qtranxs-available-languages-message-en\">Sorry, this entry is only available in <a href=\"https:\/\/www.enerjigazetesi.ist\/tr\/wp-json\/wp\/v2\/posts\/149688\" class=\"qtranxs-available-language-link qtranxs-available-language-link-tr\" title=\"Turkish\">Turkish<\/a>. For the sake of viewer convenience, the content is shown below in the alternative language. You may click the link to switch the active language.<\/p><p><\/p>\n<h2><strong>Kadir Has \u00dcniversitesi\u2019nin uluslararas\u0131 kurumlarla birlikte y\u00fcr\u00fctt\u00fc\u011f\u00fc \u201c<\/strong><strong>Good DEEDs: Digital Energy Efficiency Designers\u201d<\/strong> <strong>ba\u015fl\u0131kl\u0131 Erasmus+ Key Action 2<\/strong><strong> projesi, iklim a\u00e7\u0131s\u0131ndan n\u00f6tr bir d\u00f6ng\u00fcsel ekonomi elde edilmesi i\u00e7in \u00f6nemli bir ad\u0131m atarak dijital enerji verimlili\u011fi alan\u0131nda profesyonel beceriler geli\u015ftirme s\u00fcrecine meslek lisesi \u00f6\u011frencilerini dahil ediyor. 36 ay s\u00fcrecek olan proje, mesleki e\u011fitim alan \u00f6\u011frenciler aras\u0131nda dijital enerji verimlili\u011fi ve karbon ayak izinin etkisi hakk\u0131nda fark\u0131ndal\u0131k yaratmay\u0131 ama\u00e7l\u0131yor.<\/strong><\/h2>\n<p>Kadir Has \u00dcniversitesi Ekonomi B\u00f6l\u00fcm\u00fc \u00d6\u011fretim \u00dcyesi <strong>Prof. Dr. Meltem Ucal<\/strong>\u2019\u0131n T\u00fcrkiye koordinat\u00f6rl\u00fc\u011f\u00fcn\u00fc yapt\u0131\u011f\u0131 ve \u0130talya, Yunanistan, Portekiz, Letonya ve Romanya\u2019dan be\u015f kurumun dahil oldu\u011fu <a href=\"https:\/\/www.gooddeeds.eu\/\"><strong>Good DEEDs: Digital Energy Efficiency Designers<\/strong><\/a> ba\u015fl\u0131kl\u0131 <strong>Erasmus+ Key Action 2 <img loading=\"lazy\" class=\"alignright wp-image-149691\" src=\"https:\/\/www.enerjigazetesi.ist\/wp-content\/uploads\/2022\/01\/dijital-enerji-verimliligi-ve-karbon-ayak-izi-meslek-liseleri-nin-gundemi-nde.jpg\" alt=\"\" width=\"320\" height=\"192\" srcset=\"https:\/\/www.enerjigazetesi.ist\/wp-content\/uploads\/2022\/01\/dijital-enerji-verimliligi-ve-karbon-ayak-izi-meslek-liseleri-nin-gundemi-nde.jpg 550w, https:\/\/www.enerjigazetesi.ist\/wp-content\/uploads\/2022\/01\/dijital-enerji-verimliligi-ve-karbon-ayak-izi-meslek-liseleri-nin-gundemi-nde-300x180.jpg 300w, https:\/\/www.enerjigazetesi.ist\/wp-content\/uploads\/2022\/01\/dijital-enerji-verimliligi-ve-karbon-ayak-izi-meslek-liseleri-nin-gundemi-nde-500x300.jpg 500w, https:\/\/www.enerjigazetesi.ist\/wp-content\/uploads\/2022\/01\/dijital-enerji-verimliligi-ve-karbon-ayak-izi-meslek-liseleri-nin-gundemi-nde-80x48.jpg 80w\" sizes=\"(max-width: 320px) 100vw, 320px\" \/>(KA226)<\/strong> projesi \u00e7al\u0131\u015fmalar\u0131na ba\u015flad\u0131. Proje kapsam\u0131nda partner \u00fclkeler, <strong>European Grants International Academy (EGInA)<\/strong> ev sahipli\u011finde bir araya geldi. \u0130talya\u2019n\u0131n Foligno kentinde d\u00fczenlenen \u00e7al\u0131\u015ftayda projenin \u00e7al\u0131\u015fma takvimi ve ger\u00e7ekle\u015ftirece\u011fi etkinlikler ile ilgili fikir al\u0131\u015fveri\u015finde bulunuldu.<\/p>\n<p>2050 y\u0131l\u0131na kadar iklim a\u00e7\u0131s\u0131ndan <strong>n\u00f6tr bir d\u00f6ng\u00fcsel ekonomi<\/strong> elde edilmesi i\u00e7in zaman fakt\u00f6r\u00fcn\u00fcn kritik bir \u00f6neme sahip oldu\u011funu ve \u00f6n\u00fcm\u00fczdeki <strong>5 y\u0131l i\u00e7erisinde<\/strong> kararlar al\u0131narak eyleme ge\u00e7ilmesinin zorunlu oldu\u011funu belirten <strong>Prof. Dr. Meltem Ucal<\/strong>, <em>\u201cMesleki e\u011fitim veren liseler, <strong>s\u00fcrd\u00fcr\u00fclebilir bir d\u00f6ng\u00fcsel ekonomiye<\/strong> y\u00f6nelik sekt\u00f6rel becerilerin geli\u015ftirilmesi i\u00e7in \u00f6ncelikli kurumlar\u0131n ba\u015f\u0131nda geliyor. <strong>Good DEEDs<\/strong> projesinin ortaklar\u0131 i\u00e7in, <strong>dijital enerji verimlili\u011fi<\/strong> alan\u0131nda profesyonel beceriler geli\u015ftirme s\u00fcrecine meslek lisesi \u00f6\u011frencilerinin dahil edilmesi, eyleme ge\u00e7ilmesi ad\u0131na b\u00fcy\u00fck bir \u00f6nem ta\u015f\u0131yor,\u201d<\/em> diyor. <strong>36 ay boyunca<\/strong> s\u00fcrd\u00fcr\u00fclecek proje, <strong>mesleki e\u011fitim<\/strong> alan \u00f6\u011frenciler aras\u0131nda <strong>dijital enerji verimlili\u011fi<\/strong> ve <strong>karbon ayak izinin etkisi<\/strong> hakk\u0131nda fark\u0131ndal\u0131k yaratmay\u0131 ama\u00e7l\u0131yor.<\/p>\n<p><strong>Good DEEDs<\/strong>, dijital enerji verimlili\u011fine y\u00f6nelik becerilerin s\u00fcrekli ve s\u00fcrd\u00fcr\u00fclebilir b\u00fcy\u00fcmesine y\u00f6nelik bir stratejiyi te\u015fvik etmek amac\u0131yla \u00f6\u011fretmenler ve \u00f6\u011frenciler i\u00e7in bir <strong>metodoloji<\/strong> ve <strong>bir \u00f6\u011frenme platformu<\/strong> geli\u015ftirip test edecek. <strong>Dijital enerji verimlili\u011fi<\/strong> konusunda s\u00fcrekli e\u011fitimi destekleyecek olan online <strong>Good DEEDs<\/strong> platformu ile<strong> meslek lisesi \u00f6\u011fretmenleri<\/strong> i\u00e7in bir dizi e\u011fitim arac\u0131 olu\u015fturulacak.<\/p>\n<p>En az <strong>1200 meslek lisesi \u00f6\u011frencisinin<\/strong> platformdan yararlanmas\u0131n\u0131 hedefleyen projeye T\u00fcrkiye\u2019den de <strong>10 meslek lisesi<\/strong> \u00f6\u011fretmeni dahil olacak. Bu do\u011frultuda \u00f6\u011fretmenlere y\u00f6nelik d\u00fczenlenen <strong>\u00e7evrimi\u00e7i ba\u015fvuru formu liselere<\/strong> ula\u015ft\u0131r\u0131larak bir a\u00e7\u0131k \u00e7a\u011fr\u0131 yap\u0131lacak. A\u00e7\u0131k \u00e7a\u011fr\u0131 sonucu projeye dahil olacak meslek lisesi \u00f6\u011fretmenleri, proje kapsam\u0131nda olu\u015fturulan <strong>online e\u011fitim platformu<\/strong> \u00fczerinden \u00f6ncelikle teorik bilgileri edinecekler. Sonras\u0131nda \u00f6\u011frencilerinin takip edece\u011fi <strong>a\u00e7\u0131k e\u011fitim kaynaklar\u0131<\/strong>n\u0131 proje ekibinin de deste\u011fi ile \u015fekillendirecekler ve <strong>dijital enerji verimlili\u011fiyle<\/strong> ilgili olarak kendi e\u011fitim programlar\u0131n\u0131 haz\u0131rlayacaklar. B\u00f6ylece proje kapsam\u0131nda ama\u00e7lanan s\u00fcrd\u00fcr\u00fclebilir d\u00f6ng\u00fcsel bir ekonomiyi geli\u015ftirecek olan <strong>gelece\u011fin profesyonellerinin e\u011fitimini<\/strong> \u00fcstlenmi\u015f olacaklar.<\/p>\n<p>T\u00fcrkiye koordinat\u00f6rl\u00fc\u011f\u00fcn\u00fc <a href=\"https:\/\/www.khas.edu.tr\/tr\">Kadir Has \u00dcniversitesi<\/a>\u2019nin \u00fcstlendi\u011fi <span style=\"text-decoration: underline;\"><strong>projenin partnerleri<\/strong> \u015f\u00f6yle:<\/span><\/p>\n<p><a href=\"egina.eu\">&#8211; European Grants International Academy<\/a> (EGInA), <em>\u0130talya<\/em><\/p>\n<p><a href=\"cti.gr\">&#8211; Computer Technology Institute and Press \u201cDiophantus\u201d<\/a> (CTI), <em>Yunanistan<\/em><\/p>\n<p><a href=\"apemeta.pt\">&#8211; Portuguese Association of Environmental Technology Companies<\/a> (APEMETA), <em>Portekiz<\/em><\/p>\n<p><a href=\"visc.gov.lv\">&#8211; National Centre for Education<\/a> (VISC), <em>Letonya<\/em><\/p>\n<p><a href=\"isjiasi.ro\">&#8211; County School Inspectorate of Ia\u015fi<\/a> (ISJI), <em>Romanya<\/em><\/p>\n<p>Projenin payda\u015flar\u0131n\u0131n her biri farkl\u0131 bir uzmanl\u0131k alan\u0131na sahip. Proje partnerlerinin birlikte \u00fcstlendi\u011fi \u00e7al\u0131\u015fmalar oldu\u011fu gibi, uzmanl\u0131k alanlar\u0131na g\u00f6re bir i\u015fb\u00f6l\u00fcm\u00fc de s\u00f6z konusu. Buna g\u00f6re <strong>Kadir Has \u00dcniversitesi<\/strong> enerji alan\u0131ndaki uzmanl\u0131\u011f\u0131 ile <strong>online e\u011fitim platformunun<\/strong> i\u00e7eri\u011finin \u015fekillendirilmesinde lider rol \u00fcstleniyor; e\u011fitim program\u0131n\u0131n kapsam\u0131n\u0131 belirleyerek hangi alanlara yo\u011funla\u015fmak gerekti\u011fine dair yol g\u00f6steriyor ve e\u011fitim materyallerinin belirlenmesini sa\u011fl\u0131yor.<\/p>\n<p><strong>\u00d6\u011fretmenlere y\u00f6nelik d\u00fczenlenen \u00e7evrimi\u00e7i ba\u015fvuru formuna \u015fu linkten ula\u015fabilirsiniz: <\/strong><a href=\"https:\/\/forms.gle\/9qtaWdbVXXaZvpMq8\" target=\"_blank\" rel=\"noopener\">https:\/\/forms.gle\/9qtaWdbVXXaZvpMq8<\/a><\/p>","protected":false},"excerpt":{"rendered":"<p>Sorry, this entry is only available in Turkish. For the sake of viewer convenience, the content is shown below in the alternative language. You may click the link to switch the active language. Kadir Has \u00dcniversitesi\u2019nin uluslararas\u0131 kurumlarla birlikte y\u00fcr\u00fctt\u00fc\u011f\u00fc \u201cGood DEEDs: Digital Energy Efficiency Designers\u201d ba\u015fl\u0131kl\u0131 Erasmus+ Key Action 2 projesi, iklim a\u00e7\u0131s\u0131ndan n\u00f6tr [&hellip;]<\/p>\n","protected":false},"author":1,"featured_media":149691,"comment_status":"open","ping_status":"open","sticky":false,"template":"","format":"standard","meta":[],"categories":[53,52],"tags":[100305,45956,100304,100306,100307,100303,1203,1426,44918,100308,71900],"views":191,"_links":{"self":[{"href":"https:\/\/www.enerjigazetesi.ist\/en\/wp-json\/wp\/v2\/posts\/149688"}],"collection":[{"href":"https:\/\/www.enerjigazetesi.ist\/en\/wp-json\/wp\/v2\/posts"}],"about":[{"href":"https:\/\/www.enerjigazetesi.ist\/en\/wp-json\/wp\/v2\/types\/post"}],"author":[{"embeddable":true,"href":"https:\/\/www.enerjigazetesi.ist\/en\/wp-json\/wp\/v2\/users\/1"}],"replies":[{"embeddable":true,"href":"https:\/\/www.enerjigazetesi.ist\/en\/wp-json\/wp\/v2\/comments?post=149688"}],"version-history":[{"count":0,"href":"https:\/\/www.enerjigazetesi.ist\/en\/wp-json\/wp\/v2\/posts\/149688\/revisions"}],"wp:featuredmedia":[{"embeddable":true,"href":"https:\/\/www.enerjigazetesi.ist\/en\/wp-json\/wp\/v2\/media\/149691"}],"wp:attachment":[{"href":"https:\/\/www.enerjigazetesi.ist\/en\/wp-json\/wp\/v2\/media?parent=149688"}],"wp:term":[{"taxonomy":"category","embeddable":true,"href":"https:\/\/www.enerjigazetesi.ist\/en\/wp-json\/wp\/v2\/categories?post=149688"},{"taxonomy":"post_tag","embeddable":true,"href":"https:\/\/www.enerjigazetesi.ist\/en\/wp-json\/wp\/v2\/tags?post=149688"}],"curies":[{"name":"wp","href":"https:\/\/api.w.org\/{rel}","templated":true}]}}