{"id":149672,"date":"2022-01-20T13:25:30","date_gmt":"2022-01-20T10:25:30","guid":{"rendered":"https:\/\/www.enerjigazetesi.ist\/?p=149672"},"modified":"2022-01-20T13:26:00","modified_gmt":"2022-01-20T10:26:00","slug":"enerji-verimliligi-projeleri-ile-zamlarin-onune-gecmek-mumkun","status":"publish","type":"post","link":"https:\/\/www.enerjigazetesi.ist\/en\/enerji-verimliligi-projeleri-ile-zamlarin-onune-gecmek-mumkun\/","title":{"rendered":"(Turkish) &#8221;Enerji Verimlili\u011fi Projeleri ile Zamlar\u0131n \u00d6n\u00fcne Ge\u00e7mek M\u00fcmk\u00fcn&#8221;"},"content":{"rendered":"<p class=\"qtranxs-available-languages-message qtranxs-available-languages-message-en\">Sorry, this entry is only available in <a href=\"https:\/\/www.enerjigazetesi.ist\/tr\/wp-json\/wp\/v2\/posts\/149672\" class=\"qtranxs-available-language-link qtranxs-available-language-link-tr\" title=\"Turkish\">Turkish<\/a>. For the sake of viewer convenience, the content is shown below in the alternative language. You may click the link to switch the active language.<\/p><p><\/p>\n<h2>2022 y\u0131l\u0131n\u0131n ilk g\u00fcn\u00fc mesken, sanayi ve ticarethane abone gruplar\u0131 i\u00e7in % 52 ile 130 aras\u0131nda de\u011fi\u015fen elektrik zamm\u0131 geldi. \u00d6zellikle sanayi kurulu\u015flar\u0131n\u0131 yak\u0131ndan ilgilendiren bu zam birim ba\u015f\u0131na maliyetlerin artmas\u0131na neden oldu.<\/h2>\n<p>Konuyla ilgili a\u00e7\u0131klama ger\u00e7ekle\u015ftiren <strong>Vat Enerji<\/strong> Genel M\u00fcd\u00fcr\u00fc Altu\u011f Karata\u015f,<em> \u201cEnerji maliyetlerinin artt\u0131\u011f\u0131n\u0131 ve giderek daha \u00e7ok artacak. \u00c7\u00fcnk\u00fc elektri\u011fe olan <strong>arz<\/strong> ve <strong>talebin<\/strong> her ge\u00e7en g\u00fcn art\u0131yor ancak kaynak azal\u0131yor. Zaten bir konuyla ilgili talep art\u0131yorsa ve<strong> kaynak azalmaya<\/strong> ba\u015fl\u0131yorsa bu maliyetlerin artaca\u011f\u0131n\u0131n da \u00f6nemli bir g\u00f6stergesi\u201d<\/em> dedi.<\/p>\n<p><strong><img loading=\"lazy\" class=\"alignright wp-image-149674\" src=\"https:\/\/www.enerjigazetesi.ist\/wp-content\/uploads\/2022\/01\/enerji-verimliligi-projeleri-ile-zamlarin-onune-gecmek-mumkun-1.jpg\" alt=\"\" width=\"320\" height=\"259\" srcset=\"https:\/\/www.enerjigazetesi.ist\/wp-content\/uploads\/2022\/01\/enerji-verimliligi-projeleri-ile-zamlarin-onune-gecmek-mumkun-1.jpg 637w, https:\/\/www.enerjigazetesi.ist\/wp-content\/uploads\/2022\/01\/enerji-verimliligi-projeleri-ile-zamlarin-onune-gecmek-mumkun-1-300x243.jpg 300w, https:\/\/www.enerjigazetesi.ist\/wp-content\/uploads\/2022\/01\/enerji-verimliligi-projeleri-ile-zamlarin-onune-gecmek-mumkun-1-495x400.jpg 495w, https:\/\/www.enerjigazetesi.ist\/wp-content\/uploads\/2022\/01\/enerji-verimliligi-projeleri-ile-zamlarin-onune-gecmek-mumkun-1-62x50.jpg 62w, https:\/\/www.enerjigazetesi.ist\/wp-content\/uploads\/2022\/01\/enerji-verimliligi-projeleri-ile-zamlarin-onune-gecmek-mumkun-1-500x404.jpg 500w\" sizes=\"(max-width: 320px) 100vw, 320px\" \/>\u201cISO50001 ENERJ\u0130 Y\u00d6NET\u0130M KAL\u0130TE SERT\u0130F\u0130KASI ALINMALI\u201d<\/strong><\/p>\n<p><strong>ISO50001 Enerji Y\u00f6netim Kalite Y\u00f6netim Sertifikas\u0131<\/strong>&#8216;n\u0131n \u00f6neminden bahseden Karata\u015f, 1000 TEB ve \u00fczeri t\u00fcketim yapmayan kurulu\u015flar\u0131n da mutlaka bu belgeyi almas\u0131 ve personel e\u011fitiminin tamamlanmas\u0131 gerekti\u011fini belirtti. Karata\u015f, konuyla ilgili<span style=\"text-decoration: underline;\"> \u015fu a\u00e7\u0131klamay\u0131 ger\u00e7ekle\u015ftirdi:<\/span> <em>\u201cSanayi kurulu\u015flar\u0131 t\u00fcketti\u011fi enerjiyi y\u00f6netmek istiyorsa \u00f6ncelikle<strong> ISO50001 Enerji Y\u00f6netim Kalite Y\u00f6netim Sertifikas\u0131<\/strong> almas\u0131 gerekiyor.<strong> 1000 TEB<\/strong> ve <strong>\u00fczeri<\/strong> t\u00fcketim ger\u00e7ekle\u015ftiren fabrikalar\u0131n bu sertifikay\u0131 almas\u0131 zorunlu hale getirilmi\u015fti. Ancak t\u00fcketim miktar\u0131ndan ba\u011f\u0131ms\u0131z olarak <strong>enerji maliyetinden \u015fik\u00e2yet eden<\/strong> t\u00fcm kurulu\u015flar <strong>bu belgeyi almal\u0131<\/strong> ve<strong> personel e\u011fitimini<\/strong> tamamlamal\u0131. Bu metodolojiye g\u00f6re enerjisini y\u00f6neterek takip etmeli.\u201d<\/em><\/p>\n<h3><strong>\u201cNEREDE DAHA FAZLA ENERJ\u0130 HARCIYORUM?\u201d<\/strong><\/h3>\n<p><em>\u201cSanayi kurulu\u015flar\u0131n\u0131n enerji t\u00fcketim noktalar\u0131n\u0131 bilmesi gerekti\u011fini ve nerede daha fazla enerji harcad\u0131\u011f\u0131n\u0131 tespit etmesi gerekiyor\u201d diyen Karata\u015f, <strong>enerjinin yo\u011fun<\/strong> olarak harcand\u0131\u011f\u0131 noktalara odaklanmak gerekti\u011finin alt\u0131n\u0131 \u00e7izdi. Konuyu ise bir \u00f6rnekle \u015f\u00f6yle a\u00e7\u0131klad\u0131: \u201cBir sanayi kurulu\u015funda maliyetin <strong>y\u00fczde 75<\/strong>\u2019ini do\u011falgaza, <strong>y\u00fczde 25<\/strong>\u2019ini ise elektri\u011fe harcan\u0131yorsa \u00f6nceli\u011fin <strong>do\u011falgaz t\u00fcketimlerine<\/strong> verilmesi gerekiyor. Do\u011falgaz t\u00fcketimlerinde <strong>alt k\u0131r\u0131l\u0131mlara<\/strong> inerek t\u00fcketim noktalar\u0131n\u0131n de\u011ferlendirilmeye al\u0131nmas\u0131 \u00f6nem arz ediyor. Do\u011falgaz\u0131 daha \u00e7ok f\u0131r\u0131nlara, kazanlara harcayabilirsiniz. Buradaki t\u00fcketimin<strong> y\u00fczde 30<\/strong>\u2019unu<strong> at\u0131k \u0131s\u0131 olu\u015fturuyorsa<\/strong> at\u0131k \u0131s\u0131n\u0131n geri kazand\u0131r\u0131lmas\u0131 gerekiyor. Dolay\u0131s\u0131yla do\u011fru bir \u00e7al\u0131\u015fma prensibi olu\u015fturmak i\u00e7in do\u011fru bir metot belirlenmelidir. Enerji t\u00fcketim noktalar\u0131n\u0131n tespit edilmesi, alt k\u0131r\u0131l\u0131mlara inilmesi, hangi noktalarda nas\u0131l t\u00fcketimlerin yap\u0131ld\u0131\u011f\u0131n\u0131n tespit edilmesi \u00f6nem arz ediyor. \u00c7\u00fcnk\u00fc \u00f6l\u00e7emedi\u011fimiz bir \u015feyi y\u00f6netemeyiz\u201d<\/em> dedi.<\/p>\n<h3><strong>\u201cDANI\u015eMANLIK \u015e\u0130RKETLER\u0130YLE \u00c7\u00d6Z\u00dcM YOLLARI BEL\u0130RLENMEL\u0130\u201d<\/strong><\/h3>\n<p>Sanayi kurulu\u015flar\u0131 i\u00e7in do\u011fru \u00e7\u00f6z\u00fcm yollar\u0131n\u0131n belirlenmesi gerekti\u011finin alt\u0131n\u0131 \u00e7izen Karata\u015f, <strong>Enerji Verimlili\u011fi Dan\u0131\u015fmanl\u0131k (EVD) firmalar\u0131<\/strong>n\u0131n bu konuda hizmet sa\u011flad\u0131\u011f\u0131n\u0131 belirtti. Karata\u015f, <em>\u201cSanayi kurulu\u015flar\u0131n\u0131n yapt\u0131\u011f\u0131 t\u00fcketimleri <strong>grafiksel<\/strong> ve <strong>rakamsal<\/strong> olarak de\u011ferlendirilmesi, azalt\u0131lmas\u0131 gibi konularda teknik tecr\u00fcbesi y\u00fcksek olan dan\u0131\u015fmanl\u0131k firmalar\u0131 hizmet sunuyor. <strong>Dan\u0131\u015fmanl\u0131k firmalar\u0131<\/strong> sundu\u011fu \u00e7\u00f6z\u00fcm yollar\u0131n\u0131n yan\u0131 s\u0131ra hangi<strong> destek<\/strong> ve<strong> te\u015fviklerden<\/strong> yararlanabilece\u011fi konusunda da sanayi kurulu\u015flar\u0131n\u0131 do\u011fru bir \u015fekilde y\u00f6nlendirmektedir. Elde edilen veriler neticesinde de <strong>enerji verimlili\u011fi yol haritas\u0131<\/strong> birlikte ortaya \u00e7\u0131kar\u0131lmaktad\u0131r.<strong> Vat Enerji<\/strong> olarak bug\u00fcne kadar T\u00fcrkiye\u2019nin bir\u00e7ok \u00f6nemli sanayi kurulu\u015funa hizmet sa\u011flad\u0131k ve \u00f6nemli uygulama \u00f6rneklerini hayata ge\u00e7irdik\u201d<\/em> dedi.<\/p>","protected":false},"excerpt":{"rendered":"<p>Sorry, this entry is only available in Turkish. For the sake of viewer convenience, the content is shown below in the alternative language. You may click the link to switch the active language. 2022 y\u0131l\u0131n\u0131n ilk g\u00fcn\u00fc mesken, sanayi ve ticarethane abone gruplar\u0131 i\u00e7in % 52 ile 130 aras\u0131nda de\u011fi\u015fen elektrik zamm\u0131 geldi. \u00d6zellikle sanayi [&hellip;]<\/p>\n","protected":false},"author":1,"featured_media":149675,"comment_status":"open","ping_status":"open","sticky":false,"template":"","format":"standard","meta":[],"categories":[51,53,52],"tags":[657,40807,12,54274,154,909,64197,793],"views":178,"_links":{"self":[{"href":"https:\/\/www.enerjigazetesi.ist\/en\/wp-json\/wp\/v2\/posts\/149672"}],"collection":[{"href":"https:\/\/www.enerjigazetesi.ist\/en\/wp-json\/wp\/v2\/posts"}],"about":[{"href":"https:\/\/www.enerjigazetesi.ist\/en\/wp-json\/wp\/v2\/types\/post"}],"author":[{"embeddable":true,"href":"https:\/\/www.enerjigazetesi.ist\/en\/wp-json\/wp\/v2\/users\/1"}],"replies":[{"embeddable":true,"href":"https:\/\/www.enerjigazetesi.ist\/en\/wp-json\/wp\/v2\/comments?post=149672"}],"version-history":[{"count":0,"href":"https:\/\/www.enerjigazetesi.ist\/en\/wp-json\/wp\/v2\/posts\/149672\/revisions"}],"wp:featuredmedia":[{"embeddable":true,"href":"https:\/\/www.enerjigazetesi.ist\/en\/wp-json\/wp\/v2\/media\/149675"}],"wp:attachment":[{"href":"https:\/\/www.enerjigazetesi.ist\/en\/wp-json\/wp\/v2\/media?parent=149672"}],"wp:term":[{"taxonomy":"category","embeddable":true,"href":"https:\/\/www.enerjigazetesi.ist\/en\/wp-json\/wp\/v2\/categories?post=149672"},{"taxonomy":"post_tag","embeddable":true,"href":"https:\/\/www.enerjigazetesi.ist\/en\/wp-json\/wp\/v2\/tags?post=149672"}],"curies":[{"name":"wp","href":"https:\/\/api.w.org\/{rel}","templated":true}]}}