{"id":149607,"date":"2022-01-19T12:43:42","date_gmt":"2022-01-19T09:43:42","guid":{"rendered":"https:\/\/www.enerjigazetesi.ist\/?p=149607"},"modified":"2022-01-19T12:44:34","modified_gmt":"2022-01-19T09:44:34","slug":"lav-sifir-atik-icin-tum-hazirliklarini-tamamlayarak-belgesini-aldi","status":"publish","type":"post","link":"https:\/\/www.enerjigazetesi.ist\/en\/lav-sifir-atik-icin-tum-hazirliklarini-tamamlayarak-belgesini-aldi\/","title":{"rendered":"(Turkish) LAV &#8216;S\u0131f\u0131r At\u0131k&#8217; \u0130\u00e7in T\u00fcm Haz\u0131rl\u0131klar\u0131n\u0131 Tamamlayarak Belgesi&#8217;ni Ald\u0131"},"content":{"rendered":"<p class=\"qtranxs-available-languages-message qtranxs-available-languages-message-en\">Sorry, this entry is only available in <a href=\"https:\/\/www.enerjigazetesi.ist\/tr\/wp-json\/wp\/v2\/posts\/149607\" class=\"qtranxs-available-language-link qtranxs-available-language-link-tr\" title=\"Turkish\">Turkish<\/a>. For the sake of viewer convenience, the content is shown below in the alternative language. You may click the link to switch the active language.<\/p><p><\/p>\n<h2>LAV, at\u0131k miktar\u0131n\u0131n azalt\u0131lmas\u0131yla \u00e7evre, insan sa\u011fl\u0131\u011f\u0131 ve t\u00fcm kaynaklar\u0131n korunmas\u0131n\u0131 hedefleyen s\u0131f\u0131r at\u0131k yakla\u015f\u0131m\u0131n\u0131 benimseyerek \u00e7al\u0131\u015fmalar\u0131n\u0131 bu anlay\u0131\u015fla \u015fekillendiriyor.<\/h2>\n<p><strong>\u0130sraf\u0131n \u00f6nlenmesi, kaynaklar\u0131n daha verimli kullan\u0131lmas\u0131, at\u0131k olu\u015fum sebepleri<\/strong>nin g\u00f6zden ge\u00e7irilerek at\u0131k olu\u015fumunun engellenmesi veya azalt\u0131lmas\u0131, at\u0131klar\u0131n kayna\u011f\u0131nda <strong>ayr\u0131 toplanmas\u0131<\/strong> ve <strong>geri kazan\u0131m\u0131n\u0131n sa\u011flanmas\u0131<\/strong> olarak tan\u0131mlanan <strong>at\u0131k y\u00f6netim felsefesi<\/strong>, LAV\u2019\u0131n t\u00fcm s\u00fcre\u00e7lerine <img loading=\"lazy\" class=\"alignright wp-image-149609\" src=\"https:\/\/www.enerjigazetesi.ist\/wp-content\/uploads\/2022\/01\/lav-sifir-atik-icin-tum-hazirliklarini-tamamlayarak-belgesini-aldi.jpg\" alt=\"\" width=\"320\" height=\"222\" srcset=\"https:\/\/www.enerjigazetesi.ist\/wp-content\/uploads\/2022\/01\/lav-sifir-atik-icin-tum-hazirliklarini-tamamlayarak-belgesini-aldi.jpg 550w, https:\/\/www.enerjigazetesi.ist\/wp-content\/uploads\/2022\/01\/lav-sifir-atik-icin-tum-hazirliklarini-tamamlayarak-belgesini-aldi-300x208.jpg 300w, https:\/\/www.enerjigazetesi.ist\/wp-content\/uploads\/2022\/01\/lav-sifir-atik-icin-tum-hazirliklarini-tamamlayarak-belgesini-aldi-500x347.jpg 500w, https:\/\/www.enerjigazetesi.ist\/wp-content\/uploads\/2022\/01\/lav-sifir-atik-icin-tum-hazirliklarini-tamamlayarak-belgesini-aldi-72x50.jpg 72w\" sizes=\"(max-width: 320px) 100vw, 320px\" \/>entegre edildi ve bunun sonucunda \u015firket <strong>s\u0131f\u0131r at\u0131k belgesi<\/strong> almaya hak kazand\u0131.<\/p>\n<h3><strong>LAV \u201cS\u0131f\u0131r At\u0131k\u201d i\u00e7in t\u00fcm haz\u0131rl\u0131klar\u0131n\u0131 tamamlad\u0131<\/strong><\/h3>\n<p><strong>S\u0131f\u0131r At\u0131k \u00e7al\u0131\u015fmalar\u0131<\/strong> do\u011frultusunda ilk olarak ihtiya\u00e7lar\u0131n analizi ve temini ger\u00e7ekle\u015ftirildi. Daha sonra e\u011fitim ve bilin\u00e7lendirme faaliyetleriyle \u015firket i\u00e7erisinde s\u0131f\u0131r at\u0131k felsefesi a\u015f\u0131lanmaya \u00e7al\u0131\u015f\u0131ld\u0131. Merkez ve organize fabrikalarda s\u0131f\u0131r at\u0131k konular\u0131n\u0131 da i\u00e7eren \u00e7evre e\u011fitimleri ger\u00e7ekle\u015ftirildi. Temin edilen biriktirme ekipmanlar\u0131 \u00e7al\u0131\u015fanlar\u0131n kolayca ula\u015fabilece\u011fi noktalara yerle\u015ftirildi. <strong>S\u0131f\u0131r At\u0131k Y\u00f6netmeli\u011fi<\/strong> gere\u011fince gerekli bilgilendirme yaz\u0131lar\u0131n\u0131n bulundu\u011fu ve renk skalas\u0131na uygun etiketlemeler ger\u00e7ekle\u015ftirildi. <strong>Evsel at\u0131klar, yemek art\u0131klar\u0131<\/strong>n\u0131n yo\u011fun bulundu\u011fu yemekhanelerde <strong>organik at\u0131k<\/strong> olarak, <strong>geri kazand\u0131r\u0131labilir at\u0131klar<\/strong> ve <strong>plastik at\u0131klar<\/strong> ise cinslerine g\u00f6re ayr\u0131 topland\u0131.<\/p>\n<p>Revirde olu\u015fan <strong>t\u0131bbi at\u0131klar<\/strong> \u00f6zel po\u015fetlerle ayr\u0131 toplanarak <strong>\u00c7evre ve \u015eehircilik Bakanl\u0131\u011f\u0131<\/strong>\u2019ndan <strong>lisansl\u0131 firmalar ile<\/strong> bertaraf\u0131 sa\u011flan\u0131yor. <strong>COVID-19 \u00f6nlemleri<\/strong> i\u00e7in kullan\u0131lan <strong>maske<\/strong> ve <strong>eldiven at\u0131klar\u0131<\/strong> da <strong>kapakl\u0131<\/strong> ve <strong>pedall\u0131 kovalar<\/strong> i\u00e7erisinde ayr\u0131 bir bi\u00e7imde toplan\u0131yor. <strong>At\u0131k pil<\/strong> ve <strong>floresan lambalar<\/strong> <strong>ayr\u0131 at\u0131k kutular\u0131nda<\/strong> biriktiriliyor. Toplanan at\u0131klar, kodlar\u0131na g\u00f6re<strong> ge\u00e7ici at\u0131k depolar\u0131m\u0131zda<\/strong> depolan\u0131yor, daha sonra <strong>\u00c7evre ve \u015eehircilik Bakanl\u0131\u011f\u0131\u2019ndan<\/strong> lisansl\u0131 firmalara <strong>geri d\u00f6n\u00fc\u015f\u00fcm<\/strong> ve <strong>bertaraf i\u015flemleri<\/strong> i\u00e7in g\u00f6nderiliyor. Sonras\u0131nda da <strong>izleme, kay\u0131t tutma<\/strong> ve <strong>iyile\u015ftirme \u00e7al\u0131\u015fmalar\u0131<\/strong> ger\u00e7ekle\u015ftiriliyor. Eksiklikler ile iyile\u015ftirilecek ve geli\u015ftirilecek taraflar tespit ediliyor ve gerekli \u00f6nlemler al\u0131n\u0131yor.<\/p>\n<h3><strong>\u201cG\u00fczel yar\u0131nlar i\u00e7in \u00e7al\u0131\u015fmaya devam edece\u011fiz\u201d<\/strong><\/h3>\n<p>\u015eirketin <strong>S\u0131f\u0131r At\u0131k Belgesi<\/strong> almas\u0131ndan dolay\u0131 b\u00fcy\u00fck bir mutluluk duyduklar\u0131n\u0131 s\u00f6yleyen <em>LAV Genel M\u00fcd\u00fcr\u00fc<\/em> <strong>Tu\u011frul Baran<\/strong>, LAV\u2019\u0131n <strong>s\u0131f\u0131r at\u0131k y\u00f6netimi<\/strong> yakla\u015f\u0131m\u0131yla ilgili \u015funlar\u0131 s\u00f6yledi: <em>\u201cBir d\u00fcnya markas\u0131 olma yolunda emin ad\u0131mlarla ilerleyen bir \u015firket olarak s\u00fcrd\u00fcr\u00fclebilirlik stratejimizde <strong>\u201c\u0130yi bir D\u00fcnya\u201d<\/strong>, <strong>\u201c\u0130yi \u00dcr\u00fcnler\u201d<\/strong> ve <strong>\u201c\u0130yi bir \u015eirket\u201d<\/strong> alanlar\u0131na odakland\u0131k. <strong>S\u0131f\u0131r at\u0131k<\/strong> konusu da bu anlay\u0131\u015f\u0131m\u0131z \u00e7er\u00e7evesinde benimsedi\u011fimiz en \u00f6nemli konular\u0131n ba\u015f\u0131nda geliyor. Bu \u00e7er\u00e7evede <strong>s\u0131f\u0131r at\u0131k y\u00f6netimi<\/strong> i\u00e7in gerekli b\u00fct\u00fcn \u00e7al\u0131\u015fmalar\u0131 ger\u00e7ekle\u015ftirdik, e\u011fitimler d\u00fczenleyerek \u00e7al\u0131\u015fma arkada\u015flar\u0131m\u0131z\u0131 da bu konuda bilin\u00e7lendirdik. Bu \u00e7al\u0131\u015fmalar sonucunda da <strong>s\u0131f\u0131r at\u0131k belgesi<\/strong>ni almaya hak kazand\u0131k. LAV olarak <strong>\u201c\u0130yi Bir D\u00fcnya\u201d<\/strong> i\u00e7in \u00e7al\u0131\u015fmaya ve \u00fcretmeye devam edece\u011fiz.\u201d<\/em><\/p>","protected":false},"excerpt":{"rendered":"<p>Sorry, this entry is only available in Turkish. For the sake of viewer convenience, the content is shown below in the alternative language. You may click the link to switch the active language. LAV, at\u0131k miktar\u0131n\u0131n azalt\u0131lmas\u0131yla \u00e7evre, insan sa\u011fl\u0131\u011f\u0131 ve t\u00fcm kaynaklar\u0131n korunmas\u0131n\u0131 hedefleyen s\u0131f\u0131r at\u0131k yakla\u015f\u0131m\u0131n\u0131 benimseyerek \u00e7al\u0131\u015fmalar\u0131n\u0131 bu anlay\u0131\u015fla \u015fekillendiriyor. \u0130sraf\u0131n \u00f6nlenmesi, [&hellip;]<\/p>\n","protected":false},"author":1,"featured_media":149609,"comment_status":"open","ping_status":"open","sticky":false,"template":"","format":"standard","meta":[],"categories":[53,52],"tags":[100266,2530,10988,100267,53669,44781,53667,1296],"views":169,"_links":{"self":[{"href":"https:\/\/www.enerjigazetesi.ist\/en\/wp-json\/wp\/v2\/posts\/149607"}],"collection":[{"href":"https:\/\/www.enerjigazetesi.ist\/en\/wp-json\/wp\/v2\/posts"}],"about":[{"href":"https:\/\/www.enerjigazetesi.ist\/en\/wp-json\/wp\/v2\/types\/post"}],"author":[{"embeddable":true,"href":"https:\/\/www.enerjigazetesi.ist\/en\/wp-json\/wp\/v2\/users\/1"}],"replies":[{"embeddable":true,"href":"https:\/\/www.enerjigazetesi.ist\/en\/wp-json\/wp\/v2\/comments?post=149607"}],"version-history":[{"count":0,"href":"https:\/\/www.enerjigazetesi.ist\/en\/wp-json\/wp\/v2\/posts\/149607\/revisions"}],"wp:featuredmedia":[{"embeddable":true,"href":"https:\/\/www.enerjigazetesi.ist\/en\/wp-json\/wp\/v2\/media\/149609"}],"wp:attachment":[{"href":"https:\/\/www.enerjigazetesi.ist\/en\/wp-json\/wp\/v2\/media?parent=149607"}],"wp:term":[{"taxonomy":"category","embeddable":true,"href":"https:\/\/www.enerjigazetesi.ist\/en\/wp-json\/wp\/v2\/categories?post=149607"},{"taxonomy":"post_tag","embeddable":true,"href":"https:\/\/www.enerjigazetesi.ist\/en\/wp-json\/wp\/v2\/tags?post=149607"}],"curies":[{"name":"wp","href":"https:\/\/api.w.org\/{rel}","templated":true}]}}