{"id":149441,"date":"2022-01-15T11:52:04","date_gmt":"2022-01-15T08:52:04","guid":{"rendered":"https:\/\/www.enerjigazetesi.ist\/?p=149441"},"modified":"2022-01-15T11:52:04","modified_gmt":"2022-01-15T08:52:04","slug":"5-inci-fikir-maratonunda-gorus-acisi-kamerasi-uygulamasi-1incilik-getirdi","status":"publish","type":"post","link":"https:\/\/www.enerjigazetesi.ist\/en\/5-inci-fikir-maratonunda-gorus-acisi-kamerasi-uygulamasi-1incilik-getirdi\/","title":{"rendered":"(Turkish) 5. Fikir Maratonu&#8217;nda &#8216;G\u00f6r\u00fc\u015f A\u00e7\u0131s\u0131 Kameras\u0131&#8217; Uygulamas\u0131 1&#8217;incilik Getirdi"},"content":{"rendered":"<p class=\"qtranxs-available-languages-message qtranxs-available-languages-message-en\">Sorry, this entry is only available in <a href=\"https:\/\/www.enerjigazetesi.ist\/tr\/wp-json\/wp\/v2\/posts\/149441\" class=\"qtranxs-available-language-link qtranxs-available-language-link-tr\" title=\"Turkish\">Turkish<\/a>. For the sake of viewer convenience, the content is shown below in the alternative language. You may click the link to switch the active language.<\/p><p><\/p>\n<h2>T\u00fcrkiye\u2019nin d\u00f6rt bir yan\u0131nda <strong>225 bini a\u015fk\u0131n<\/strong> \u00e7ocu\u011fa ula\u015fan proje kapsam\u0131nda d\u00fczenlenen online fikir maratonlar\u0131n\u0131n be\u015fincisi <strong>\u201cYapay Zeka \u0130le Engelleri Kald\u0131r\u0131yoruz\u201d <\/strong>temas\u0131yla ger\u00e7ekle\u015ftirildi.<\/h2>\n<p><strong>Lise \u00f6\u011frencilerinin kat\u0131l\u0131m\u0131yla<\/strong> d\u00fczenlenen etkinlikte, kat\u0131l\u0131mc\u0131 tak\u0131mlar <strong>Yapay Zek\u00e2<\/strong>\u2019y\u0131 kullanarak engelli bireylerin hayatlar\u0131n\u0131 kolayla\u015ft\u0131rmak i\u00e7in fikri \u00fcretti. Fikir maratonu s\u00fcrecinde <strong>e\u011fitim<\/strong> ve <img loading=\"lazy\" class=\"alignright wp-image-149443\" src=\"https:\/\/www.enerjigazetesi.ist\/wp-content\/uploads\/2022\/01\/5-inci-fikir-maratonunda-gorus-acisi-kamerasi-uygulamasi-1incilik-getirdi.jpg\" alt=\"\" width=\"320\" height=\"213\" srcset=\"https:\/\/www.enerjigazetesi.ist\/wp-content\/uploads\/2022\/01\/5-inci-fikir-maratonunda-gorus-acisi-kamerasi-uygulamasi-1incilik-getirdi.jpg 550w, https:\/\/www.enerjigazetesi.ist\/wp-content\/uploads\/2022\/01\/5-inci-fikir-maratonunda-gorus-acisi-kamerasi-uygulamasi-1incilik-getirdi-300x200.jpg 300w, https:\/\/www.enerjigazetesi.ist\/wp-content\/uploads\/2022\/01\/5-inci-fikir-maratonunda-gorus-acisi-kamerasi-uygulamasi-1incilik-getirdi-500x333.jpg 500w, https:\/\/www.enerjigazetesi.ist\/wp-content\/uploads\/2022\/01\/5-inci-fikir-maratonunda-gorus-acisi-kamerasi-uygulamasi-1incilik-getirdi-75x50.jpg 75w, https:\/\/www.enerjigazetesi.ist\/wp-content\/uploads\/2022\/01\/5-inci-fikir-maratonunda-gorus-acisi-kamerasi-uygulamasi-1incilik-getirdi-450x300.jpg 450w\" sizes=\"(max-width: 320px) 100vw, 320px\" \/><strong>mentorluk oturumlar\u0131na<\/strong> kat\u0131lan tak\u0131mlar, <strong>5 ayr\u0131<\/strong> mentordan<strong> engellilik fark\u0131ndal\u0131\u011f\u0131<\/strong> \u00fczerine ve <strong>fikirlerini geli\u015ftirmeleri<\/strong> konusunda destek ald\u0131. Fikir maratonu s\u00fcresince <strong>etkili sunum teknikleri<\/strong> ve <strong>kanvas haz\u0131rlama teknikleri e\u011fitimleri<\/strong> de ger\u00e7ekle\u015ftirildi. Toplam <strong>58 \u00f6\u011frencinin<\/strong> <strong>20 tak\u0131m\u00a0<\/strong>halinde<strong>\u00a0<\/strong>ba\u015fvurdu\u011fu <strong>fikir maratonunun<\/strong> finalinde <strong>5 tak\u0131m<\/strong> yar\u0131\u015ft\u0131.<\/p>\n<p>Yar\u0131\u015fmada,<em> Zeynep Kol\u00e7ak ve \u0130clal Ko\u00e7ak\u2019tan<\/em> olu\u015fan <strong>Star Team<\/strong> tak\u0131m\u0131 birinci olurken; Belinay Azra Ayd\u0131n, Aleyna Tellio\u011flu ve Alime Berra Arslan\u2019dan olu\u015fan <strong>Kod Pembesi\u00a0<\/strong>tak\u0131m\u0131 ikinci; Feridun P\u0131narba\u015f\u0131, \u00d6mer Hakim, Samet \u015eeyhanl\u0131o\u011flu ve Taha Yasin Yanmaz\u2019dan olu\u015fan <strong>\u0130lgitech\u00a0<\/strong>tak\u0131m\u0131 ise <strong>3&#8217;\u00fcnc\u00fc<\/strong> oldu.<\/p>\n<p>Fikir maratonunu de\u011ferlendiren\u00a0<strong>T\u00fcrkiye Vodafone Vakf\u0131 Ba\u015fkan\u0131 Hasan S\u00fcel,\u00a0<\/strong><span style=\"text-decoration: underline;\">\u015funlar\u0131 s\u00f6yledi:<strong>\u00a0\u00a0<\/strong><\/span><\/p>\n<p>\u201c<strong>T\u00fcrkiye Vodafone Vakf\u0131<\/strong> ve <strong>Habitat Derne\u011fi<\/strong> olarak, dijital gelece\u011fe haz\u0131r nesiller yeti\u015ftirme hedefiyle<strong> 6 y\u0131l \u00f6nce<\/strong> ba\u015flatt\u0131\u011f\u0131m\u0131z<strong> \u2018Yar\u0131n\u0131 Kodlayanlar\u2019 projesini<\/strong> b\u00fcy\u00fck bir kararl\u0131l\u0131kla s\u00fcrd\u00fcr\u00fcyoruz. Teknolojiyi insanl\u0131\u011f\u0131n iyili\u011fi i\u00e7in, toplumun sosyal bir ihtiyac\u0131na cevap vermek i\u00e7in nas\u0131l kullanabiliriz diye d\u00fc\u015f\u00fcnd\u00fc\u011f\u00fcm\u00fcz bir d\u00f6nemde, dedik ki, biz \u00f6nce <strong>insanlar\u0131n teknoloji okuryazarl\u0131\u011f\u0131n\u0131, teknolojiye olan yatk\u0131nl\u0131\u011f\u0131n\u0131 art\u0131rmak<\/strong> i\u00e7in<strong> bir proje yapal\u0131m<\/strong> ve <strong>\u00e7ocuklardan ba\u015flayal\u0131m.<\/strong> B\u00f6ylece, <strong>A\u011fustos 2016\u2019da<\/strong> Habitat Derne\u011fi i\u015fbirli\u011fiyle <strong>7-14 ya\u015f<\/strong> aras\u0131ndaki \u00e7ocuklar\u0131m\u0131za <strong>dijital d\u00fcnyan\u0131n lisan\u0131 kodlamay\u0131 \u00f6\u011fretmeye<\/strong> ba\u015flad\u0131k. <strong>\u2018Yar\u0131n\u0131 Kodlayanlar\u2019<\/strong> projemizle, t\u00fcketen de\u011fil, \u00fcreten bir neslin yeti\u015fmesine katk\u0131da bulunmak istiyoruz. Bug\u00fcne kadar<strong> 81<\/strong> ilde <strong>225.000&#8217;in<\/strong> \u00fczerinde \u00e7ocu\u011fumuza kodlama \u00f6\u011frettik. \u015eimdi de online fikir maratonlar\u0131yla, \u00e7ocuk ve gen\u00e7lerimizin somut toplumsal sorunlara \u00e7\u00f6z\u00fcm \u00fcretmelerini hedefliyoruz. Be\u015finci fikir maratonumuzda \u00f6\u011frencilerimiz <strong>engelli bireylerin hayatlar\u0131n\u0131 kolayla\u015ft\u0131rmak<\/strong> i\u00e7in \u00e7\u00f6z\u00fcm \u00fcretti. Ba\u015fta dereceye giren \u00f6\u011frencilerimiz olmak \u00fczere t\u00fcm kat\u0131l\u0131mc\u0131lar\u0131m\u0131z\u0131 kutluyoruz.\u201d<\/p>\n<p><strong>Habitat Derne\u011fi Y\u00f6netim Kurulu Ba\u015fkan\u0131 Sezai Haz\u0131r<\/strong>\u00a0ise <span style=\"text-decoration: underline;\">\u015f\u00f6yle konu\u015ftu:<\/span><\/p>\n<p><em>\u201cT\u00fcrkiye Vodafone Vakf\u0131 i\u015f birli\u011fi ile 6 y\u0131l \u00f6nce ba\u015flatt\u0131\u011f\u0131m\u0131z ve T\u00fcrkiye\u2019nin 81 ilinde 225 binden fazla \u00e7ocu\u011fumuzun kodlama e\u011fitimi ile bulu\u015fmas\u0131na vesile olan Yar\u0131n\u0131 Kodlayanlar projemizin kapsam\u0131n\u0131 her ge\u00e7en g\u00fcn art\u0131rman\u0131n hakl\u0131 sevinci ve gururu i\u00e7erisindeyiz. Ge\u00e7ti\u011fimiz s\u00fcre\u00e7 kodlama bilmenin, okuma yazma bilmek kadar \u00f6nemli oldu\u011funu bize g\u00f6sterdi. \u00a0Biz de projemiz ile \u00fclkemizin ya\u015fad\u0131\u011f\u0131 dijital d\u00f6n\u00fc\u015f\u00fcme \u00f6nc\u00fc olan s\u00fcre\u00e7ler geli\u015ftirerek, \u00e7ocuklar\u0131m\u0131z\u0131n, gelece\u011fin dijital d\u00fcnyas\u0131na haz\u0131rlanmas\u0131na katk\u0131 sa\u011flamaktay\u0131z. Projemiz kapsam\u0131nda d\u00fczenledi\u011fimiz <strong>\u201cYapay Zeka ile Engelleri Kald\u0131r\u0131yoruz Fikir Maratonu\u201d<\/strong> ile g\u00fcn\u00fcm\u00fczde sosyal ya\u015fant\u0131lar\u0131nda \u00e7e\u015fitli sorunlarla kar\u015f\u0131la\u015fan engelli bireylerimizin ya\u015fam kalitesini iyile\u015ftirici fikirlerin ortaya \u00e7\u0131kmas\u0131na katk\u0131 sa\u011flad\u0131k. <strong>Yapay zeka teknolojileri<\/strong>nin kullan\u0131ld\u0131\u011f\u0131 ve \u00f6rnek al\u0131nd\u0131\u011f\u0131 fikir maratonunda teknoloji ile engellerin nas\u0131l a\u015f\u0131labilece\u011fini bir kez daha deneyimlemi\u015f olduk. Dereceye girenler ba\u015fta olmak \u00fczere b\u00fct\u00fcn kat\u0131l\u0131mc\u0131lar\u0131m\u0131z\u0131 tebrik ediyor, ba\u015far\u0131lar\u0131n\u0131n devam\u0131n\u0131 diliyorum.\u201d<\/em><\/p>\n<h3><strong>\u201c<\/strong><strong>G\u00f6r\u00fc\u015f A\u00e7\u0131s\u0131 Kameras\u0131<\/strong><strong>\u201d\u00a0<\/strong><strong>uygulamas\u0131 birincilik getirdi<\/strong><\/h3>\n<p><strong>Fikir maratonu&#8217;<\/strong>nda birinci gelen\u00a0<strong>Star Team<\/strong>\u00a0tak\u0131m\u0131n\u0131n geli\u015ftirdi\u011fi <strong>\u201c<\/strong><strong>G\u00f6r\u00fc\u015f A\u00e7\u0131s\u0131 Kameras\u0131<\/strong><strong>\u201d<\/strong> isimli uygulamayla, <strong>g\u00f6rme engelli bireylerin<\/strong> hayatlar\u0131n\u0131n kolayla\u015ft\u0131r\u0131lmas\u0131 ama\u00e7lan\u0131yor. G\u00f6r\u00fc\u015f A\u00e7\u0131s\u0131 Kameras\u0131; <strong>geni\u015f g\u00f6rme alan\u0131na sahip, k\u0131yafete yap\u0131\u015fabilen, tek tu\u015fla a\u00e7\u0131labilen ve Yapay Zek\u00e2\u2019ya ba\u011fl\u0131 \u00e7al\u0131\u015fan<\/strong> bir sisteme dayan\u0131yor. Bu sistem sayesinde uygulama, g\u00f6rme <strong>engelli bireyin \u00e7evresindeki nesneleri alg\u0131l\u0131yor<\/strong> ve bu <strong>nesneleri haf\u0131zas\u0131na<\/strong> kaydediyor. B\u00f6ylece, bireylerin etraflar\u0131ndaki tehlikelerden uzak olup g\u00fcvende kalmalar\u0131 sa\u011flan\u0131yor. Uygulama sayesinde g\u00f6rme engelli bireyler <strong>kameraya yans\u0131tt\u0131klar\u0131 yaz\u0131y\u0131 sesli bir \u015fekilde<\/strong> dinleyebiliyor. <strong>Navigasyon \u00f6zelli\u011fiyle<\/strong> de gitmek istedikleri yere <strong>en do\u011fru<\/strong> ve <strong>g\u00fcvenli<\/strong> \u015fekilde ula\u015f\u0131yorlar.<\/p>\n<h3><strong>225 bini a\u015fk\u0131n \u00e7ocu\u011fa ula\u015f\u0131ld\u0131<\/strong><\/h3>\n<p><strong>\u201cYar\u0131n\u0131 Kodlayanlar\u201d projesi<\/strong>yle, T\u00fcrkiye\u2019nin d\u00f6rt bir yan\u0131nda ya\u015flar\u0131<strong> 7-14<\/strong> aras\u0131nda de\u011fi\u015fen \u00e7ocuklara<strong>\u00a0g\u00f6n\u00fcll\u00fc e\u011fitmenlerin<\/strong> y\u00f6netiminde<strong> programlamaya giri\u015f, algoritma mant\u0131\u011f\u0131, uygulama yapma, hik\u00e2ye olu\u015fturma<\/strong> ve <strong>oyun yapma<\/strong> gibi konularda<strong> teorik<\/strong> ve <strong>uygulamal\u0131 e\u011fitimler<\/strong> veriliyor. E\u011fitimlerde \u00e7ocuklara programlama hakk\u0131nda <strong>fikir sahibi olma, yarat\u0131c\u0131l\u0131klar\u0131n\u0131 ortaya \u00e7\u0131karacak \u00e7al\u0131\u015fmalar yapma, kendi hayal d\u00fcnyalar\u0131n\u0131 olu\u015fturma, kendi oyunlar\u0131n\u0131 \u00fcretme imkan\u0131<\/strong> sunuluyor. Bug\u00fcne kadar <strong>81 ilde 225 bini a\u015fk\u0131n<\/strong> \u00e7ocu\u011fa ula\u015fan proje kapsam\u0131nda 1 y\u0131lda elde edilen toplam sosyal de\u011fer yakla\u015f\u0131k <strong>6,6 milyon TL<\/strong> olurken, projeye yap\u0131lan her<strong>\u00a01 TL\u2019lik<\/strong> yat\u0131r\u0131m <strong>4,4 TL<\/strong> de\u011ferinde sosyal fayda yaratt\u0131.<\/p>","protected":false},"excerpt":{"rendered":"<p>Sorry, this entry is only available in Turkish. For the sake of viewer convenience, the content is shown below in the alternative language. You may click the link to switch the active language. T\u00fcrkiye\u2019nin d\u00f6rt bir yan\u0131nda 225 bini a\u015fk\u0131n \u00e7ocu\u011fa ula\u015fan proje kapsam\u0131nda d\u00fczenlenen online fikir maratonlar\u0131n\u0131n be\u015fincisi \u201cYapay Zeka \u0130le Engelleri Kald\u0131r\u0131yoruz\u201d temas\u0131yla [&hellip;]<\/p>\n","protected":false},"author":1,"featured_media":149443,"comment_status":"open","ping_status":"open","sticky":false,"template":"","format":"standard","meta":[],"categories":[53,157],"tags":[100177,100176,100179,51311,42012,100180,100178,57068,30764,41382,70794],"views":132,"_links":{"self":[{"href":"https:\/\/www.enerjigazetesi.ist\/en\/wp-json\/wp\/v2\/posts\/149441"}],"collection":[{"href":"https:\/\/www.enerjigazetesi.ist\/en\/wp-json\/wp\/v2\/posts"}],"about":[{"href":"https:\/\/www.enerjigazetesi.ist\/en\/wp-json\/wp\/v2\/types\/post"}],"author":[{"embeddable":true,"href":"https:\/\/www.enerjigazetesi.ist\/en\/wp-json\/wp\/v2\/users\/1"}],"replies":[{"embeddable":true,"href":"https:\/\/www.enerjigazetesi.ist\/en\/wp-json\/wp\/v2\/comments?post=149441"}],"version-history":[{"count":0,"href":"https:\/\/www.enerjigazetesi.ist\/en\/wp-json\/wp\/v2\/posts\/149441\/revisions"}],"wp:featuredmedia":[{"embeddable":true,"href":"https:\/\/www.enerjigazetesi.ist\/en\/wp-json\/wp\/v2\/media\/149443"}],"wp:attachment":[{"href":"https:\/\/www.enerjigazetesi.ist\/en\/wp-json\/wp\/v2\/media?parent=149441"}],"wp:term":[{"taxonomy":"category","embeddable":true,"href":"https:\/\/www.enerjigazetesi.ist\/en\/wp-json\/wp\/v2\/categories?post=149441"},{"taxonomy":"post_tag","embeddable":true,"href":"https:\/\/www.enerjigazetesi.ist\/en\/wp-json\/wp\/v2\/tags?post=149441"}],"curies":[{"name":"wp","href":"https:\/\/api.w.org\/{rel}","templated":true}]}}